{"id":668140,"date":"2026-01-16T17:04:14","date_gmt":"2026-01-16T17:04:14","guid":{"rendered":"https:\/\/www.europesays.com\/fr\/668140\/"},"modified":"2026-01-16T17:04:14","modified_gmt":"2026-01-16T17:04:14","slug":"la-russie-a-recrute-plus-de-422-000-soldats-pour-son-armee-en-2025","status":"publish","type":"post","link":"https:\/\/www.europesays.com\/fr\/668140\/","title":{"rendered":"La Russie a recrut\u00e9 plus de 422.000 soldats pour son arm\u00e9e en\u00a02025"},"content":{"rendered":"<p>\u00ab\u00a0422.704 personnes ont sign\u00e9 un contrat de service militaire\u00a0\u00bb, a d\u00e9clar\u00e9 Dmitri Medvedev.\u00a0\u00ab\u00a0Encore 32.000 personnes ont sign\u00e9 un contrat pour le service militaire sur une base volontaire\u00a0\u00bb, a-t-il ajout\u00e9. Le terme est g\u00e9n\u00e9ralement employ\u00e9 pour d\u00e9signer des personnes combattant dans les rangs de groupes paramilitaires.<\/p>\n<p>En\u00a02025, il avait affirm\u00e9 qu\u2019environ 450.000 personnes avaient sign\u00e9 des contrats <a href=\"https:\/\/www.rtbf.be\/article\/guerre-en-ukraine-pres-de-250-000-soldats-russes-morts-en-ukraine-selon-un-responsable-de-l-otan-11528225\" target=\"_blank\" rel=\"noopener\">pour servir dans l\u2019arm\u00e9e russe<\/a>, et qu\u2019encore 40.000 s\u2019\u00e9taient port\u00e9es volontaires pour \u00ab\u00a0l\u2019op\u00e9ration militaire sp\u00e9ciale\u00a0\u00bb en Ukraine entam\u00e9e en f\u00e9vrier\u00a02022.<\/p>\n<p>L\u2019AFP n\u2019est pas en mesure de confirmer ces chiffres avec des sources ind\u00e9pendantes. L\u2019arm\u00e9e russe, qui ne communique pas officiellement sur ses pertes, m\u00e8ne depuis le d\u00e9but de son offensive en Ukraine des campagnes de recrutement agressives. Apr\u00e8s avoir mobilis\u00e9 quelque 300.000 r\u00e9servistes \u00e0 partir de septembre\u00a02022, les autorit\u00e9s russes, malgr\u00e9 des pertes importantes en Ukraine, ont pr\u00e9f\u00e9r\u00e9 \u00e9viter de d\u00e9cr\u00e9ter une nouvelle mobilisation impopulaire et qui avait entra\u00een\u00e9 un exode de Russes \u00e0 l\u2019\u00e9tranger.<\/p>\n","protected":false},"excerpt":{"rendered":"\u00ab\u00a0422.704 personnes ont sign\u00e9 un contrat de service militaire\u00a0\u00bb, a d\u00e9clar\u00e9 Dmitri Medvedev.\u00a0\u00ab\u00a0Encore 32.000 personnes ont sign\u00e9 un&hellip;\n","protected":false},"author":2,"featured_media":668141,"comment_status":"","ping_status":"","sticky":false,"template":"","format":"standard","meta":{"footnotes":""},"categories":[1591],"tags":[11,1887,12,1885,1886,132],"class_list":{"0":"post-668140","1":"post","2":"type-post","3":"status-publish","4":"format-standard","5":"has-post-thumbnail","7":"category-russie","8":"tag-actualites","9":"tag-federation-de-russie","10":"tag-news","11":"tag-russia","12":"tag-russian-federation","13":"tag-russie"},"share_on_mastodon":{"url":"https:\/\/pubeurope.com\/@fr\/115905866197767704","error":""},"_links":{"self":[{"href":"https:\/\/www.europesays.com\/fr\/wp-json\/wp\/v2\/posts\/668140","targetHints":{"allow":["GET"]}}],"collection":[{"href":"https:\/\/www.europesays.com\/fr\/wp-json\/wp\/v2\/posts"}],"about":[{"href":"https:\/\/www.europesays.com\/fr\/wp-json\/wp\/v2\/types\/post"}],"author":[{"embeddable":true,"href":"https:\/\/www.europesays.com\/fr\/wp-json\/wp\/v2\/users\/2"}],"replies":[{"embeddable":true,"href":"https:\/\/www.europesays.com\/fr\/wp-json\/wp\/v2\/comments?post=668140"}],"version-history":[{"count":0,"href":"https:\/\/www.europesays.com\/fr\/wp-json\/wp\/v2\/posts\/668140\/revisions"}],"wp:featuredmedia":[{"embeddable":true,"href":"https:\/\/www.europesays.com\/fr\/wp-json\/wp\/v2\/media\/668141"}],"wp:attachment":[{"href":"https:\/\/www.europesays.com\/fr\/wp-json\/wp\/v2\/media?parent=668140"}],"wp:term":[{"taxonomy":"category","embeddable":true,"href":"https:\/\/www.europesays.com\/fr\/wp-json\/wp\/v2\/categories?post=668140"},{"taxonomy":"post_tag","embeddable":true,"href":"https:\/\/www.europesays.com\/fr\/wp-json\/wp\/v2\/tags?post=668140"}],"curies":[{"name":"wp","href":"https:\/\/api.w.org\/{rel}","templated":true}]}}