{"id":668144,"date":"2026-01-16T17:06:12","date_gmt":"2026-01-16T17:06:12","guid":{"rendered":"https:\/\/www.europesays.com\/fr\/668144\/"},"modified":"2026-01-16T17:06:12","modified_gmt":"2026-01-16T17:06:12","slug":"rapha-devoile-la-collection-team-usa-et-ce-nest-pas-ce-a-quoi-nous-nous-attendions","status":"publish","type":"post","link":"https:\/\/www.europesays.com\/fr\/668144\/","title":{"rendered":"Rapha d\u00e9voile la collection Team USA \u2013 et ce n&rsquo;est pas ce \u00e0 quoi nous nous attendions"},"content":{"rendered":"<p id=\"3a588e9d-45ec-4ae4-babd-fd791696dcb4\">La marque britannique de v\u00eatements de cyclisme Rapha a d\u00e9voil\u00e9 ses premiers mod\u00e8les pour l&rsquo;\u00e9quipe am\u00e9ricaine, et l&rsquo;approche est, en un mot, inattendue.<\/p>\n<p>Oui, les \u00e9toiles et les rayures sont pr\u00e9sentes. Oui, le rouge, le blanc et le bleu restent. Et bien s\u00fbr, la bande du brassard identificatoire de Rapha n&rsquo;est pas perdue dans le design. Mais plut\u00f4t que la palette nette et contrast\u00e9e traditionnellement associ\u00e9e aux kits am\u00e9ricains, Rapha a tout adouci. Le r\u00e9sultat est une interpr\u00e9tation h\u00e2l\u00e9e, presque pastel. Pensez \u00e0 l&rsquo;orange cr\u00e8me au lieu du rouge pompier, au bleu poudr\u00e9 associ\u00e9 au bleu marine et aux blancs cass\u00e9s chauds plut\u00f4t qu&rsquo;au blanc \u00e9clatant. Tout cela est tr\u00e8s californien.<\/p>\n<p>Rapha dit qu&rsquo;il s&rsquo;est inspir\u00e9 d&rsquo;un moment charni\u00e8re de l&rsquo;histoire du cyclisme am\u00e9ricain : les Jeux Olympiques de Los Angeles en 1984. Ici, les cyclistes am\u00e9ricains ont remport\u00e9 neuf m\u00e9dailles, dont la premi\u00e8re \u2013 et jusqu&rsquo;\u00e0 la victoire de Kristen Faulkner \u00e0 Paris, la seule \u2013 m\u00e9daille d&rsquo;or dans la course olympique sur route.<\/p>\n<p>Vous aimerez peut-\u00eatre<\/p>\n<p id=\"cf5df4d3-c161-4625-9364-582b85a040ca\">Mais il ne s\u2019agit en aucun cas d\u2019un kit nostalgique ; il s&rsquo;agit plut\u00f4t d&rsquo;une r\u00e9interpr\u00e9tation moderne de ce que repr\u00e9sentait cette \u00e9poque : la conviction, l&rsquo;ambition et le sentiment que le cyclisme am\u00e9ricain \u00e9tait en plein essor.<\/p>\n<p id=\"cf5df4d3-c161-4625-9364-582b85a040ca-1\">Rapha l&rsquo;appelle une \u00ab exploration futuriste de la riche histoire sportive de la nation \u00bb. Un kit qui \u00ab semble rapide m\u00eame \u00e0 l&rsquo;arr\u00eat, destin\u00e9 \u00e0 refl\u00e9ter l&rsquo;\u00e9nergie explosive d&rsquo;une nouvelle g\u00e9n\u00e9ration de talents am\u00e9ricains \u00bb.<\/p>\n<p>La palette de couleurs plus claires est l\u00e0, en partie, pour des raisons pratiques. Les athl\u00e8tes de USA Cycling ont sp\u00e9cifiquement demand\u00e9 un kit de couleur plus claire pour mieux g\u00e9rer les conditions chaudes, et Rapha a r\u00e9pondu en s&rsquo;appuyant sur ces tons d\u00e9lav\u00e9s et a\u00e9r\u00e9s.<\/p>\n<p>Le partenariat USA Cycling marque un changement pour Rapha. La marque s&rsquo;est \u00e9loign\u00e9e du WorldTour pour 2026 et s&rsquo;est repositionn\u00e9e autour de programmes nationaux, d&rsquo;ambitions olympiques et d&rsquo;un ancrage plus profond sur le march\u00e9 am\u00e9ricain.<\/p>\n<p class=\"newsletter-form__strapline\">Les derniers contenus de course, interviews, fonctionnalit\u00e9s, critiques et guides d&rsquo;achat d&rsquo;experts, directement dans votre bo\u00eete de r\u00e9ception\u00a0!<\/p>\n<p>\u00ab\u00a0Rapha et USA Cycling sont unis par l&rsquo;ambition de construire l&rsquo;\u00e8re la plus transformatrice \u00e0 ce jour pour le sport \u2013 remporter un record de m\u00e9dailles, inciter davantage de personnes \u00e0 faire du v\u00e9lo et attirer de nouveaux fans au cyclisme en Am\u00e9rique et dans le monde\u00a0\u00bb, d\u00e9clare la marque.<\/p>\n<p id=\"d0d97666-eb48-4ef7-98e1-486f9b795dac\">L&rsquo;accord de quatre ans pr\u00e9voit que Rapha \u00e9quipera les athl\u00e8tes olympiques, paralympiques et nationaux de l&rsquo;\u00e9quipe am\u00e9ricaine de 2026 \u00e0 2029, et ainsi emmener la marque dans de nouvelles disciplines, notamment la piste, le BMX Racing et le BMX Freestyle.<\/p>\n<p>Bien s\u00fbr, l&rsquo;esth\u00e9tique n&rsquo;est qu&rsquo;une partie de l&rsquo;\u00e9quation, et Fran Millar, PDG de Rapha, d\u00e9clare que \u00ab rien n&rsquo;a \u00e9t\u00e9 laiss\u00e9 au hasard \u00bb lors de la conception de la tenue de l&rsquo;\u00e9quipe.<\/p>\n<p>Vous aimerez peut-\u00eatre<\/p>\n<p>\u00ab\u00a0Ce kit repr\u00e9sente plus d&rsquo;une d\u00e9cennie de comp\u00e9tition et d&rsquo;innovation de classe mondiale. Lorsque les athl\u00e8tes de USA Cycling se pr\u00e9sentent pour leur pays, ils peuvent prendre le d\u00e9part en toute confiance\u00a0\u00bb, a d\u00e9clar\u00e9 Millar.<\/p>\n<p>\u00ab\u00a0Le coup d&rsquo;envoi pour Los Angeles a \u00e9t\u00e9 tir\u00e9 et il n&rsquo;y a rien de plus puissant pour un sport que des Jeux \u00e0 domicile. L&rsquo;\u00e9nergie, les attentes, l&rsquo;histoire \u2013 Rapha soutiendra le cyclisme am\u00e9ricain pour saisir l&rsquo;opportunit\u00e9 \u00e0 deux mains. \u00ab\u00a0<\/p>\n<p>Du point de vue des performances, USA Cycling mise autant sur la cr\u00e9dibilit\u00e9 technique de Rapha que sur ses qualit\u00e9s de design.<\/p>\n<p>\u00ab\u00a0Travailler avec Rapha va bien au-del\u00e0 de l&rsquo;esth\u00e9tique\u00a0\u00bb, d\u00e9clare Jim Miller, chef des performances sportives d&rsquo;USA Cycling. \u00ab\u00a0Au plus haut niveau de comp\u00e9tition internationale, les moindres d\u00e9tails comptent, et ce partenariat permet de garantir que nos \u00e9quipes sont \u00e9quip\u00e9es pour livrer leurs r\u00e9sultats lorsque cela compte le plus.\u00a0\u00bb<\/p>\n<p>Pour les fans, un kit de r\u00e9pliques et une gamme de produits d\u00e9riv\u00e9s seront disponibles \u00e0 partir du mois prochain.<\/p>\n","protected":false},"excerpt":{"rendered":"La marque britannique de v\u00eatements de cyclisme Rapha a d\u00e9voil\u00e9 ses premiers mod\u00e8les pour l&rsquo;\u00e9quipe am\u00e9ricaine, et l&rsquo;approche&hellip;\n","protected":false},"author":2,"featured_media":668145,"comment_status":"","ping_status":"","sticky":false,"template":"","format":"standard","meta":{"footnotes":""},"categories":[1589],"tags":[11,73,1866,12,1864,1865,1863,308],"class_list":{"0":"post-668144","1":"post","2":"type-post","3":"status-publish","4":"format-standard","5":"has-post-thumbnail","7":"category-etats-unis","8":"tag-actualites","9":"tag-etats-unis","10":"tag-etats-unis-damerique","11":"tag-news","12":"tag-united-states","13":"tag-united-states-of-america","14":"tag-us","15":"tag-usa"},"share_on_mastodon":{"url":"https:\/\/pubeurope.com\/@fr\/115905874130375001","error":""},"_links":{"self":[{"href":"https:\/\/www.europesays.com\/fr\/wp-json\/wp\/v2\/posts\/668144","targetHints":{"allow":["GET"]}}],"collection":[{"href":"https:\/\/www.europesays.com\/fr\/wp-json\/wp\/v2\/posts"}],"about":[{"href":"https:\/\/www.europesays.com\/fr\/wp-json\/wp\/v2\/types\/post"}],"author":[{"embeddable":true,"href":"https:\/\/www.europesays.com\/fr\/wp-json\/wp\/v2\/users\/2"}],"replies":[{"embeddable":true,"href":"https:\/\/www.europesays.com\/fr\/wp-json\/wp\/v2\/comments?post=668144"}],"version-history":[{"count":0,"href":"https:\/\/www.europesays.com\/fr\/wp-json\/wp\/v2\/posts\/668144\/revisions"}],"wp:featuredmedia":[{"embeddable":true,"href":"https:\/\/www.europesays.com\/fr\/wp-json\/wp\/v2\/media\/668145"}],"wp:attachment":[{"href":"https:\/\/www.europesays.com\/fr\/wp-json\/wp\/v2\/media?parent=668144"}],"wp:term":[{"taxonomy":"category","embeddable":true,"href":"https:\/\/www.europesays.com\/fr\/wp-json\/wp\/v2\/categories?post=668144"},{"taxonomy":"post_tag","embeddable":true,"href":"https:\/\/www.europesays.com\/fr\/wp-json\/wp\/v2\/tags?post=668144"}],"curies":[{"name":"wp","href":"https:\/\/api.w.org\/{rel}","templated":true}]}}