{"id":668146,"date":"2026-01-16T17:07:14","date_gmt":"2026-01-16T17:07:14","guid":{"rendered":"https:\/\/www.europesays.com\/fr\/668146\/"},"modified":"2026-01-16T17:07:14","modified_gmt":"2026-01-16T17:07:14","slug":"kate-et-william-ne-sont-pas-dupes","status":"publish","type":"post","link":"https:\/\/www.europesays.com\/fr\/668146\/","title":{"rendered":"Kate et William ne sont pas dupes !"},"content":{"rendered":"<p>                                    <img decoding=\"async\" src=\"https:\/\/www.europesays.com\/fr\/wp-content\/uploads\/2026\/01\/2b33a7ac308cbfd315992e965ad3d87d873b73502cbfff4395583edf9addff6c.jpg\" alt=\"Prince Harry: vie priv\u00e9e, famille, pouvoir\u2026 Ce qu\u2019il faut conna\u00eetre\" class=\"a11y-hidden\" fetchpriority=\"high\"\/><\/p>\n<p class=\"fig-standfirst\">\n    Comme l\u2019estime le journaliste Richard Eden dans les colonnes du Daily Mail, ce 15 janvier, le prince William et Kate Middleton savent qu\u2019en r\u00e9clamant une protection automatique au Royaume-Uni, Harry et Meghan pourraient avoir des id\u00e9es derri\u00e8re la t\u00eate. De quoi possiblement provoquer de nouveaux remous, qu\u2019ils comptent bien \u00e9viter gr\u00e2ce \u00e0 leur nouvelle collaboratrice.<\/p>\n<p class=\"fig-paragraph\">Ce jeudi 15 janvier, dans les colonnes du\u00a0<a href=\"https:\/\/www.dailymail.co.uk\/news\/royals\/article-15466593\/RICHARD-EDEN-plot-William-Kate-crisis-expert-trouble-Harry-Meghan.html\" target=\"_blank\" rel=\"sponsored noopener\" data-gtm-custom-categorie=\"navigation\" data-gtm-custom-action=\"crossclick\" data-gtm-custom-label=\"Contextuel\" data-gtm-event=\"customEventSPE\">Daily Mail<\/a>, le journaliste Richard Eden a r\u00e9agi \u00e0 la d\u00e9cision du prince William d\u2019assurer ses arri\u00e8res en vue notamment de\u00a0<a href=\"https:\/\/www.gala.fr\/royautes\/le-prince-harry-de-retour-a-londres-kate-william-charles-iii-personne-ne-sera-la-pour-l-accueillir-20260115\" target=\"_blank\" data-fig-type=\"Article\" rel=\"sponsored noopener\" data-gtm-custom-categorie=\"navigation\" data-gtm-custom-action=\"crossclick\" data-gtm-custom-label=\"Contextuel\" data-gtm-event=\"customEventSPE\" data-fig-domain=\"GALA\">l\u2019arriv\u00e9e prochaine de son fr\u00e8re\u00a0<\/a>au Royaume-Uni. Pour rappel, r\u00e9cemment, il a \u00e9t\u00e9 r\u00e9v\u00e9l\u00e9 par le Mail on Sunday que le mari de Kate Middleton vient d\u2019engager, avec son \u00e9pouse,\u00a0<a href=\"https:\/\/www.gala.fr\/royautes\/le-prince-harry-de-retour-au-royaume-uni-william-assure-deja-ses-arrieres-20260112\" target=\"_blank\" data-fig-type=\"Article\" rel=\"sponsored noopener\" data-gtm-custom-categorie=\"navigation\" data-gtm-custom-action=\"crossclick\" data-gtm-custom-label=\"Contextuel\" data-gtm-event=\"customEventSPE\" data-fig-domain=\"GALA\">une experte en gestion de crise.<\/a>\u00a0Liza Ravenscroft, de son nom, est une pointure dans son domaine et elle sera donc sollicit\u00e9e par le couple royal pour des conseils en relations publiques, mais aussi pour trouver la meilleure fa\u00e7on d\u2019affronter des situations d\u00e9licates.<a href=\"https:\/\/www.gala.fr\/royautes\/le-prince-william-demuni-face-aux-crises-qui-secouent-la-famille-royale-il-demande-de-l-aide-20260111\" target=\"_blank\" data-fig-type=\"Article\" rel=\"sponsored noopener\" data-gtm-custom-categorie=\"navigation\" data-gtm-custom-action=\"crossclick\" data-gtm-custom-label=\"Contextuel\" data-gtm-event=\"customEventSPE\" data-fig-domain=\"GALA\">\u00a0Cette nouvelle collaboratrice<\/a>\u00a0a \u00e9t\u00e9 engag\u00e9e pile au moment o\u00f9 les m\u00e9dias royaut\u00e9 s\u2019agitent \u00e0 l\u2019id\u00e9e que le prince Harry vienne cet \u00e9t\u00e9 en Angleterre<a href=\"https:\/\/www.gala.fr\/royautes\/meghan-markle-de-retour-au-royaume-uni-pourquoi-kate-middleton-a-du-souci-a-se-faire-20260113\" target=\"_blank\" data-fig-type=\"Article\" rel=\"sponsored noopener\" data-gtm-custom-categorie=\"navigation\" data-gtm-custom-action=\"crossclick\" data-gtm-custom-label=\"Contextuel\" data-gtm-event=\"customEventSPE\" data-fig-domain=\"GALA\">\u00a0en compagnie de Meghan Markle.<\/a><\/p>\n<p class=\"fig-paragraph\">En juillet prochain, le duc de Sussex sera donc \u00e0 Birmingham dans le cadre de l\u2019organisation des Invictus Games, dont il est le cr\u00e9ateur. Si sa s\u00e9curit\u00e9 est assur\u00e9e sur place, son \u00e9pouse sera aussi l\u00e0, et ce sera donc la premi\u00e8re fois en pr\u00e8s de quatre ans que la\u00a0<a href=\"https:\/\/www.gala.fr\/royautes\/le-prince-harry-pere-au-foyer-un-role-qui-le-frustre-c-est-meghan-qui-rapporte-l-argent-20260114\" target=\"_blank\" data-fig-type=\"Article\" rel=\"sponsored noopener\" data-gtm-custom-categorie=\"navigation\" data-gtm-custom-action=\"crossclick\" data-gtm-custom-label=\"Contextuel\" data-gtm-event=\"customEventSPE\" data-fig-domain=\"GALA\">maman d\u2019Archie et de Lilibet<\/a>\u00a0fera le d\u00e9placement. Le Daily Mail s\u2019est donc int\u00e9ress\u00e9 \u00e0 la raison \u00e9tonnante pour laquelle le fr\u00e8re a\u00een\u00e9 d\u2019Harry envisage le pire et cherche \u00e0 \u00eatre accompagn\u00e9 en cas de p\u00e9pin. Car son image n\u2019est pas vraiment menac\u00e9e, celle de son oncle d\u00e9chu Andrew non plus puisqu\u2019il se tient loin des scandales le concernant et sa femme, en r\u00e9mission de son cancer, est toujours adul\u00e9e par les fans de la monarchie. Cette embauche aurait donc \u00e9t\u00e9 d\u00e9cid\u00e9e car Liza Ravenscroft serait comp\u00e9tente en communication, avant toute chose. \u00c0 Kensington Palace, pr\u00e9cisent nos confr\u00e8res, on vante ses qualit\u00e9s professionnelles globales et pas juste sa capacit\u00e9 \u00e0 g\u00e9rer des crises, qu\u2019elles concernent la s\u00e9curit\u00e9, les risques g\u00e9opolitiques, \u00e9thiques ou encore les all\u00e9gations sexuelles.<\/p>\n<p>                                                                <a href=\"#slideshow-header\"><\/p>\n<p class=\"fig-slideshow__title\">\n                    PHOTOS &#8211; Les plus belles photos des Fab Four (le prince William, le prince Harry, Kate Middleton et Meghan Markle)\n                <\/p>\n<p>    <\/a><br \/>\n                                                                <a class=\"fig-a11y-skip\" href=\"#fig-a11y-skip-main-inarticle\" data-module=\"a11y-skip\" data-context=\"was @visible\"><br \/>\n    Passer la publicit\u00e9<br \/>\n<\/a>            <\/p>\n<p>                                                                Un nouveau scandale \u00e0 \u00e9viter avec l\u2019aide de cette collaboratrice\u00a0?<\/p>\n<p class=\"fig-paragraph\">Kate Middleton et le prince William sont r\u00e9alistes. Ils savent que l\u2019\u00e9ventuelle venue du couple Sussex au Royaume-Uni risque de faire des remous, puisque les tourtereaux ne sont pas du genre discrets depuis qu\u2019ils ont quitt\u00e9\u00a0<a href=\"https:\/\/www.gala.fr\/royautes\/prince-harry-la-liste-de-tout-ce-qu-il-a-perdu-et-gagne-depuis-qu-il-a-quitte-la-famille-royale-20260111\" target=\"_blank\" data-fig-type=\"Article\" rel=\"sponsored noopener\" data-gtm-custom-categorie=\"navigation\" data-gtm-custom-action=\"crossclick\" data-gtm-custom-label=\"Contextuel\" data-gtm-event=\"customEventSPE\" data-fig-domain=\"GALA\">leurs fonctions royales en 2020\u00a0<\/a>pour vivre aux \u00c9tats-Unis. Meghan Markle comme le prince Harry avancent de leur c\u00f4t\u00e9, font leur propre business et n\u2019h\u00e9sitent pas \u00e0 dire ce qu\u2019ils pensent tout haut de la monarchie et ce, quitte \u00e0 froisser la famille royale. Autre point important, le prince et la princesse de Galles prennent aussi en compte l\u2019\u00e9ventualit\u00e9 que les rebelles de la Couronne tentent de revenir vivre en Grande-Bretagne. Leur demande d\u2019obtenir une protection polici\u00e8re arm\u00e9e automatique sur place, et donc pay\u00e9e par le contribuable, pose de plus en plus question. Pour y parvenir, le prince Harry peut vraisemblablement compter sur certaines figures de l\u2019ombre et le roi a \u00e9t\u00e9 entra\u00een\u00e9 dans cette affaire. Voil\u00e0 qui pourrait faire couler beaucoup d\u2019encre et le couple de Galles se prot\u00e8ge au mieux, juste en amont et au cas o\u00f9.<\/p>\n<p class=\"fig-paragraph\">Article \u00e9crit avec la collaboration de 6Medias<\/p>\n","protected":false},"excerpt":{"rendered":"Comme l\u2019estime le journaliste Richard Eden dans les colonnes du Daily Mail, ce 15 janvier, le prince William&hellip;\n","protected":false},"author":2,"featured_media":668147,"comment_status":"","ping_status":"","sticky":false,"template":"","format":"standard","meta":{"footnotes":""},"categories":[1588],"tags":[11,2120,1777,674,545,9047,5858,12,8133,473,1853,1851,1850,1852,586,5857],"class_list":{"0":"post-668146","1":"post","2":"type-post","3":"status-publish","4":"format-standard","5":"has-post-thumbnail","7":"category-royaume-uni","8":"tag-actualites","9":"tag-conflit","10":"tag-eu","11":"tag-europe","12":"tag-famille-royale-britannique","13":"tag-harry-dangleterre","14":"tag-kate-middleton","15":"tag-news","16":"tag-retour","17":"tag-royaume-uni","18":"tag-royaume-uni-de-grande-bretagne-et-dirlande-du-nord","19":"tag-uk","20":"tag-united-kingdom","21":"tag-united-kingdom-of-great-britain-and-northern-ireland","22":"tag-voyage","23":"tag-william-dangleterre"},"share_on_mastodon":{"url":"https:\/\/pubeurope.com\/@fr\/115905878069793875","error":""},"_links":{"self":[{"href":"https:\/\/www.europesays.com\/fr\/wp-json\/wp\/v2\/posts\/668146","targetHints":{"allow":["GET"]}}],"collection":[{"href":"https:\/\/www.europesays.com\/fr\/wp-json\/wp\/v2\/posts"}],"about":[{"href":"https:\/\/www.europesays.com\/fr\/wp-json\/wp\/v2\/types\/post"}],"author":[{"embeddable":true,"href":"https:\/\/www.europesays.com\/fr\/wp-json\/wp\/v2\/users\/2"}],"replies":[{"embeddable":true,"href":"https:\/\/www.europesays.com\/fr\/wp-json\/wp\/v2\/comments?post=668146"}],"version-history":[{"count":0,"href":"https:\/\/www.europesays.com\/fr\/wp-json\/wp\/v2\/posts\/668146\/revisions"}],"wp:featuredmedia":[{"embeddable":true,"href":"https:\/\/www.europesays.com\/fr\/wp-json\/wp\/v2\/media\/668147"}],"wp:attachment":[{"href":"https:\/\/www.europesays.com\/fr\/wp-json\/wp\/v2\/media?parent=668146"}],"wp:term":[{"taxonomy":"category","embeddable":true,"href":"https:\/\/www.europesays.com\/fr\/wp-json\/wp\/v2\/categories?post=668146"},{"taxonomy":"post_tag","embeddable":true,"href":"https:\/\/www.europesays.com\/fr\/wp-json\/wp\/v2\/tags?post=668146"}],"curies":[{"name":"wp","href":"https:\/\/api.w.org\/{rel}","templated":true}]}}