{"id":668148,"date":"2026-01-16T17:08:15","date_gmt":"2026-01-16T17:08:15","guid":{"rendered":"https:\/\/www.europesays.com\/fr\/668148\/"},"modified":"2026-01-16T17:08:15","modified_gmt":"2026-01-16T17:08:15","slug":"le-marche-de-loccasion-a-passe-de-justesse-lepreuve-2025","status":"publish","type":"post","link":"https:\/\/www.europesays.com\/fr\/668148\/","title":{"rendered":"le march\u00e9 de l&rsquo;occasion a pass\u00e9 de justesse l&rsquo;\u00e9preuve 2025"},"content":{"rendered":"<p>En d\u00e9passant 6,5 millions de transactions au cumul des douze mois, le march\u00e9 allemand des voitures d&rsquo;occasion est parvenu \u00e0 faire \u00e0 peine mieux qu&rsquo;en 2024. Une tendance croissante qui a davantage profit\u00e9 aux marques import\u00e9es et aux nouvelles motorisations.<\/p>\n<p>Le march\u00e9 allemand des voitures d&rsquo;occasion a repr\u00e9sent\u00e9 plus de 6,5 millions de transactions en 2025. \u00a9Mercedes-Benz<\/p>\n<p>Le <a href=\"https:\/\/journalauto.com\/tag\/marche\/\" target=\"_blank\" rel=\"noopener\">march\u00e9<\/a> des <a href=\"https:\/\/journalauto.com\/tag\/voiture-doccasion\/\" target=\"_blank\" rel=\"noopener\">voitures d&rsquo;occasion<\/a> en <a href=\"https:\/\/journalauto.com\/tag\/allemagne\/\" target=\"_blank\" rel=\"noopener\">Allemagne <\/a>est parvenu \u00e0 cro\u00eetre en 2025. Mais, d&rsquo;apr\u00e8s les statistiques \u00e9dit\u00e9es par les autorit\u00e9s f\u00e9d\u00e9rales, la progression a \u00e9t\u00e9 bien maigre. Au cours des douze mois d&rsquo;activit\u00e9, plus de 6,512 millions de transactions ont \u00e9t\u00e9 comptabilis\u00e9es, soit tout juste 0,5 % de mieux que l&rsquo;ann\u00e9e pr\u00e9c\u00e9dente.<\/p>\n<p>\u00a0<\/p>\n<p>Il s&rsquo;agit tout de m\u00eame de la troisi\u00e8me ann\u00e9e de croissance cons\u00e9cutive pour un march\u00e9 tomb\u00e9 au plus bas en 2022, \u00e0 5,641 millions d&rsquo;unit\u00e9s. Cependant, les ventes de voitures d&rsquo;occasion ne retrouvent toujours pas le rythme d&rsquo;avant-crise, quand le total rapport\u00e9 par l&rsquo;agence f\u00e9d\u00e9rale KBA d\u00e9passait les 7 millions.<\/p>\n<p>\u00a0<\/p>\n<p><img loading=\"lazy\" decoding=\"async\" class=\"alignnone wp-image-234753\" src=\"data:image\/svg+xml,%3Csvg%20xmlns=\" http:=\"\" alt=\"\" width=\"569\" height=\"375\" data-lazy- data-lazy- data-lazy-src=\"https:\/\/www.europesays.com\/fr\/wp-content\/uploads\/2026\/01\/8StLH-historique-des-ventes-de-vo-en-allemagne-1.png\"\/><\/p>\n<p>\u00a0<\/p>\n<p>Les marques locales \u00e0 la peine<\/p>\n<p>\u00a0<\/p>\n<p>Cette ann\u00e9e 2025 n&rsquo;a pas \u00e9t\u00e9 des plus favorables aux marques locales. Certes, Mercedes a gagn\u00e9 3,3 %, \u00e0 685 300 unit\u00e9s, et Volkswagen s&rsquo;est align\u00e9e sur la tendance (+0,5 %, \u00e0 1,338 million unit\u00e9s), mais les autres ont toutes termin\u00e9 dans le rouge. Le cas de BMW illustre le plus cette situation, car la marque \u00e0 l&rsquo;h\u00e9lice a perdu 1,3 %, tombant sous les 530 000 reventes.<\/p>\n<p>\u00a0<\/p>\n<p>Le march\u00e9 allemand doit davantage aux marques import\u00e9es. Comme en France, Toyota a brill\u00e9 (+4 %, \u00e0 155 760 unit\u00e9s), tout comme Dacia (+12,4 %, \u00e0 76 672 unit\u00e9s). Mais \u00e0 des \u00e9chelles sup\u00e9rieures, il faut souligner les performances des deux gammes cousines, Skoda (+2,6 %, \u00e0 286 160 unit\u00e9s) et Seat (+2 %, \u00e0 205 000 unit\u00e9s).<\/p>\n<p>\u00a0<\/p>\n<p><img loading=\"lazy\" decoding=\"async\" class=\"alignnone wp-image-234756\" src=\"data:image\/svg+xml,%3Csvg%20xmlns=\" http:=\"\" alt=\"\" width=\"578\" height=\"1108\" data-lazy- data-lazy- data-lazy-src=\"https:\/\/www.europesays.com\/fr\/wp-content\/uploads\/2026\/01\/UGr89-volume-vo-par-marque-en-2025-.png\"\/><\/p>\n<p>\u00a0<\/p>\n<p>La transition s&rsquo;acc\u00e9l\u00e8re<\/p>\n<p>\u00a0<\/p>\n<p>La transition \u00e9nerg\u00e9tique se confirme. Les voitures \u00e9lectriques, dont les volumes ont soutenu le march\u00e9 des voitures neuves, font aussi le bonheur du march\u00e9 des occasions. D&rsquo;une ann\u00e9e \u00e0 l&rsquo;autre, les reventes ont bondi de 34,1 %, \u00e0 232 000 unit\u00e9s. Cela se double de 721 500 voitures hybrides d&rsquo;occasion (+23,5 %).<\/p>\n<p>\u00a0<\/p>\n<p>\u00a0<\/p>\n<p>Les mod\u00e8les \u00e0 moteurs thermiques ont encore d\u00e9clin\u00e9. Le bilan annuel fait \u00e9tat d&rsquo;un repli de 2,1 % des v\u00e9hicules essence (\u00e0 3,732 millions d&rsquo;unit\u00e9s) et d&rsquo;une contraction de 4,4 % des diesel (\u00e0 1,775 million d&rsquo;unit\u00e9s).<\/p>\n<p>Vous devez activer le javacript et la gestion des cookies pour b\u00e9n\u00e9ficier de toutes les fonctionnalit\u00e9s.<\/p>\n","protected":false},"excerpt":{"rendered":"En d\u00e9passant 6,5 millions de transactions au cumul des douze mois, le march\u00e9 allemand des voitures d&rsquo;occasion est&hellip;\n","protected":false},"author":2,"featured_media":668149,"comment_status":"","ping_status":"","sticky":false,"template":"","format":"standard","meta":{"footnotes":""},"categories":[1587],"tags":[11,672,1804,1805,1803,1777,674,1801,2089,12,1802,11918],"class_list":{"0":"post-668148","1":"post","2":"type-post","3":"status-publish","4":"format-standard","5":"has-post-thumbnail","7":"category-allemagne","8":"tag-actualites","9":"tag-allemagne","10":"tag-bundesrepublik-deutschland","11":"tag-de","12":"tag-deutschland","13":"tag-eu","14":"tag-europe","15":"tag-germany","16":"tag-marche","17":"tag-news","18":"tag-republique-federale-dallemagne","19":"tag-voiture-doccasion"},"share_on_mastodon":{"url":"https:\/\/pubeurope.com\/@fr\/115905881919114785","error":""},"_links":{"self":[{"href":"https:\/\/www.europesays.com\/fr\/wp-json\/wp\/v2\/posts\/668148","targetHints":{"allow":["GET"]}}],"collection":[{"href":"https:\/\/www.europesays.com\/fr\/wp-json\/wp\/v2\/posts"}],"about":[{"href":"https:\/\/www.europesays.com\/fr\/wp-json\/wp\/v2\/types\/post"}],"author":[{"embeddable":true,"href":"https:\/\/www.europesays.com\/fr\/wp-json\/wp\/v2\/users\/2"}],"replies":[{"embeddable":true,"href":"https:\/\/www.europesays.com\/fr\/wp-json\/wp\/v2\/comments?post=668148"}],"version-history":[{"count":0,"href":"https:\/\/www.europesays.com\/fr\/wp-json\/wp\/v2\/posts\/668148\/revisions"}],"wp:featuredmedia":[{"embeddable":true,"href":"https:\/\/www.europesays.com\/fr\/wp-json\/wp\/v2\/media\/668149"}],"wp:attachment":[{"href":"https:\/\/www.europesays.com\/fr\/wp-json\/wp\/v2\/media?parent=668148"}],"wp:term":[{"taxonomy":"category","embeddable":true,"href":"https:\/\/www.europesays.com\/fr\/wp-json\/wp\/v2\/categories?post=668148"},{"taxonomy":"post_tag","embeddable":true,"href":"https:\/\/www.europesays.com\/fr\/wp-json\/wp\/v2\/tags?post=668148"}],"curies":[{"name":"wp","href":"https:\/\/api.w.org\/{rel}","templated":true}]}}