{"id":668163,"date":"2026-01-16T17:21:11","date_gmt":"2026-01-16T17:21:11","guid":{"rendered":"https:\/\/www.europesays.com\/fr\/668163\/"},"modified":"2026-01-16T17:21:11","modified_gmt":"2026-01-16T17:21:11","slug":"decathlon-cma-cgm-devoile-ses-programmes-actualite","status":"publish","type":"post","link":"https:\/\/www.europesays.com\/fr\/668163\/","title":{"rendered":"Decathlon CMA CGM d\u00e9voile ses programmes &#8211; Actualit\u00e9"},"content":{"rendered":"<p style=\"text-align: justify;\">Decathlon CMA CGM d\u00e9voile petit \u00e0 petit le programme qui attend chacun de ses coureurs. Pour Paul Seixas, <strong><a href=\"https:\/\/www.directvelo.com\/actualite\/125719\/lardeche-et-letranger-paul-seixas-connait-son-programme\" target=\"_blank\" rel=\"noopener\">il n&rsquo;y a pas de changement par rapport \u00e0 ce qui avait \u00e9t\u00e9 annonc\u00e9 durant l&rsquo;hiver<\/a><\/strong>, mais ses co\u00e9quipiers, notamment les recrues, connaissent d\u00e9sormais une partie de leur calendrier.<\/p>\n<p style=\"text-align: justify;\"><strong>DES GRIMPEURS QUI PARTAGENT LE G\u00c2TEAU<\/strong><\/p>\n<p>Pour le d\u00e9but de saison, les principaux grimpeurs de l&rsquo;\u00e9quipe vont chacun avoir leur moment pour briller. Felix Gall d\u00e9butera \u00e0 l&rsquo;UAE Tour, Nicolas Prodhomme au Tour Down Under, alors qu&rsquo;Aur\u00e9lien Paret-Peintre et Matthew Riccitello feront cause commune au Tour de la Provence, avant que le Fran\u00e7ais ne s&rsquo;aligne sur Paris-Nice et l&rsquo;Am\u00e9ricain sur le Tour d&rsquo;Algarve, aux c\u00f4t\u00e9s de Paul Seixas.<\/p>\n<p>Ensuite, il faudra cohabiter sur les courses par \u00e9tapes du WorldTour. Paul Seixas a pour rappel \u00e9t\u00e9 annonc\u00e9 au Tour du Pays Basque, o\u00f9 il retrouvera notamment Aur\u00e9lien Paret-Peintre, Matthew Riccitello ou encore Paul Lapeira. \u00c0 Tirreno-Adriatico, Felix Gall aura la place pour s&rsquo;illustrer en montagne, puis il se rendra au Tour de Catalogne avec Matthew Riccitello. Au Tour Auvergne-Rh\u00f4ne-Alpes, nouveau nom du Dauphin\u00e9, ce sont L\u00e9o Bisiaux, Aur\u00e9lien Paret-Peintre et leur co\u00e9quipier am\u00e9ricain qui emm\u00e8neront l&rsquo;\u00e9quipe.<\/p>\n<p><strong>PAS DE LEADER DU CLASSEMENT G\u00c9N\u00c9RAL AU TOUR&#8230; POUR LE MOMENT<\/strong><\/p>\n<p>Decathlon CMA CGM pr\u00e9serve le suspense pour le Tour de France. Une \u00e9ventuelle participation de Paul Seixas changera probablement la tendance actuelle. Car pour le moment, la WorldTeam n&rsquo;a annonc\u00e9 que Daan Hoole et Tiesj Benoot sur la Grande Boucle, mais aucun grimpeur. Felix Gall va privil\u00e9gier le Giro et la Vuelta.\u00a0<\/p>\n<p>En Espagne, L\u00e9o Bisiaux l&rsquo;accompagnera, alors qu&rsquo;en Italie, ce sera Matthew Riccitello. \u00c0 noter qu&rsquo;Aur\u00e9lien Paret-Peintre, Nicolas Prodhomme, et bien s\u00fbr Paul Seixas n&rsquo;ont \u00e9t\u00e9 annonc\u00e9s sur aucun Grand Tour \u00e0 l&rsquo;heure actuelle. Mais en dehors de la montagne, d&rsquo;autres sont d\u00e9j\u00e0 fix\u00e9s sur leur pr\u00e9sence sur un Grand Tour. C&rsquo;est le cas de Tobias Lund Andresen, qui fera partie de la s\u00e9lection au Giro.<\/p>\n<p><strong>DU BEAU MONDE SUR LES CLASSIQUES<\/strong><\/p>\n<p>Au rang des Classiques, Tiesj Benoot, recrue phare de l&rsquo;hiver, aura un programme belge avec l&rsquo;Omloop Het Nieuwsblad, Gand-Wevelgem, le Tour des Flandres avant de bifurquer sur Li\u00e8ge-Bastogne-Li\u00e8ge. Autre leader sur ces courses, Stefan Bissegger participera lui \u00e0 l&rsquo;E3 Saxo Classic, Gand-Wevelgem, le Tour des Flandres et Paris-Roubaix. Daan Hoole pourra lui s&rsquo;exprimer \u00e0 Gand-Wevelgem, au Tour des Flandres, et \u00e0 Paris-Roubaix. Tobias Lund Andresen sera lui pr\u00e9sent \u00e0 A Travers la Flandre. \u00c0 noter qu&rsquo;Olav Kooij, <strong><a href=\"https:\/\/www.directvelo.com\/actualite\/125860\/olav-kooij-plus-quun-sprinteur-pour-decathlon-cma-cgm\" target=\"_blank\" rel=\"noopener\">qui avait d\u00e9j\u00e0 annonc\u00e9 vouloir se concentrer sur les Classiques<\/a><\/strong>, n&rsquo;a pas d\u00e9voil\u00e9 dans le d\u00e9tail son programme \u00e0 cause d&rsquo;un virus qui retarde sa pr\u00e9paration.<\/p>\n<p>Ensuite, les puncheurs pourront s&rsquo;exprimer sur d&rsquo;autres Classiques. Outre Tiesj Benoot \u00e0 Li\u00e8ge, Paul Lapeira et Aur\u00e9lien Paret-Peintre feront le Grand Chelem Amstel-Fl\u00e8che Wallonne-Li\u00e8ge, alors que Paul Seixas ne participera qu&rsquo;aux deux courses belges. Aux Strade Bianche, ce sont Paul Seixas, Paul Lapeira et Nicolas Prodhomme qui poseront leurs roues sur les chemins blancs. \u00c0 Milan-San Remo, Aur\u00e9lien Paret-Peintre a \u00e9t\u00e9 annonc\u00e9.<\/p>\n","protected":false},"excerpt":{"rendered":"Decathlon CMA CGM d\u00e9voile petit \u00e0 petit le programme qui attend chacun de ses coureurs. Pour Paul Seixas,&hellip;\n","protected":false},"author":2,"featured_media":668164,"comment_status":"","ping_status":"","sticky":false,"template":"","format":"standard","meta":{"footnotes":""},"categories":[1411],"tags":[834,828,836,829,837,827,83,826,824,823,1154,207,814,817,815,816,822,821,832,211,839,1011,27,820,818,819,835,831,830,833,838,60,212,208,825],"class_list":{"0":"post-668163","1":"post","2":"type-post","3":"status-publish","4":"format-standard","5":"has-post-thumbnail","7":"category-cyclisme","8":"tag-attaque","9":"tag-belgique","10":"tag-braquet","11":"tag-bretagne","12":"tag-chute","13":"tag-competition","14":"tag-coupe-de-france","15":"tag-coureur","16":"tag-course-cyclisme","17":"tag-course-cycliste","18":"tag-cycling","19":"tag-cyclisme","20":"tag-direct","21":"tag-direct-velo","22":"tag-directvelo","23":"tag-directvelo-com","24":"tag-epreuve","25":"tag-epreuve-cycliste","26":"tag-federation-francaise-de-cyclisme","27":"tag-ffc","28":"tag-flandres","29":"tag-fr","30":"tag-france","31":"tag-live","32":"tag-live-course","33":"tag-live-epreuve","34":"tag-peloton","35":"tag-radio-peloton","36":"tag-radio-tour","37":"tag-ravitaillement","38":"tag-relance","39":"tag-sports","40":"tag-uci","41":"tag-velo","42":"tag-velos"},"share_on_mastodon":{"url":"https:\/\/pubeurope.com\/@fr\/115905933089920364","error":""},"_links":{"self":[{"href":"https:\/\/www.europesays.com\/fr\/wp-json\/wp\/v2\/posts\/668163","targetHints":{"allow":["GET"]}}],"collection":[{"href":"https:\/\/www.europesays.com\/fr\/wp-json\/wp\/v2\/posts"}],"about":[{"href":"https:\/\/www.europesays.com\/fr\/wp-json\/wp\/v2\/types\/post"}],"author":[{"embeddable":true,"href":"https:\/\/www.europesays.com\/fr\/wp-json\/wp\/v2\/users\/2"}],"replies":[{"embeddable":true,"href":"https:\/\/www.europesays.com\/fr\/wp-json\/wp\/v2\/comments?post=668163"}],"version-history":[{"count":0,"href":"https:\/\/www.europesays.com\/fr\/wp-json\/wp\/v2\/posts\/668163\/revisions"}],"wp:featuredmedia":[{"embeddable":true,"href":"https:\/\/www.europesays.com\/fr\/wp-json\/wp\/v2\/media\/668164"}],"wp:attachment":[{"href":"https:\/\/www.europesays.com\/fr\/wp-json\/wp\/v2\/media?parent=668163"}],"wp:term":[{"taxonomy":"category","embeddable":true,"href":"https:\/\/www.europesays.com\/fr\/wp-json\/wp\/v2\/categories?post=668163"},{"taxonomy":"post_tag","embeddable":true,"href":"https:\/\/www.europesays.com\/fr\/wp-json\/wp\/v2\/tags?post=668163"}],"curies":[{"name":"wp","href":"https:\/\/api.w.org\/{rel}","templated":true}]}}