{"id":668177,"date":"2026-01-16T17:29:11","date_gmt":"2026-01-16T17:29:11","guid":{"rendered":"https:\/\/www.europesays.com\/fr\/668177\/"},"modified":"2026-01-16T17:29:11","modified_gmt":"2026-01-16T17:29:11","slug":"un-essai-clinique-arrete-en-guinee-bissau-apres-avoir-provoque-lindignation-des-scientifiques","status":"publish","type":"post","link":"https:\/\/www.europesays.com\/fr\/668177\/","title":{"rendered":"un essai clinique arr\u00eat\u00e9 en\u00a0Guin\u00e9e-Bissau apr\u00e8s avoir provoqu\u00e9 l\u2019indignation des scientifiques"},"content":{"rendered":"<p>                     <img loading=\"lazy\" decoding=\"async\" src=\"https:\/\/www.europesays.com\/fr\/wp-content\/uploads\/2026\/01\/4f4fdf2_upload-1-roaa1zpqh2vq-gettyimages-2235461271.jpg\" alt=\"Un vaccin contre l\u2019h\u00e9patite\u00a0B \u00e0 Atlanta, en G\u00e9orgie (Etats-Unis), le 29\u00a0septembre 2023.\"   width=\"664\" height=\"443\"\/>    Un vaccin contre l\u2019h\u00e9patite\u00a0B \u00e0 Atlanta, en G\u00e9orgie (Etats-Unis), le 29\u00a0septembre 2023.  ALYSSA POINTER \/ \u00ab\u00a0THE WASHINGTON POST\u00a0\u00bb \/ GETTY IMAGES                 <\/p>\n<p class=\"article__paragraph  \">Victoire de la communaut\u00e9 scientifique ou simple contretemps\u00a0? Un essai clinique financ\u00e9 par les Etats-Unis en Guin\u00e9e-Bissau et jug\u00e9 non \u00e9thique par de nombreux scientifiques a \u00e9t\u00e9 mis \u00e0 l\u2019arr\u00eat, a fait savoir, jeudi 15\u00a0janvier, Yap Boum, haut responsable de l\u2019Africa CDC, l\u2019agence de sant\u00e9 publique de l\u2019Union africaine.<\/p>\n<p class=\"article__paragraph  \">\u00ab\u00a0La mani\u00e8re dont l\u2019\u00e9tude avait \u00e9t\u00e9 con\u00e7ue posait un d\u00e9fi de taille, a-t-il d\u00e9clar\u00e9 lors d\u2019une conf\u00e9rence de presse. Nous sommes donc heureux que l\u2019\u00e9tude soit annul\u00e9e \u00e0 ce stade.\u00a0\u00bb<\/p>\n<p class=\"article__paragraph  \">Mais les discussions sont toujours en cours entre les autorit\u00e9s sanitaires am\u00e9ricaines et bissau-guin\u00e9ennes pour faire aboutir un essai clinique recherchant d\u2019\u00e9ventuels effets collat\u00e9raux du vaccin contre l\u2019h\u00e9patite\u00a0B administr\u00e9 \u00e0 la naissance. Il s\u2019agit d\u2019un vaccin dont l\u2019efficacit\u00e9 et la s\u00e9curit\u00e9 ont \u00e9t\u00e9 prouv\u00e9es de longue date, mais que le ministre de la sant\u00e9 am\u00e9ricain, Robert Francis Kennedy Jr, <a target=\"_blank\" href=\"https:\/\/www.lemonde.fr\/planete\/article\/2026\/01\/08\/vaccins-en-reduisant-la-liste-des-obligations-les-americains-s-exposent-ils-a-des-risques-sanitaires_6661026_3244.html\" rel=\"noopener\">a fait retirer, au d\u00e9but de\u00a0janvier, de la liste des vaccins recommand\u00e9s<\/a>.<\/p>\n<p>           Mesurer des \u00ab\u00a0effets non sp\u00e9cifiques\u00a0\u00bb           <\/p>\n<p class=\"article__paragraph  \">Pour comprendre les enjeux de cette annulation, il faut revenir \u00e0 la mi-d\u00e9cembre, lorsque <a target=\"_blank\" href=\"https:\/\/public-inspection.federalregister.gov\/2025-23245.pdf\" rel=\"noopener\" title=\"Nouvelle fen\u00eatre\">le minist\u00e8re de la sant\u00e9 am\u00e9ricain a fait savoir<\/a> qu\u2019il allait financer \u00e0 hauteur de 1,6\u00a0million de dollars (1,3\u00a0millions d\u2019euros) une \u00e9tude clinique men\u00e9e par le Bandim Health Project, une \u00e9quipe de chercheurs danois rattach\u00e9s \u00e0 l\u2019universit\u00e9 de Danemark du Sud.<\/p>\n<p class=\"reading-mode-only \"><strong>Il vous reste 74.53% de cet article \u00e0 lire. La suite est r\u00e9serv\u00e9e aux abonn\u00e9s.<\/strong><\/p>\n","protected":false},"excerpt":{"rendered":"Un vaccin contre l\u2019h\u00e9patite\u00a0B \u00e0 Atlanta, en G\u00e9orgie (Etats-Unis), le 29\u00a0septembre 2023. ALYSSA POINTER \/ \u00ab\u00a0THE WASHINGTON POST\u00a0\u00bb&hellip;\n","protected":false},"author":2,"featured_media":668178,"comment_status":"","ping_status":"","sticky":false,"template":"","format":"standard","meta":{"footnotes":""},"categories":[10],"tags":[1011,27,72,71],"class_list":{"0":"post-668177","1":"post","2":"type-post","3":"status-publish","4":"format-standard","5":"has-post-thumbnail","7":"category-sante","8":"tag-fr","9":"tag-france","10":"tag-health","11":"tag-sante"},"share_on_mastodon":{"url":"https:\/\/pubeurope.com\/@fr\/115905964576345770","error":""},"_links":{"self":[{"href":"https:\/\/www.europesays.com\/fr\/wp-json\/wp\/v2\/posts\/668177","targetHints":{"allow":["GET"]}}],"collection":[{"href":"https:\/\/www.europesays.com\/fr\/wp-json\/wp\/v2\/posts"}],"about":[{"href":"https:\/\/www.europesays.com\/fr\/wp-json\/wp\/v2\/types\/post"}],"author":[{"embeddable":true,"href":"https:\/\/www.europesays.com\/fr\/wp-json\/wp\/v2\/users\/2"}],"replies":[{"embeddable":true,"href":"https:\/\/www.europesays.com\/fr\/wp-json\/wp\/v2\/comments?post=668177"}],"version-history":[{"count":0,"href":"https:\/\/www.europesays.com\/fr\/wp-json\/wp\/v2\/posts\/668177\/revisions"}],"wp:featuredmedia":[{"embeddable":true,"href":"https:\/\/www.europesays.com\/fr\/wp-json\/wp\/v2\/media\/668178"}],"wp:attachment":[{"href":"https:\/\/www.europesays.com\/fr\/wp-json\/wp\/v2\/media?parent=668177"}],"wp:term":[{"taxonomy":"category","embeddable":true,"href":"https:\/\/www.europesays.com\/fr\/wp-json\/wp\/v2\/categories?post=668177"},{"taxonomy":"post_tag","embeddable":true,"href":"https:\/\/www.europesays.com\/fr\/wp-json\/wp\/v2\/tags?post=668177"}],"curies":[{"name":"wp","href":"https:\/\/api.w.org\/{rel}","templated":true}]}}