{"id":668195,"date":"2026-01-16T17:38:27","date_gmt":"2026-01-16T17:38:27","guid":{"rendered":"https:\/\/www.europesays.com\/fr\/668195\/"},"modified":"2026-01-16T17:38:27","modified_gmt":"2026-01-16T17:38:27","slug":"le-groupe-de-lasse-avec-plusieurs-retours-pour-recevoir-clermont","status":"publish","type":"post","link":"https:\/\/www.europesays.com\/fr\/668195\/","title":{"rendered":"Le groupe de l&rsquo;ASSE avec plusieurs retours pour recevoir Clermont"},"content":{"rendered":"<p>L&rsquo;AS Saint-\u00c9tienne vient de d\u00e9voiler le groupe de 18 joueurs pour la r\u00e9ception de Clermont demain soir, 20h55, au stade Geoffroy-Guichard dans le cadre de la 19\u00e8me journ\u00e9e du championnat de France de Ligue 2.\u00a0<\/p>\n<p>En conf\u00e9rence de presse d&rsquo;avant-match hier, <strong>Eirik Horneland<\/strong> donnait des nouvelles de ses troupes et n&rsquo;annon\u00e7ait pas que du positif, loin de l\u00e0 : \u00ab\u00a0Maxime Bernauer est out pour longtemps \u00e0 cause de son m\u00e9nisque, le plus probable c\u2019est que sa saison soit termin\u00e9e. Lassana Traor\u00e9 a aussi quelques probl\u00e8mes aux quadriceps. C\u2019est certainement une fin de saison pour lui aussi. Joao Ferreira et Joshua Duffus ne sont pas de retour, peut-\u00eatre la semaine prochaine pour les deux, on l\u2019esp\u00e8re. Irvin Cardona a re\u00e7u un coup sur son genou droit mardi, on va checker. Il a manqu\u00e9 la s\u00e9ance d\u2019hier, on verra demain si on peut compter sur lui ce week-end. Lucas Stassin \u00e9tait malade et il a repris aujourd\u2019hui. Djylian N\u2019Guessan \u00e9tait malade aussi. Zuriko Davitashvili est out \u00e9galement, peut-\u00eatre pour le match suivant \u00e9galement. Ebenezer Annan est quant \u00e0 lui de retour. (&#8230;) C\u2019est une p\u00e9riode compliqu\u00e9e, avec le long forfait de Max&rsquo; qui est bien-s\u00fbr une mauvaise nouvelle. Joshua (Duffus) et Joao (Ferreira) ne sont pas encore pr\u00eats mais on se rapproche d\u2019un retour les concernant. On a quand m\u00eame le retour d\u2019Annan ce week-end et Zuriko (Davitashvili) est actuellement en train de courir sur le terrain. Dans les bonnes nouvelles aussi, on a le retour de Lamba qui avait jou\u00e9 avec la r\u00e9serve et contre Auxerre en amical. \u00c7a fait partie des bonnes nouvelles. Dans les bonnes nouvelles il y a aussi le fait que Moueffek a fait 30 minutes contre Auxerre, on pourra compter sur lui cette semaine. On enregistre aussi les retours de Mahmoud Jaber et d&rsquo;Augustine Boakye qui ont manqu\u00e9 tous les deux le match contre le Mans car suspendus et qui ont jou\u00e9 contre Auxerre, ce sont aussi des bonnes nouvelles.\u00a0\u00bb<\/p>\n<p>Finalement, plus de peur que de mal pour Irvin Cardona et Lucas Stassin qui sont tous les deux dans le groupe. Ebenezer Annan est bien de retour, en revanche, comme pr\u00e9vu, pas de Joshua Duffus ni de Joao Ferreira qui sont esp\u00e9r\u00e9s pour la semaine prochaine. Malade aussi cette semaine, Djylian N&rsquo;Guessan est lui aussi absent.\u00a0<\/p>\n<p><strong>Le groupe de l\u2019ASSE pour la r\u00e9ception de Clermont :<\/strong><\/p>\n<ul>\n<li>Gardiens : Larsonneur et Maubleu<\/li>\n<li>D\u00e9fenseurs : Appiah, Lamba, Nad\u00e9, Pedro, Annan<\/li>\n<li>Milieux de terrain : Eymard, Gadegbeku, Miladinovic, Moueffek, Tardieu, Jaber<\/li>\n<li>Attaquants : Cardona, Boakye, El Jamali, Old, Stassin<\/li>\n<\/ul>\n<blockquote class=\"twitter-tweet\">\n<p dir=\"ltr\" lang=\"fr\">\ud83d\udc65 Les 18 Verts convoqu\u00e9s pour <a href=\"https:\/\/twitter.com\/hashtag\/ASSECF63?src=hash&amp;ref_src=twsrc%5Etfw\" target=\"_blank\" rel=\"noopener\">#ASSECF63<\/a> !<\/p>\n<p>\u00c0 demain, 20h55, \u00e0 GG ! \ud83d\udc4a\ud83d\udc9a <a href=\"https:\/\/t.co\/GjUpC4vIzD\">pic.twitter.com\/GjUpC4vIzD<\/a><\/p>\n<p>\u2014 AS Saint-\u00c9tienne (@ASSEofficiel) <a href=\"https:\/\/twitter.com\/ASSEofficiel\/status\/2012208227815952737?ref_src=twsrc%5Etfw\" target=\"_blank\" rel=\"noopener\">January 16, 2026<\/a><\/p><\/blockquote>\n<p>                  <a href=\"https:\/\/media.unibet.fr\/redirect.aspx?pid=274690&amp;bid=4442 \" target=\"_blank\" rel=\"noopener\"><img decoding=\"async\" src=\"https:\/\/www.europesays.com\/fr\/wp-content\/uploads\/2026\/01\/EVECT10_560x100_V2.gif\" class=\"img-fluid\" alt=\"Pariez sur l'ASSE avec Unibet et b\u00e9n\u00e9ficiez de 10\u20ac gratuit avec le code Evect\" style=\"max-width: auto !important;margin-left: 0 !important;width: 100%;\"\/><\/a><\/p>\n<p>                         <script async src=\"https:\/\/platform.twitter.com\/widgets.js\" charset=\"utf-8\"><\/script><\/p>\n","protected":false},"excerpt":{"rendered":"L&rsquo;AS Saint-\u00c9tienne vient de d\u00e9voiler le groupe de 18 joueurs pour la r\u00e9ception de Clermont demain soir, 20h55,&hellip;\n","protected":false},"author":2,"featured_media":665530,"comment_status":"","ping_status":"","sticky":false,"template":"","format":"standard","meta":{"footnotes":""},"categories":[9653],"tags":[1111,11,2430,1777,674,1011,27,12,25,4001],"class_list":{"0":"post-668195","1":"post","2":"type-post","3":"status-publish","4":"format-standard","5":"has-post-thumbnail","7":"category-saint-etienne","8":"tag-actu","9":"tag-actualites","10":"tag-auvergne-rhone-alpes","11":"tag-eu","12":"tag-europe","13":"tag-fr","14":"tag-france","15":"tag-news","16":"tag-republique-francaise","17":"tag-saint-etienne"},"share_on_mastodon":{"url":"https:\/\/pubeurope.com\/@fr\/115906000023105243","error":""},"_links":{"self":[{"href":"https:\/\/www.europesays.com\/fr\/wp-json\/wp\/v2\/posts\/668195","targetHints":{"allow":["GET"]}}],"collection":[{"href":"https:\/\/www.europesays.com\/fr\/wp-json\/wp\/v2\/posts"}],"about":[{"href":"https:\/\/www.europesays.com\/fr\/wp-json\/wp\/v2\/types\/post"}],"author":[{"embeddable":true,"href":"https:\/\/www.europesays.com\/fr\/wp-json\/wp\/v2\/users\/2"}],"replies":[{"embeddable":true,"href":"https:\/\/www.europesays.com\/fr\/wp-json\/wp\/v2\/comments?post=668195"}],"version-history":[{"count":0,"href":"https:\/\/www.europesays.com\/fr\/wp-json\/wp\/v2\/posts\/668195\/revisions"}],"wp:featuredmedia":[{"embeddable":true,"href":"https:\/\/www.europesays.com\/fr\/wp-json\/wp\/v2\/media\/665530"}],"wp:attachment":[{"href":"https:\/\/www.europesays.com\/fr\/wp-json\/wp\/v2\/media?parent=668195"}],"wp:term":[{"taxonomy":"category","embeddable":true,"href":"https:\/\/www.europesays.com\/fr\/wp-json\/wp\/v2\/categories?post=668195"},{"taxonomy":"post_tag","embeddable":true,"href":"https:\/\/www.europesays.com\/fr\/wp-json\/wp\/v2\/tags?post=668195"}],"curies":[{"name":"wp","href":"https:\/\/api.w.org\/{rel}","templated":true}]}}