{"id":668197,"date":"2026-01-16T17:40:11","date_gmt":"2026-01-16T17:40:11","guid":{"rendered":"https:\/\/www.europesays.com\/fr\/668197\/"},"modified":"2026-01-16T17:40:11","modified_gmt":"2026-01-16T17:40:11","slug":"100-sluc-la-quotidienne-sluc-nancy-boulazac-briser-la-spirale-negative-a-jean-weille","status":"publish","type":"post","link":"https:\/\/www.europesays.com\/fr\/668197\/","title":{"rendered":"100% SLUC, la quotidienne. SLUC Nancy \u2013 Boulazac\u00a0: briser la spirale n\u00e9gative \u00e0 Jean Weille"},"content":{"rendered":"<p>Dos au mur apr\u00e8s quatre revers de rang, le SLUC Nancy (11e) retrouve son parquet de Jean Weille ce vendredi soir (20h30). Face \u00e0 un concurrent direct, Boulazac (12e), les Couguars doivent imp\u00e9rativement r\u00e9agir pour briser la spirale n\u00e9gative avant un p\u00e9rilleux voyage \u00e0 Bourg-en-Bresse.<\/p>\n<p>L\u2019heure est \u00e0 la mobilisation g\u00e9n\u00e9rale dans l&rsquo;antre des Couguars. Si le SLUC Nancy dispose d&rsquo;un matelas de s\u00e9curit\u00e9 suffisant pour ne pas craindre le spectre de la rel\u00e9gation, l\u2019enjeu de cette r\u00e9ception d\u00e9passe le simple cadre comptable. Onzi\u00e8mes au\u00a0<a target=\"_blank\" rel=\"nofollow noopener noreferrer\" class=\"IciLink ici-link IciArticleLink g-ici-body-regular-1 underline brand svelte-1chfe2s\" href=\"https:\/\/www.google.com\/search?q=sluc+nancy#sie=t;\/m\/09dt60;3;\/m\/05ys_0;st;fp;1;;;;-1\">classement<\/a>, les Nanc\u00e9iens voient souffler dans leur cou les joueurs de Boulazac, actuels douzi\u00e8mes, pour un duel de milieu de tableau qu&rsquo;il faut bien n\u00e9gocier.<\/p>\n<p>Apr\u00e8s une s\u00e9rie noire de quatre d\u00e9faites cons\u00e9cutives, les hommes de Sylvain Lauti\u00e9 doivent imp\u00e9rativement retrouver le go\u00fbt de la victoire. L&rsquo;objectif est double\u00a0: reprendre confiance avant d&rsquo;aller d\u00e9fier Bourg-en-Bresse, mais surtout honorer leur public. Les supporters lorrains, toujours fid\u00e8les au poste \u00e0 Jean Weille, attendent une prestation de caract\u00e8re. Laurent Pilloni et ses d\u00e9batteurs y reviennent dans 100% SLUC.<\/p>\n<p>\u00c0 lire aussi   <img decoding=\"async\" src=\"https:\/\/www.europesays.com\/fr\/wp-content\/uploads\/2026\/01\/1768585211_214_400x400.jpeg\" alt=\"\" style=\"--_image-preview:url('data:image\/jpeg;base64,\/9j\/2wBDACgcHiMeGSgjISMtKygwPGRBPDc3PHtYXUlkkYCZlo+AjIqgtObDoKrarYqMyP\/L2u71\/\/\/\/m8H\/\/\/\/6\/+b9\/\/j\/2wBDASstLTw1PHZBQXb4pYyl+Pj4+Pj4+Pj4+Pj4+Pj4+Pj4+Pj4+Pj4+Pj4+Pj4+Pj4+Pj4+Pj4+Pj4+Pj4+Pj4+Pj\/wAARCAAXACoDASIAAhEBAxEB\/8QAGAABAQEBAQAAAAAAAAAAAAAAAgADAQT\/xAAXEAEBAQEAAAAAAAAAAAAAAAAAAREC\/8QAFgEBAQEAAAAAAAAAAAAAAAAAAgEA\/8QAFhEBAQEAAAAAAAAAAAAAAAAAAAER\/9oADAMBAAIRAxEAPwDxx3FCkYhwby2wbEXGFg416g4o40hxJqUJypCbPoUlCv\/Z');\" loading=\"lazy\" fetchpriority=\"low\" aria-hidden=\"true\" class=\"svelte-1cksh76 rounded\" onload=\"this.__e=event\" onerror=\"this.__e=event\"\/><\/p>\n","protected":false},"excerpt":{"rendered":"Dos au mur apr\u00e8s quatre revers de rang, le SLUC Nancy (11e) retrouve son parquet de Jean Weille&hellip;\n","protected":false},"author":2,"featured_media":668198,"comment_status":"","ping_status":"","sticky":false,"template":"","format":"standard","meta":{"footnotes":""},"categories":[9635],"tags":[1111,11,1777,674,1011,27,775,1702,12,25],"class_list":{"0":"post-668197","1":"post","2":"type-post","3":"status-publish","4":"format-standard","5":"has-post-thumbnail","7":"category-nancy","8":"tag-actu","9":"tag-actualites","10":"tag-eu","11":"tag-europe","12":"tag-fr","13":"tag-france","14":"tag-grand-est","15":"tag-nancy","16":"tag-news","17":"tag-republique-francaise"},"share_on_mastodon":{"url":"https:\/\/pubeurope.com\/@fr\/115906007784760724","error":""},"_links":{"self":[{"href":"https:\/\/www.europesays.com\/fr\/wp-json\/wp\/v2\/posts\/668197","targetHints":{"allow":["GET"]}}],"collection":[{"href":"https:\/\/www.europesays.com\/fr\/wp-json\/wp\/v2\/posts"}],"about":[{"href":"https:\/\/www.europesays.com\/fr\/wp-json\/wp\/v2\/types\/post"}],"author":[{"embeddable":true,"href":"https:\/\/www.europesays.com\/fr\/wp-json\/wp\/v2\/users\/2"}],"replies":[{"embeddable":true,"href":"https:\/\/www.europesays.com\/fr\/wp-json\/wp\/v2\/comments?post=668197"}],"version-history":[{"count":0,"href":"https:\/\/www.europesays.com\/fr\/wp-json\/wp\/v2\/posts\/668197\/revisions"}],"wp:featuredmedia":[{"embeddable":true,"href":"https:\/\/www.europesays.com\/fr\/wp-json\/wp\/v2\/media\/668198"}],"wp:attachment":[{"href":"https:\/\/www.europesays.com\/fr\/wp-json\/wp\/v2\/media?parent=668197"}],"wp:term":[{"taxonomy":"category","embeddable":true,"href":"https:\/\/www.europesays.com\/fr\/wp-json\/wp\/v2\/categories?post=668197"},{"taxonomy":"post_tag","embeddable":true,"href":"https:\/\/www.europesays.com\/fr\/wp-json\/wp\/v2\/tags?post=668197"}],"curies":[{"name":"wp","href":"https:\/\/api.w.org\/{rel}","templated":true}]}}