{"id":668199,"date":"2026-01-16T17:41:11","date_gmt":"2026-01-16T17:41:11","guid":{"rendered":"https:\/\/www.europesays.com\/fr\/668199\/"},"modified":"2026-01-16T17:41:11","modified_gmt":"2026-01-16T17:41:11","slug":"le-candidat-michel-bonnus-devoile-ses-grands-projets-pour-toulon","status":"publish","type":"post","link":"https:\/\/www.europesays.com\/fr\/668199\/","title":{"rendered":"Le candidat Michel Bonnus d\u00e9voile ses grands projets pour Toulon"},"content":{"rendered":"<p class=\"fs-5 \">Un th\u00e9 noir avec une cuill\u00e8re de miel et une bo\u00eete de parac\u00e9tamol pos\u00e9s sur le bureau de sa permanence.<\/p>\n<p class=\"fs-5 \">\u00c0 la veille de son <strong>deuxi\u00e8me meeting de campagne<\/strong> (1), o\u00f9 il sera seul \u00e0 prendre la parole sur sc\u00e8ne, Michel Bonnus doit s\u2019accommoder d\u2019un mal de gorge, ce vendredi matin.<\/p>\n<p class=\"fs-5 \">Pas de quoi arr\u00eater celui qui a combattu un cancer du pancr\u00e9as. Devant lui, une pile de fiches qui d\u00e9taillent sa vision de Toulon, s\u2019il est \u00e9lu maire en mars prochain.<\/p>\n<p>        <img src=\"https:\/\/www.europesays.com\/fr\/wp-content\/uploads\/2026\/01\/1768585271_878_9ddc2b5_upload-from-url-1-imnv5e7t7sfe-data-art-16935550.jpg\"   loading=\"lazy\" decoding=\"async\" alt=\"Manu Diaz et Michel Bonnus ont entra\u00een\u00e9 le RCT ensemble pendant deux saisons en deuxi\u00e8me division, de 2000\u00a0\u00e0 2002\u00a0. Photo G\u00e9rard Raynaud&#10;\" class=\"img-fluid position-absolute w-100 object-fit-cover rounded-2\" width=\"600\" height=\"400\"\/><\/p>\n<p class=\"fs-5 \">Un projet sur lequel il planche depuis plus d\u2019un an avec son \u00e9quipe, via des commissions et 83 r\u00e9unions chez l\u2019habitant.<\/p>\n<p class=\"fs-5 \">Avec parfois des changements d\u2019avis en cours de route.<\/p>\n<p class=\"fs-5 \">En avant-premi\u00e8re, <strong>le s\u00e9nateur LR varois, <a href=\"https:\/\/www.nicematin.com\/societe\/politique\/le-plus-dur-est-a-venir-michel-bonnus-lance-sa-campagne-pour-les-municipales-a-toulon-1002014\" target=\"_blank\" rel=\"noopener\">soutenu par Hubert Falco<\/a><\/strong> (emp\u00each\u00e9 de se repr\u00e9senter apr\u00e8s sa condamnation) mais qui aura \u00e0 affronter l\u2019actuelle maire Jos\u00e9e Massi, en d\u00e9voile cinq grandes lignes.<\/p>\n<p>                                                                                Un casino au bord de l\u2019eau<\/p>\n<p class=\"fs-5 \">Michel Bonnus voit grand avec <strong>la transformation du littoral de Toulon<\/strong>, esp\u00e9r\u00e9e par Hubert Falco, mais jamais r\u00e9alis\u00e9e.<\/p>\n<p class=\"fs-5 \">Lui parle \u00ab de Mayol \u00e0 l\u2019anse des pins \u00bb, avec un casino, un centre des congr\u00e8s (qui remplacerait le Palais Neptune), une cit\u00e9 des sciences et de la mer ou encore l\u2019ancien sous-marin nucl\u00e9aire d\u2019attaque Casabianca transform\u00e9 en mus\u00e9e ainsi qu\u2019un h\u00f4tel de prestige et thalasso.<\/p>\n<p class=\"fs-5 \">Mais aussi des terrains de padel, un parcours de sant\u00e9 et la r\u00e9ouverture de La Plage en un lieu festif.<\/p>\n<p>                                                                                Un grand h\u00f4tel de police<\/p>\n<p class=\"fs-5 \">L\u2019emplacement est d\u00e9j\u00e0 choisi : <strong>le champ de Mars<\/strong>, \u00e0 proximit\u00e9 de la fac de droit.<\/p>\n<p class=\"fs-5 \">Michel Bonnus souhaite <strong>y accueillir un grand h\u00f4tel de police<\/strong>, r\u00e9unissant forces nationales et agents municipaux, \u00e0 l\u2019instar de Nice.<\/p>\n<p class=\"fs-5 \">Le candidat LR envisage \u00e9galement de d\u00e9velopper la vid\u00e9osurveillance, avec des cam\u00e9ras mobiles et l\u2019utilisation de l\u2019IA.<\/p>\n<p class=\"fs-5 \">Tout comme <strong>la cr\u00e9ation d\u2019un \u00eelotier au Pont-du-Las et \u00e0 Saint-Jean-du-Var <\/strong>et du retour d\u2019une brigade cynophile pour \u00ab suivre les flux \u00bb jusqu\u2019\u00e0 deux heures du matin.<\/p>\n<p class=\"fs-5 \">Sans pour autant gonfler les effectifs.<\/p>\n<p class=\"fs-5 \">\u00ab Connaissant la difficult\u00e9 \u00e0 recruter, on va continuer \u00e0 engager dix policiers par an \u00bb, pr\u00e9cise-t-il, tout en chiffrant le co\u00fbt de toute nouvelle recrue \u00e0 70.000 euros annuels.<\/p>\n<p>                                                                                Le BHNS plut\u00f4t que le tramway<\/p>\n<p class=\"fs-5 \">Lanc\u00e9 sous Hubert Falco puis retard\u00e9, le projet d\u2019un r\u00e9seau de bus \u00e0 haut niveau de service sera poursuivi en cas de victoire de Michel Bonnus.<\/p>\n<p class=\"fs-5 \">Avec en t\u00eate les 40 millions promis par l\u2019\u00c9tat, celui-ci ne veut \u00ab pas tout remettre en question \u00bb et \u00ab avancer \u00bb alors que \u00ab la mobilit\u00e9 repr\u00e9sente un frein \u00e0 l\u2019emploi \u00bb.<\/p>\n<p class=\"fs-5 \">Il renonce donc \u00e0 l\u2019\u00e9ventualit\u00e9 d\u2019un tramway, du moins \u00e0 court terme. \u00ab Trop fig\u00e9 \u00bb, selon lui.<\/p>\n<p class=\"fs-5 \">Et anticipe d\u2019indemniser les commer\u00e7ants l\u00e9s\u00e9s par les travaux.<\/p>\n<p>                                                                                Le stade Mayol reste \u00e0 Mayol<\/p>\n<p class=\"fs-5 \">Contrairement au souhait du pr\u00e9sident du RCT Bernard Lemaitre pour qui la construction d\u2019un nouveau stade est \u00ab in\u00e9luctable \u00bb, <strong>le s\u00e9nateur varois compte conserver le stade Mayol<\/strong> \u00ab qui appartient \u00e0 tous les Toulonnais \u00bb, l\u00e0 o\u00f9 il est.<\/p>\n<p class=\"fs-5 \">En pr\u00e9voyant une modernisation, notamment \u00ab la couverture des tribunes Finale et Delangre \u00bb et \u00ab le d\u00e9veloppement des espaces partenaires pour optimiser l\u2019hospitalit\u00e9 \u00bb.<\/p>\n<p class=\"fs-5 \">\u00ab On va tout faire pour que tout le monde s\u2019y retrouve \u00bb, insiste Michel Bonnus, citant l\u2019exemple \u00e0 Paris du stade Jean-Bouin, qui accueille une \u00e9quipe de rugby (le Stade Fran\u00e7ais) et une de foot (le Paris FC).<\/p>\n<p class=\"fs-5 \"><strong>L\u2019ancien joueur et entra\u00eeneur du RCT<\/strong> ne croyant pas \u00e0 la faisabilit\u00e9 d\u2019un nouveau stade de 20.000 places du c\u00f4t\u00e9 de la Tour royale, \u00ab trop proche de terrains militaires \u00bb.<\/p>\n<p>                                                                                Dans le Top 20 des villes universitaires<\/p>\n<p class=\"fs-5 \">En six ans, Michel Bonnus <strong>veut quasiment doubler le nombre d\u2019\u00e9tudiants \u00e0 Toulon<\/strong> pour atteindre les 20.000.<\/p>\n<p class=\"fs-5 \">Il vise particuli\u00e8rement les fili\u00e8res des m\u00e9tiers en tension et compte sur l\u2019implantation pr\u00e9vue en 2027 du Coll\u00e8ge des sciences navales.<\/p>\n<p class=\"fs-5 \">Il pr\u00e9voit en parall\u00e8le <strong>la cr\u00e9ation de 180 <\/strong>logements \u00e9tudiants \u00e0 la Rode, dans l\u2019ancien si\u00e8ge de la CAF.<\/p>\n<p class=\"fs-5 \">Autre envie : en plus d\u2019un bus \u00ab Mon m\u00e9decin pr\u00e8s de chez toi \u00bb et la cr\u00e9ation de deux maisons des aidants, il mise sur la cr\u00e9ation d\u2019une \u00ab Maison des internes \u00bb \u00e0 Sainte-Musse afin de \u00ab se donner les moyens de cr\u00e9er un site d\u2019enseignement universitaire de m\u00e9decine \u00bb.<\/p>\n<p class=\"fs-5 \">1. Palais des congr\u00e8s Neptune, ce samedi \u00e0 10h30. Entr\u00e9e libre.<\/p>\n","protected":false},"excerpt":{"rendered":"Un th\u00e9 noir avec une cuill\u00e8re de miel et une bo\u00eete de parac\u00e9tamol pos\u00e9s sur le bureau de&hellip;\n","protected":false},"author":2,"featured_media":668200,"comment_status":"","ping_status":"","sticky":false,"template":"","format":"standard","meta":{"footnotes":""},"categories":[9619],"tags":[1111,11,1777,674,1011,27,3434,12,882,25,2310],"class_list":{"0":"post-668199","1":"post","2":"type-post","3":"status-publish","4":"format-standard","5":"has-post-thumbnail","7":"category-toulon","8":"tag-actu","9":"tag-actualites","10":"tag-eu","11":"tag-europe","12":"tag-fr","13":"tag-france","14":"tag-municipales-2026","15":"tag-news","16":"tag-provence-alpes-cote-dazur","17":"tag-republique-francaise","18":"tag-toulon"},"share_on_mastodon":{"url":"https:\/\/pubeurope.com\/@fr\/115906011708546787","error":""},"_links":{"self":[{"href":"https:\/\/www.europesays.com\/fr\/wp-json\/wp\/v2\/posts\/668199","targetHints":{"allow":["GET"]}}],"collection":[{"href":"https:\/\/www.europesays.com\/fr\/wp-json\/wp\/v2\/posts"}],"about":[{"href":"https:\/\/www.europesays.com\/fr\/wp-json\/wp\/v2\/types\/post"}],"author":[{"embeddable":true,"href":"https:\/\/www.europesays.com\/fr\/wp-json\/wp\/v2\/users\/2"}],"replies":[{"embeddable":true,"href":"https:\/\/www.europesays.com\/fr\/wp-json\/wp\/v2\/comments?post=668199"}],"version-history":[{"count":0,"href":"https:\/\/www.europesays.com\/fr\/wp-json\/wp\/v2\/posts\/668199\/revisions"}],"wp:featuredmedia":[{"embeddable":true,"href":"https:\/\/www.europesays.com\/fr\/wp-json\/wp\/v2\/media\/668200"}],"wp:attachment":[{"href":"https:\/\/www.europesays.com\/fr\/wp-json\/wp\/v2\/media?parent=668199"}],"wp:term":[{"taxonomy":"category","embeddable":true,"href":"https:\/\/www.europesays.com\/fr\/wp-json\/wp\/v2\/categories?post=668199"},{"taxonomy":"post_tag","embeddable":true,"href":"https:\/\/www.europesays.com\/fr\/wp-json\/wp\/v2\/tags?post=668199"}],"curies":[{"name":"wp","href":"https:\/\/api.w.org\/{rel}","templated":true}]}}