{"id":668203,"date":"2026-01-16T17:43:11","date_gmt":"2026-01-16T17:43:11","guid":{"rendered":"https:\/\/www.europesays.com\/fr\/668203\/"},"modified":"2026-01-16T17:43:11","modified_gmt":"2026-01-16T17:43:11","slug":"greve-des-medecins-liberaux-35-aux-urgences-du-chu-de-montpellier-16-000-appels-au-samu-15-hopitaux-en-plan-blanc-ou-en-tension","status":"publish","type":"post","link":"https:\/\/www.europesays.com\/fr\/668203\/","title":{"rendered":"Gr\u00e8ve des m\u00e9decins lib\u00e9raux\u00a0: +\u00a035\u00a0% aux urgences du CHU de Montpellier, 16\u00a0000 appels au Samu, 15 h\u00f4pitaux en plan blanc ou en tension"},"content":{"rendered":"<p>\n                                                                Les dix jours de gr\u00e8ve des m\u00e9decins lib\u00e9raux, engag\u00e9es dans un bras de fer avec le gouvernement, ont occasionn\u00e9 de fortes tensions sur l\u2019h\u00f4pital public. En Occitanie, de nombreux \u00e9tablissements ont ressenti un impact direct du mouvement. \u00ab\u00a0Les h\u00f4pitaux publics d\u2019Occitanie tiennent le cap\u00a0\u00bb, annonce la d\u00e9l\u00e9gation r\u00e9gionale de la FHF, F\u00e9d\u00e9ration hospitali\u00e8re de France.\n                            <\/p>\n<p>Les annonces de la ministre de la Sant\u00e9 St\u00e9phanie Rist, qui renonce notamment\u00a0\u00e0 sanctionner les prescriptions jug\u00e9es excessives d\u2019arr\u00eats maladie, n\u2019ont pas encore fait bouger les lignes. \u00ab\u00a0\u00c0 ce jour, l\u2019activit\u00e9 demeure \u00e9lev\u00e9e et ne montre pas de d\u00e9croissance imm\u00e9diate\u00a0\u00bb, indique la d\u00e9l\u00e9gation r\u00e9gionale de la FHF, la F\u00e9d\u00e9ration hospitali\u00e8re de France, dans un communiqu\u00e9 publi\u00e9 ce vendredi 16\u00a0janvier.<\/p>\n<p>Engag\u00e9e le 5\u00a0d\u00e9cembre dernier, la gr\u00e8ve des m\u00e9decins lib\u00e9raux, relay\u00e9s cette semaine par les chirurgiens, anesth\u00e9sistes, obst\u00e9triciens du priv\u00e9, a mis une \u00ab\u00a0pression exceptionnelle\u00a0\u00bb sur l\u2019h\u00f4pital public.<\/p>\n<p>\u00ab\u00a0Selon une enqu\u00eate men\u00e9e par la FHF Occitanie, au moins 15 \u00e9tablissements hospitaliers majeurs de la r\u00e9gion (sur 24 r\u00e9pondants) ont activ\u00e9 leur plan h\u00f4pital en tension ou leur plan blanc. Sont notamment concern\u00e9s les CHU de N\u00eemes, Montpellier et Toulouse, ainsi que les centres hospitaliers de B\u00e9ziers, S\u00e8te, Albi, Tarbes-Lourdes et Perpignan. Ces dispositifs exceptionnels ont permis l\u2019activation progressive des diff\u00e9rents niveaux de tension, avec ouverture de lits en m\u00e9decine et\/ou en chirurgie lorsque n\u00e9cessaire pour absorber le flux de patients\u00a0\u00bb, d\u00e9taille la FHF Occitanie.<\/p>\n<p>Chirurgie orthop\u00e9dique et gyn\u00e9cologie obst\u00e9trique en premi\u00e8re ligne<\/p>\n<p>La hausse d\u2019activit\u00e9 a \u00e9t\u00e9 particuli\u00e8rement marqu\u00e9e aux urgences, dans le contexte d\u2019\u00e9pid\u00e9mies hivernales qui p\u00e8se d\u00e9j\u00e0 sur les services. Elle a aussi occasionn\u00e9 une \u00ab\u00a0pression exceptionnelle sur certaines sp\u00e9cialit\u00e9s\u00a0\u00bb, \u00ab\u00a0en particulier la chirurgie orthop\u00e9dique et la gyn\u00e9cologie obst\u00e9trique\u00a0\u00bb.<\/p>\n<p>Cons\u00e9quence\u00a0: \u00ab\u00a0Une sollicitation accrue de l\u2019h\u00f4pital public sur plusieurs territoires, notamment en Haute-Garonne, dans l\u2019H\u00e9rault, le Gard, le Tarn et les Pyr\u00e9n\u00e9es-Orientales\u00a0\u00bb.<\/p>\n<p>Aux urgences, un \u00ab\u00a0pic r\u00e9gional d\u2019activit\u00e9\u00a0\u00bb a \u00e9t\u00e9 enregistr\u00e9 le 12\u00a0janvier, \u00ab\u00a0avec pr\u00e8s de 4\u00a0300 passages aux urgences publiques sur l\u2019ensemble de l\u2019Occitanie en une seule journ\u00e9e, soit une augmentation d\u2019au moins 20\u00a0% par rapport au lundi pr\u00e9c\u00e9dent\u00a0\u00bb. 541 passages aux urgences ont \u00e9t\u00e9 enregistr\u00e9s ce jour-l\u00e0 au CHU de Toulouse, +\u00a030\u00a0% par rapport \u00e0 la moyenne \u00e0 la m\u00eame p\u00e9riode, qui \u00ab\u00a0a d\u00fb ouvrir des lits suppl\u00e9mentaires notamment en maternit\u00e9 pour accueillir les accouchements sur le territoire de la m\u00e9tropole\u00a0\u00bb.<\/p>\n<p>\u00c0 Montpellier, ce m\u00eame 12\u00a0janvier, 493 passages sont enregistr\u00e9s aux urgences adultes et p\u00e9diatriques \u00ab\u00a0contre environ 350 en temps normal\u00a0\u00bb. La hausse est particuli\u00e8rement sensible pour les personnes \u00e2g\u00e9es\u00a0: +\u00a060\u00a0% pour les plus de 75 ans. Le Samu a re\u00e7u \u00ab\u00a016\u00a0000 appels sur les dix derniers jours\u00a0\u00bb.<\/p>\n<p>Aux urgences de B\u00e9ziers, c\u2019est +\u00a025\u00a0% de passages aux urgences.<\/p>\n<p>\u00ab\u00a0Les soignants ont multipli\u00e9 les heures suppl\u00e9mentaires\u00a0\u00bb<\/p>\n<p>Les directeurs d\u2019\u00e9tablissements t\u00e9moignent \u00e0 la FHF de l\u2019investissement de leurs \u00e9quipes\u00a0: \u00ab\u00a0Les urgentistes, les anesth\u00e9sistes, tous les soignants sont rest\u00e9s \u00e0 leur poste et n\u2019ont pas h\u00e9sit\u00e9 \u00e0 multiplier les heures suppl\u00e9mentaires pour s\u2019assurer que les soins \u00e0 la population \u00e9taient assur\u00e9s\u00a0\u00bb, indique l\u2019un d\u2019eux.<\/p>\n<p>\u00ab\u00a0Des professionnels de jour se sont relay\u00e9s la nuit pour maintenir l\u2019activit\u00e9 de st\u00e9rilisation des instruments chirurgicaux, y compris via des coop\u00e9rations avec d\u2019autres \u00e9tablissements, afin d\u2019\u00e9viter les d\u00e9programmations\u00a0\u00bb, pr\u00e9cise un autre.<\/p>\n<p>Ouverture de lits suppl\u00e9mentaires, engagement des professionnels au-del\u00e0 de leurs missions, mobilisation renforc\u00e9e des \u00e9quipes m\u00e9dicales, soignantes, administratives, techniques\u2026 \u00ab\u00a0l\u2019h\u00f4pital public a tenu bon\u00a0\u00bb, se f\u00e9licite la FHF.<\/p>\n","protected":false},"excerpt":{"rendered":"Les dix jours de gr\u00e8ve des m\u00e9decins lib\u00e9raux, engag\u00e9es dans un bras de fer avec le gouvernement, ont&hellip;\n","protected":false},"author":2,"featured_media":668204,"comment_status":"","ping_status":"","sticky":false,"template":"","format":"standard","meta":{"footnotes":""},"categories":[9599],"tags":[1111,11,1777,674,1011,27,2208,12,2680,25,8755],"class_list":{"0":"post-668203","1":"post","2":"type-post","3":"status-publish","4":"format-standard","5":"has-post-thumbnail","7":"category-montpellier","8":"tag-actu","9":"tag-actualites","10":"tag-eu","11":"tag-europe","12":"tag-fr","13":"tag-france","14":"tag-montpellier","15":"tag-news","16":"tag-occitanie","17":"tag-republique-francaise","18":"tag-santu00e9"},"share_on_mastodon":{"url":"https:\/\/pubeurope.com\/@fr\/115906019673318784","error":""},"_links":{"self":[{"href":"https:\/\/www.europesays.com\/fr\/wp-json\/wp\/v2\/posts\/668203","targetHints":{"allow":["GET"]}}],"collection":[{"href":"https:\/\/www.europesays.com\/fr\/wp-json\/wp\/v2\/posts"}],"about":[{"href":"https:\/\/www.europesays.com\/fr\/wp-json\/wp\/v2\/types\/post"}],"author":[{"embeddable":true,"href":"https:\/\/www.europesays.com\/fr\/wp-json\/wp\/v2\/users\/2"}],"replies":[{"embeddable":true,"href":"https:\/\/www.europesays.com\/fr\/wp-json\/wp\/v2\/comments?post=668203"}],"version-history":[{"count":0,"href":"https:\/\/www.europesays.com\/fr\/wp-json\/wp\/v2\/posts\/668203\/revisions"}],"wp:featuredmedia":[{"embeddable":true,"href":"https:\/\/www.europesays.com\/fr\/wp-json\/wp\/v2\/media\/668204"}],"wp:attachment":[{"href":"https:\/\/www.europesays.com\/fr\/wp-json\/wp\/v2\/media?parent=668203"}],"wp:term":[{"taxonomy":"category","embeddable":true,"href":"https:\/\/www.europesays.com\/fr\/wp-json\/wp\/v2\/categories?post=668203"},{"taxonomy":"post_tag","embeddable":true,"href":"https:\/\/www.europesays.com\/fr\/wp-json\/wp\/v2\/tags?post=668203"}],"curies":[{"name":"wp","href":"https:\/\/api.w.org\/{rel}","templated":true}]}}