{"id":668209,"date":"2026-01-16T17:46:13","date_gmt":"2026-01-16T17:46:13","guid":{"rendered":"https:\/\/www.europesays.com\/fr\/668209\/"},"modified":"2026-01-16T17:46:13","modified_gmt":"2026-01-16T17:46:13","slug":"interview-handball-avant-tourlaville-rouen-en-coupe-de-france-ce-match-ne-presente-strictement-aucun-interet","status":"publish","type":"post","link":"https:\/\/www.europesays.com\/fr\/668209\/","title":{"rendered":"Interview. Handball. Avant Tourlaville &#8211; Rouen en Coupe de France : \u00ab Ce match ne pr\u00e9sente strictement aucun int\u00e9r\u00eat \u00bb"},"content":{"rendered":"<p>                    Par<br \/>\n        <strong><br \/>\n            <a href=\"https:\/\/actu.fr\/auteur\/a-rey\" title=\"Consulter tous les articles de Aur\u00e9lien Rey\" target=\"_blank\" rel=\"noopener\">Aur\u00e9lien Rey<\/a><br \/>\n                    <\/strong><\/p>\n<p>        Publi\u00e9 le<\/p>\n<p>            16 janv. 2026 \u00e0 17h49        <\/p>\n<p>Le CL Tourlaville (N2) re\u00e7oit Rouen (N1) pour le 3e tour de la <b>Coupe de France f\u00e9d\u00e9rale<\/b>, le<b> samedi 17\u00a0janvier 202<\/b>6 (19\u2009h). Un <b>match <\/b>qui n\u2019arrange pas<b> l\u2019entra\u00eeneur Romain Pautaire<\/b>.<\/p>\n<p class=\"ac-article-content__question wall-content\">Comment abordez-vous ce match de Coupe de France f\u00e9d\u00e9rale\u2009?<\/p>\n<p class=\" wall-content\">On est super content d\u2019avoir cette rencontre en plein milieu d\u2019une tr\u00eave d\u2019un mois et demi\u2026 Non, plus s\u00e9rieusement, ce match ne pr\u00e9sente strictement aucun int\u00e9r\u00eat. En plus, on affronte une \u00e9quipe de N1 qui va nous broyer\u2009!<\/p>\n<p class=\"ac-article-content__question wall-content\">Dans quelle condition physique se trouvent vos joueurs\u2009?<\/p>\n<p class=\" wall-content\">Apr\u00e8s notre derni\u00e8re journ\u00e9e de championnat mi-d\u00e9cembre, les joueurs avaient besoin de couper deux semaines. On a repris l\u2019entra\u00eenement il y a seulement 15\u00a0jours\u2026 On est sur de la course et de la remise en forme physique. On ne peut donc m\u00eame pas se servir de ce match comme d\u2019une pr\u00e9paration pour la reprise. Notre prochain match de championnat aura lieu le 7\u00a0f\u00e9vrier, normalement on a un bloc de cinq semaines de pr\u00e9pa, ce n\u2019est donc pas au bout de deux semaines qu\u2019on va \u00eatre pr\u00eat.<\/p>\n<p class=\"ac-article-content__question wall-content\">Ce match est donc surtout une corv\u00e9e pour vous\u2009?<\/p>\n<p class=\" wall-content\">Il est l\u00e0, donc on va le jouer\u2009! On va essayer de travailler quelques aspects, de donner du temps de jeu \u00e0 certains qui n\u2019en ont pas beaucoup. Les joueurs sont quand m\u00eame contents d\u2019avoir un match, m\u00eame s\u2019ils se rendent bien compte qu\u2019il n\u2019y a pas beaucoup d\u2019int\u00e9r\u00eat.<\/p>\n<p>\u00ab\u2009Il n\u2019y aura pas d\u2019exploit, il y a trop d\u2019\u00e9cart de niveau entre la N2 et la N1\u2009\u00bb<\/p>\n<p class=\"ac-article-content__question wall-content\">Cette rencontre pr\u00e9sente-t-elle davantage d\u2019int\u00e9r\u00eat pour votre adversaire\u2009?<\/p>\n<p class=\" wall-content\">Pas forc\u00e9ment, mais comme Rouen \u00e9volue en N1, les joueurs sont presque pros, donc ils sont tous disponibles. Alors que nous, on a trois gars qui sont partis au ski (Lucas Dalmont, Antoine Martineau, Aymeric Robert) car ils savent qu\u2019\u00e0 cette p\u00e9riode, il n\u2019y a pas de championnat.<\/p>\n<p class=\"ac-article-content__question wall-content\">Existe-t-il une petite chance de cr\u00e9er la surprise\u2009?<\/p>\n<p class=\" wall-content\">Non, il n\u2019y aura pas d\u2019exploit, il y a trop d\u2019\u00e9cart de niveau entre la N2 et la N1. Rouen est vraiment une tr\u00e8s belle \u00e9quipe.\u00a0On va jouer sans aucune pression, on va essayer de faire bonne figure, de ne pas prendre une fess\u00e9e.<\/p>\n<p class=\"ac-article-content__question wall-content\">La Coupe de France f\u00e9d\u00e9rale a-t-elle quand m\u00eame une utilit\u00e9\u2009?<\/p>\n<p class=\" wall-content\">Oui pour le premier tour, car il est plac\u00e9 avant le d\u00e9but du championnat, donc il sert de match de travail. Mais ensuite, non, \u00e7a ne sert \u00e0 rien\u2026 En tout cas pour nous les \u00e9quipes de N2, car il y a tellement d\u2019\u00e9cart avec la N1 qu\u2019on n\u2019a aucune chance de participer aux finales \u00e0 Bercy.<\/p>\n<p class=\" wall-content\">Personnalisez votre actualit\u00e9 en ajoutant vos villes et m\u00e9dias en favori avec <a href=\"https:\/\/moncompte.actu.fr\" title=\"D\u00e9couvez Mon Actu\" rel=\"nofollow noopener\" data-trk=\"{&quot;cta&quot;:{&quot;action&quot;:&quot;https:\\\/\\\/moncompte.actu.fr&quot;,&quot;category&quot;:&quot;mon compte&quot;,&quot;from&quot;:&quot;article footer&quot;,&quot;name&quot;:&quot;Mon actu&quot;,&quot;type&quot;:&quot;cta&quot;}}\" target=\"_blank\">Mon Actu<\/a>.<\/p>\n","protected":false},"excerpt":{"rendered":"Par Aur\u00e9lien Rey Publi\u00e9 le 16 janv. 2026 \u00e0 17h49 Le CL Tourlaville (N2) re\u00e7oit Rouen (N1) pour&hellip;\n","protected":false},"author":2,"featured_media":668210,"comment_status":"","ping_status":"","sticky":false,"template":"","format":"standard","meta":{"footnotes":""},"categories":[9587],"tags":[1111,11,3168,1777,674,1011,27,1792,12,5161,25,9590,60,3169],"class_list":{"0":"post-668209","1":"post","2":"type-post","3":"status-publish","4":"format-standard","5":"has-post-thumbnail","7":"category-rouen","8":"tag-actu","9":"tag-actualites","10":"tag-cotentin","11":"tag-eu","12":"tag-europe","13":"tag-fr","14":"tag-france","15":"tag-handball","16":"tag-news","17":"tag-normandie","18":"tag-republique-francaise","19":"tag-rouen","20":"tag-sports","21":"tag-tourlaville"},"share_on_mastodon":{"url":"https:\/\/pubeurope.com\/@fr\/115906031370367785","error":""},"_links":{"self":[{"href":"https:\/\/www.europesays.com\/fr\/wp-json\/wp\/v2\/posts\/668209","targetHints":{"allow":["GET"]}}],"collection":[{"href":"https:\/\/www.europesays.com\/fr\/wp-json\/wp\/v2\/posts"}],"about":[{"href":"https:\/\/www.europesays.com\/fr\/wp-json\/wp\/v2\/types\/post"}],"author":[{"embeddable":true,"href":"https:\/\/www.europesays.com\/fr\/wp-json\/wp\/v2\/users\/2"}],"replies":[{"embeddable":true,"href":"https:\/\/www.europesays.com\/fr\/wp-json\/wp\/v2\/comments?post=668209"}],"version-history":[{"count":0,"href":"https:\/\/www.europesays.com\/fr\/wp-json\/wp\/v2\/posts\/668209\/revisions"}],"wp:featuredmedia":[{"embeddable":true,"href":"https:\/\/www.europesays.com\/fr\/wp-json\/wp\/v2\/media\/668210"}],"wp:attachment":[{"href":"https:\/\/www.europesays.com\/fr\/wp-json\/wp\/v2\/media?parent=668209"}],"wp:term":[{"taxonomy":"category","embeddable":true,"href":"https:\/\/www.europesays.com\/fr\/wp-json\/wp\/v2\/categories?post=668209"},{"taxonomy":"post_tag","embeddable":true,"href":"https:\/\/www.europesays.com\/fr\/wp-json\/wp\/v2\/tags?post=668209"}],"curies":[{"name":"wp","href":"https:\/\/api.w.org\/{rel}","templated":true}]}}