{"id":668213,"date":"2026-01-16T17:48:17","date_gmt":"2026-01-16T17:48:17","guid":{"rendered":"https:\/\/www.europesays.com\/fr\/668213\/"},"modified":"2026-01-16T17:48:17","modified_gmt":"2026-01-16T17:48:17","slug":"gf38-la-vie-sans-theo-valls-et-jessy-benet","status":"publish","type":"post","link":"https:\/\/www.europesays.com\/fr\/668213\/","title":{"rendered":"GF38. La vie sans Th\u00e9o Valls (et Jessy Benet)"},"content":{"rendered":"<p style=\"font-size:20px\"><strong>Ce n\u2019\u00e9tait pas pr\u00e9vu, mais le GF38 va devoir d\u00e9sormais faire sans un de ses \u00e9l\u00e9ments de base, Th\u00e9o Valls, parti exercer ses talents sous des cieux plus ensoleill\u00e9s. La blessure de Jessy Benet rajoute un casse-t\u00eate temporaire m\u00eame si les options ne manquent pas. D\u00e9cryptage.<\/strong><\/p>\n<p>Nous avions song\u00e9 \u00e0 aborder cette rencontre entre Grenoblois et Audoniens sous l\u2019angle de \u00ab\u00a0la vie sans Th\u00e9o Valls\u00a0\u00bb. La blessure de Jessy Benet (probl\u00e8me musculaire \u00e0 une cuisse) rajoute une probl\u00e9matique suppl\u00e9mentaire, qu\u2019on esp\u00e8re pas trop longue, dont il \u00e9tait difficile de ne pas tenir compte dans cet article m\u00eame si elle n\u2019en constitue pas le c\u0153ur du sujet. C\u2019est dans tous les cas tout le c\u0153ur du jeu alpin qui va devoir \u00eatre r\u00e9fl\u00e9chi par Franck Rizzetto, son staff, mais \u00e9galement ses dirigeants.<\/p>\n<p>Une r\u00e9flexion qui n\u2019\u00e9tait pas au programme de ce mercato, comme l\u2019a r\u00e9v\u00e9l\u00e9 le technicien en avant-match. \u00ab\u00a0Ce n\u2019\u00e9tait pas pr\u00e9vu, comme nous comme pour lui. C\u2019est une opportunit\u00e9 qui s\u2019est pr\u00e9sent\u00e9e \u00e0 lui et qu\u2019il a voulu saisir absolument parce que c\u2019\u00e9tait une r\u00eave de jouer un jour dans le championnat espagnol. C\u2019est une perte pour l\u2019\u00e9quipe mais on va s\u2019adapter.\u00a0\u00bb<\/p>\n<p>Une adaptation obligatoire alors que le profil de Valls \u2013 un des joueurs qui court le plus par match de Ligue 2, n\u2019a pas forc\u00e9ment d\u2019\u00e9quivalent dans l\u2019effectif. Sans parler de son exp\u00e9rience et de son caract\u00e8re qui en faisaient un leader de vestiaire de ce GF38.<\/p>\n<p>L\u2019option la plus \u00ab\u00a0logique\u00a0\u00bb serait de le remplacer par l\u2019arriv\u00e9e d\u2019une recrue. \u00ab\u00a0Si on peut le remplacer, on le fera\u00a0\u00bb, convient Rizzetto. \u00ab\u00a0C\u2019est un joueur qui a un gros volume, qui connait le niveau. On peut chercher quelqu\u2019un de son \u00ab\u00a0standing\u00a0\u00bb mais peut \u00eatre aussi trouver un autre profil, qui peut nous amener des choses suppl\u00e9mentaires\u00a0\u00bb. Selon nos informations le club s\u2019est effectivement mis \u00e0 la recherche d\u2019un rempla\u00e7ant \u00e0 Valls mais dispose d\u2019un temps et d\u2019un budget limit\u00e9s pour mettre la main sur la perle rare.<\/p>\n<p>Pour l\u2019instant, ce sont des \u00e9l\u00e9ments internes qui auront leur chance. Et c\u2019est encore plus vrai avec la blessure de Jessy Benet qui ouvre une deuxi\u00e8me place disponible dans l\u2019entrejeu ce samedi. Si M\u2019Bock pourrait y trouver l\u2019opportunit\u00e9 de gagner du temps de jeu, son profil plus d\u00e9fensif l\u2019\u00e9loigne de ce que pouvait apporter offensivement le nouveau joueur d\u2019Ibiza. Bangr\u00e9 semble \u00eatre le candidat n\u00b01, celui qui a eu du temps de jeu dans la rotation jusque l\u00e0. Avec deux absents face au Red Star, difficile de ne pas l\u2019imaginer titulaire au moins ce samedi. Mais est-ce que celui qui n\u2019a pas la meilleure carte \u00e0 jouer n\u2019est finalement pas Mouazan\u00a0? L\u2019ancien de Concarneau devrait \u00eatre dans le groupe contre l\u2019Etoile Rouge. Apr\u00e8s de longues semaines sans jouer, il n\u2019a en revanche probablement pas 90 minutes dans les jambes. En revanche sur la dur\u00e9e son profil combattif et technique pourrait lui permettre de s\u2019affirmer dans les Alpes alors qu\u2019il \u00e9tait annonc\u00e9 partant (sous forme de pr\u00eat) \u00e0 coup quasiment s\u00fbr.<\/p>\n<p>Derni\u00e8re option envisageable, et elle est compatible avec plus de temps de jeu pour Bangr\u00e9 et\/ou Mouazan c\u2019est l\u2019\u00e9volution du syst\u00e8me du 352 actuel \u00e0 un 343 ou 3412 (avec un 10 en soutien de deux pointes). Bangr\u00e9 peut jouer 10 ou excentr\u00e9 sur un c\u00f4t\u00e9, Mouazan peut jouer 10 et n\u2019oublions pas Maurin, lui aussi polyvalent, alors que Diaby et Zahui ont d\u00e9j\u00e0 montr\u00e9 qu\u2019ils pouvaient jouer sur tout le front d\u2019une attaque.<\/p>\n<p>Cela permettrait de ne jouer qu\u2019\u00e0 deux vrais milieux de terrain \u2013 o\u00f9 il serait alors trois pour deux places (Benet, Lele Diba, Mbock). C\u2019est un plan de jeu qui avait \u00e9t\u00e9 mis en place \u00e0 Annecy en coupe de France ou l\u2019\u00e9t\u00e9 dernier lors de la coupe de France. Et ce serait enfin raccord \u00e0 cette id\u00e9e d\u2019identit\u00e9 que Grenoble, ville d\u2019ing\u00e9nieurs, doit jouer avec un 10 \u00e0 l\u2019ancienne. Une option plus offensive et qui semble plut\u00f4t bien coller avec l\u2019effectif actuel \u2013 qui est toutefois susceptible d\u2019\u00e9voluer tant que le mercato n\u2019est pas termin\u00e9.<\/p>\n<p>Premiers \u00e9l\u00e9ments de r\u00e9ponse d\u00e8s ce samedi o\u00f9 Grenoble devra exister sans ses deux talents cr\u00e9atifs des derni\u00e8res ann\u00e9es. Jessy Benet reviendra, on esp\u00e8re le plus vite possible. Pour Th\u00e9o Valls, il faudra apprendre \u00e0 vivre d\u00e9finitivement sans lui.<\/p>\n","protected":false},"excerpt":{"rendered":"Ce n\u2019\u00e9tait pas pr\u00e9vu, mais le GF38 va devoir d\u00e9sormais faire sans un de ses \u00e9l\u00e9ments de base,&hellip;\n","protected":false},"author":2,"featured_media":668214,"comment_status":"","ping_status":"","sticky":false,"template":"","format":"standard","meta":{"footnotes":""},"categories":[9566],"tags":[1111,11,2430,1777,674,1011,27,21780,2731,76814,12,25,76815],"class_list":{"0":"post-668213","1":"post","2":"type-post","3":"status-publish","4":"format-standard","5":"has-post-thumbnail","7":"category-grenoble","8":"tag-actu","9":"tag-actualites","10":"tag-auvergne-rhone-alpes","11":"tag-eu","12":"tag-europe","13":"tag-fr","14":"tag-france","15":"tag-gf38","16":"tag-grenoble","17":"tag-jessy-benet","18":"tag-news","19":"tag-republique-francaise","20":"tag-theo-valls"},"share_on_mastodon":{"url":"https:\/\/pubeurope.com\/@fr\/115906039240747098","error":""},"_links":{"self":[{"href":"https:\/\/www.europesays.com\/fr\/wp-json\/wp\/v2\/posts\/668213","targetHints":{"allow":["GET"]}}],"collection":[{"href":"https:\/\/www.europesays.com\/fr\/wp-json\/wp\/v2\/posts"}],"about":[{"href":"https:\/\/www.europesays.com\/fr\/wp-json\/wp\/v2\/types\/post"}],"author":[{"embeddable":true,"href":"https:\/\/www.europesays.com\/fr\/wp-json\/wp\/v2\/users\/2"}],"replies":[{"embeddable":true,"href":"https:\/\/www.europesays.com\/fr\/wp-json\/wp\/v2\/comments?post=668213"}],"version-history":[{"count":0,"href":"https:\/\/www.europesays.com\/fr\/wp-json\/wp\/v2\/posts\/668213\/revisions"}],"wp:featuredmedia":[{"embeddable":true,"href":"https:\/\/www.europesays.com\/fr\/wp-json\/wp\/v2\/media\/668214"}],"wp:attachment":[{"href":"https:\/\/www.europesays.com\/fr\/wp-json\/wp\/v2\/media?parent=668213"}],"wp:term":[{"taxonomy":"category","embeddable":true,"href":"https:\/\/www.europesays.com\/fr\/wp-json\/wp\/v2\/categories?post=668213"},{"taxonomy":"post_tag","embeddable":true,"href":"https:\/\/www.europesays.com\/fr\/wp-json\/wp\/v2\/tags?post=668213"}],"curies":[{"name":"wp","href":"https:\/\/api.w.org\/{rel}","templated":true}]}}