{"id":668215,"date":"2026-01-16T17:49:18","date_gmt":"2026-01-16T17:49:18","guid":{"rendered":"https:\/\/www.europesays.com\/fr\/668215\/"},"modified":"2026-01-16T17:49:18","modified_gmt":"2026-01-16T17:49:18","slug":"ce-restaurant-emblematique-de-rennes-avait-ete-vendu-aux-encheres-voici-qui-est-le-nouveau-proprietaire","status":"publish","type":"post","link":"https:\/\/www.europesays.com\/fr\/668215\/","title":{"rendered":"Ce restaurant embl\u00e9matique de Rennes avait \u00e9t\u00e9 vendu aux ench\u00e8res\u00a0: voici qui est le nouveau propri\u00e9taire"},"content":{"rendered":"<p>Jeudi 10 d\u00e9cembre, le restaurant rennais <a href=\"https:\/\/www.letelegramme.fr\/ille-et-vilaine\/rennes-35000\/voir-partir-cette-institution-pour-cette-somme-la-ca-fait-mal-au-coeur-ce-restaurant-a-ete-vendu-aux-encheres-en-seulement-quatre-minutes-a-rennes-6944770.php\" target=\"_blank\" rel=\"noopener\">L\u00e9on Le cochon a \u00e9t\u00e9 vendu aux ench\u00e8res<\/a> : 83 000 \u20ac. Le nouvel acheteur, un \u00ab professionnel bien connu des Rennais \u00bb, s\u2019\u00e9tait fait discret. Absent physiquement lors de la vente, c\u2019est par t\u00e9l\u00e9phone avec le commissaire-priseur qu\u2019il avait empoch\u00e9 la mise sur ce restaurant embl\u00e9matique du centre-ville de Rennes, situ\u00e9 rue du Pr\u00e9-Bott\u00e9. Ce jour-l\u00e0, il avait demand\u00e9 \u00e0 Me Gauducheau que son nom ne soit pas divulgu\u00e9. Depuis, Le T\u00e9l\u00e9gramme a appris que le futur exploitant est le groupe rennais Vicartem.<\/p>\n<p>H\u00f4tel Baltazar \u00e0 Rennes, boutique Herm\u00e8s \u00e0 Nantes<\/p>\n<p>Propri\u00e9taire notamment de l\u2019h\u00f4tel 5 \u00e9toiles Balthazar \u00e0 Rennes, le groupe Vicartem a choisi d\u2019investir dans le fonds de commerce de l\u2019ancien L\u00e9on le cochon. Tenu jusque-l\u00e0 par Yann Paigier et incontournable \u00e0 Rennes ces 30 derni\u00e8res ann\u00e9es, le <a href=\"https:\/\/www.letelegramme.fr\/ille-et-vilaine\/rennes-35000\/une-histoire-de-vie-a-rennes-lincontournable-restaurant-leon-le-cochon-a-ferme-ses-portes-6854059.php\" target=\"_blank\" rel=\"noopener\">restaurant avait d\u00e9finitivement baiss\u00e9 le rideau le 9 juillet 2025<\/a>. Ce dernier avait d\u00fb faire face \u00e0 une baisse progressive de son activit\u00e9.<\/p>\n<p>Quid de l\u2019avenir du lieu ? Selon le commissaire-priseur le jour de la vente, \u00ab le nouvel investisseur a des projets ambitieux pour l\u2019\u00e9tablissement et devrait y faire des travaux, notamment \u00e0 l\u2019\u00e9tage \u00bb.<\/p>\n","protected":false},"excerpt":{"rendered":"Jeudi 10 d\u00e9cembre, le restaurant rennais L\u00e9on Le cochon a \u00e9t\u00e9 vendu aux ench\u00e8res : 83 000 \u20ac.&hellip;\n","protected":false},"author":2,"featured_media":668216,"comment_status":"","ping_status":"","sticky":false,"template":"","format":"standard","meta":{"footnotes":""},"categories":[2821],"tags":[1111,11,829,2033,1777,674,1011,27,848,12,50972,584,25],"class_list":{"0":"post-668215","1":"post","2":"type-post","3":"status-publish","4":"format-standard","5":"has-post-thumbnail","7":"category-rennes","8":"tag-actu","9":"tag-actualites","10":"tag-bretagne","11":"tag-commerces-a-rennes","12":"tag-eu","13":"tag-europe","14":"tag-fr","15":"tag-france","16":"tag-ille-et-vilaine","17":"tag-news","18":"tag-newsletter-la-rennes-quotidienne","19":"tag-rennes","20":"tag-republique-francaise"},"share_on_mastodon":{"url":"https:\/\/pubeurope.com\/@fr\/115906043211546422","error":""},"_links":{"self":[{"href":"https:\/\/www.europesays.com\/fr\/wp-json\/wp\/v2\/posts\/668215","targetHints":{"allow":["GET"]}}],"collection":[{"href":"https:\/\/www.europesays.com\/fr\/wp-json\/wp\/v2\/posts"}],"about":[{"href":"https:\/\/www.europesays.com\/fr\/wp-json\/wp\/v2\/types\/post"}],"author":[{"embeddable":true,"href":"https:\/\/www.europesays.com\/fr\/wp-json\/wp\/v2\/users\/2"}],"replies":[{"embeddable":true,"href":"https:\/\/www.europesays.com\/fr\/wp-json\/wp\/v2\/comments?post=668215"}],"version-history":[{"count":0,"href":"https:\/\/www.europesays.com\/fr\/wp-json\/wp\/v2\/posts\/668215\/revisions"}],"wp:featuredmedia":[{"embeddable":true,"href":"https:\/\/www.europesays.com\/fr\/wp-json\/wp\/v2\/media\/668216"}],"wp:attachment":[{"href":"https:\/\/www.europesays.com\/fr\/wp-json\/wp\/v2\/media?parent=668215"}],"wp:term":[{"taxonomy":"category","embeddable":true,"href":"https:\/\/www.europesays.com\/fr\/wp-json\/wp\/v2\/categories?post=668215"},{"taxonomy":"post_tag","embeddable":true,"href":"https:\/\/www.europesays.com\/fr\/wp-json\/wp\/v2\/tags?post=668215"}],"curies":[{"name":"wp","href":"https:\/\/api.w.org\/{rel}","templated":true}]}}