{"id":668217,"date":"2026-01-16T17:50:13","date_gmt":"2026-01-16T17:50:13","guid":{"rendered":"https:\/\/www.europesays.com\/fr\/668217\/"},"modified":"2026-01-16T17:50:13","modified_gmt":"2026-01-16T17:50:13","slug":"une-soiree-bridgerton-exceptionnelle-dans-ce-chateau-pres-de-rennes","status":"publish","type":"post","link":"https:\/\/www.europesays.com\/fr\/668217\/","title":{"rendered":"Une soir\u00e9e Bridgerton exceptionnelle dans ce ch\u00e2teau pr\u00e8s de Rennes"},"content":{"rendered":"<p><strong>Le 24 janvier<\/strong>, ce ch\u00e2teau au charme intemporel se transformera en v\u00e9ritable d\u00e9cor digne de la haute soci\u00e9t\u00e9 londonienne du XIX\u1d49 si\u00e8cle. Une parenth\u00e8se enchant\u00e9e d\u2019environ une heure, o\u00f9 musique classique, lumi\u00e8re tamis\u00e9e et \u00e9l\u00e9gance se m\u00ealeront pour faire vibrer les fans de la s\u00e9rie\u2026 et les amateurs de belles <a href=\"https:\/\/www.lebonbon.fr\/rennes\/loisirs\/battlekart-premier-karting-realite-augmente-debarque-pres-rennes\/\" target=\"_blank\" rel=\"noopener\">exp\u00e9riences.<\/a><\/p>\n<p>&#13;<br \/>\nQuand Bridgerton rencontre la musique live&#13;<\/p>\n<p>Le concept est simple et terriblement s\u00e9duisant\u00a0: <strong>un concert de quatuor \u00e0 cordes, interpr\u00e9tant les musiques embl\u00e9matiques de Bridgerton, revisit\u00e9es dans un style classique.<\/strong> Les m\u00e9lodies modernes qui ont fait le succ\u00e8s de la s\u00e9rie \u2014 de pop contemporaine \u00e0 des th\u00e8mes romantiques iconiques \u2014 prennent ici une toute nouvelle dimension, sublim\u00e9es par la richesse des cordes. Loin des salles de concert traditionnelles, Candlelight mise sur <strong>une ambiance intimiste, \u00e9clair\u00e9e uniquement \u00e0 la lueur de centaines de bougies. <\/strong>Un choix esth\u00e9tique qui plonge imm\u00e9diatement le public dans une atmosph\u00e8re feutr\u00e9e, \u00e9l\u00e9gante et presque irr\u00e9elle. Chaque note r\u00e9sonne dans le silence, chaque regard se perd dans la danse des flammes.<\/p>\n<p>&#13;<br \/>\nUn ch\u00e2teau comme d\u00e9cor de r\u00eave&#13;<\/p>\n<p>Le Ch\u00e2teau des P\u00e8res, d\u00e9j\u00e0 r\u00e9put\u00e9 pour ses \u00e9v\u00e9nements culturels et artistiques, offre un cadre id\u00e9al pour ce voyage musical. <strong>L\u2019Orangerie, qui accueillera le concert, conjugue architecture raffin\u00e9e et acoustique chaleureuse.<\/strong> Le lieu semble presque avoir \u00e9t\u00e9 pens\u00e9 pour accueillir l\u2019univers de Bridgerton, tant il \u00e9voque les grandes demeures aristocratiques et les soir\u00e9es mondaines d\u2019antan.<\/p>\n<p>&#13;<\/p>\n<blockquote class=\"instagram-media\" data-instgrm-permalink=\"https:\/\/www.instagram.com\/p\/DTLagtMjOgR\/?utm_source=ig_embed&amp;utm_campaign=loading\" data-instgrm-version=\"14\" style=\"background: #FFF; border: 0; border-radius: 3px; box-shadow: 0 0 1px 0 rgba(0,0,0,0.5),0 1px 10px 0 rgba(0,0,0,0.15); margin: 1px; max-width: 540px; min-width: 326px; padding: 0; width: calc(100% - 2px);\"><p>&#13;<br \/>\n&#13;\n<\/p><\/blockquote>\n<p>&#13;<br \/>\n&#13;<\/p>\n<p>Une mise en bouche parfaite, \u00e0 quelques jours de la sortie de la nouvelle saison sur Netflix\u00a0!<\/p>\n<p>&#13;<\/p>\n<p><strong>Infos pratiques\u00a0:<\/strong><br \/><strong>L\u2019Orangerie du Ch\u00e2teau des P\u00e8res, Pir\u00e9-Chanc\u00e9<\/strong><br \/><strong>Vendredi 24 janvier 2026<\/strong><br \/><strong>D\u00e9but du concert \u00e0 18h<\/strong><br \/><a href=\"https:\/\/feverup.com\/m\/271142\" rel=\"nofollow noopener noreferrer\" target=\"_blank\"><strong>Plus d\u2019infos<\/strong><\/a><\/p>\n<p><script async src=\"\/\/www.instagram.com\/embed.js\"><\/script><\/p>\n","protected":false},"excerpt":{"rendered":"Le 24 janvier, ce ch\u00e2teau au charme intemporel se transformera en v\u00e9ritable d\u00e9cor digne de la haute soci\u00e9t\u00e9&hellip;\n","protected":false},"author":2,"featured_media":668218,"comment_status":"","ping_status":"","sticky":false,"template":"","format":"standard","meta":{"footnotes":""},"categories":[2821],"tags":[1111,11,829,1777,674,1011,27,12,584,25],"class_list":{"0":"post-668217","1":"post","2":"type-post","3":"status-publish","4":"format-standard","5":"has-post-thumbnail","7":"category-rennes","8":"tag-actu","9":"tag-actualites","10":"tag-bretagne","11":"tag-eu","12":"tag-europe","13":"tag-fr","14":"tag-france","15":"tag-news","16":"tag-rennes","17":"tag-republique-francaise"},"share_on_mastodon":{"url":"https:\/\/pubeurope.com\/@fr\/115906047093917714","error":""},"_links":{"self":[{"href":"https:\/\/www.europesays.com\/fr\/wp-json\/wp\/v2\/posts\/668217","targetHints":{"allow":["GET"]}}],"collection":[{"href":"https:\/\/www.europesays.com\/fr\/wp-json\/wp\/v2\/posts"}],"about":[{"href":"https:\/\/www.europesays.com\/fr\/wp-json\/wp\/v2\/types\/post"}],"author":[{"embeddable":true,"href":"https:\/\/www.europesays.com\/fr\/wp-json\/wp\/v2\/users\/2"}],"replies":[{"embeddable":true,"href":"https:\/\/www.europesays.com\/fr\/wp-json\/wp\/v2\/comments?post=668217"}],"version-history":[{"count":0,"href":"https:\/\/www.europesays.com\/fr\/wp-json\/wp\/v2\/posts\/668217\/revisions"}],"wp:featuredmedia":[{"embeddable":true,"href":"https:\/\/www.europesays.com\/fr\/wp-json\/wp\/v2\/media\/668218"}],"wp:attachment":[{"href":"https:\/\/www.europesays.com\/fr\/wp-json\/wp\/v2\/media?parent=668217"}],"wp:term":[{"taxonomy":"category","embeddable":true,"href":"https:\/\/www.europesays.com\/fr\/wp-json\/wp\/v2\/categories?post=668217"},{"taxonomy":"post_tag","embeddable":true,"href":"https:\/\/www.europesays.com\/fr\/wp-json\/wp\/v2\/tags?post=668217"}],"curies":[{"name":"wp","href":"https:\/\/api.w.org\/{rel}","templated":true}]}}