{"id":668219,"date":"2026-01-16T17:51:16","date_gmt":"2026-01-16T17:51:16","guid":{"rendered":"https:\/\/www.europesays.com\/fr\/668219\/"},"modified":"2026-01-16T17:51:16","modified_gmt":"2026-01-16T17:51:16","slug":"voici-les-perturbations-du-trafic-cts","status":"publish","type":"post","link":"https:\/\/www.europesays.com\/fr\/668219\/","title":{"rendered":"voici les perturbations du trafic CTS"},"content":{"rendered":"<p>                    Par<br \/>\n        <strong><br \/>\n            <a href=\"https:\/\/actu.fr\/auteur\/ivan-capecchi\" title=\"Consulter tous les articles de Ivan CAPECCHI\" target=\"_blank\" rel=\"noopener\">Ivan CAPECCHI<\/a><br \/>\n                    <\/strong><\/p>\n<p>        Publi\u00e9 le<\/p>\n<p>            16 janv. 2026 \u00e0 18h18        <\/p>\n<p>Les <strong>20 et 21\u00a0janvier 2026<\/strong>, le <strong>trafic CTS bus et tram<\/strong> \u00e0 <strong>Strasbourg<\/strong> sera <strong>perturb\u00e9<\/strong>, en lien avec la <a href=\"https:\/\/actu.fr\/grand-est\/strasbourg_67482\/strasbourg-prevue-le-20-janvier-la-manifestation-des-agriculteurs-va-s-etendre-sur-deux-jours-le-programme_63709810.html\" target=\"_blank\" rel=\"noopener\">manifestation monstre des agriculteurs<\/a> pr\u00e9vue ces jours-l\u00e0.<\/p>\n<p class=\" wall-content\">Les perturbations sont pr\u00e9vues, \u00e0 titre indicatif*, du mardi 20\u00a0janvier \u00e0 10h jusqu\u2019au mercredi 21\u00a0janvier 2026 \u00e0 16h environ.<\/p>\n<p>Les trams perturb\u00e9s les 20 et 21\u00a0janvier<\/p>\n<p class=\" wall-content\">Concr\u00e8tement, voici les <strong>stations de tram<\/strong> qui risquent de ne pas \u00eatre desservis\u2009:<\/p>\n<ul class=\" wall-content\">\n<li>Ligne B\u2009: entre les stations R\u00e9publique et Pont Phario.<\/li>\n<li>Ligne E\u2009: entre les stations R\u00e9publique et Robertsau L\u2019Escale.<\/li>\n<\/ul>\n<p>Des arr\u00eats de bus non desservis<\/p>\n<p class=\" wall-content\">Voici maintenant les<strong> arr\u00eats de bus<\/strong> qui devraient ne pas \u00eatre desservis\u2009:<\/p>\n<ul class=\" wall-content\">\n<li><strong>Ligne H<\/strong>\u2009: ne circule pas.<\/li>\n<li><strong>Ligne 2<\/strong>\u2009: entre les arr\u00eats Place de Pierre et Tauler.<\/li>\n<li><strong>Ligne 30<\/strong>\u2009: entre les arr\u00eats Droits de l\u2019Homme et Cimeti\u00e8re Nord.<\/li>\n<li><strong>Ligne 60<\/strong>\u2009: entre les arr\u00eats Wacken et CMCO.<\/li>\n<li><strong>Service scolaire S13<\/strong>\u2009: d\u00e9parts de 18h10 de Lyc\u00e9e Kl\u00e9ber non assur\u00e9s.<\/li>\n<\/ul>\n<p class=\" wall-content\">Pour plus d\u2019informations en temps r\u00e9el au cours de la manifestation, <strong>activez les alertes trafic sur l\u2019application CTS<\/strong>.<\/p>\n<p>Votre r\u00e9gion, votre actu !<\/p>\n<p>Recevez chaque jour les infos qui comptent pour vous.<\/p>\n<p>\t<a href=\"https:\/\/actu.fr\/newsletter\" class=\"ac-btn ac-btn--corner ac-btn--medium ac-btn--blue800\" target=\"_blank\" rel=\"noopener\">S&rsquo;incrire<\/a><\/p>\n<p class=\" wall-content\">*\u00ab\u2009Les perturbations, les lignes concern\u00e9es et les horaires sont donn\u00e9s \u00e0 titre indicatif et susceptibles d\u2019\u00eatre modifi\u00e9s en fonction du d\u00e9roulement de la manifestation\u2009\u00bb, pr\u00e9cise la <a href=\"https:\/\/actu.fr\/tag\/compagnie-des-transports-strasbourgeois-cts\" target=\"_blank\" rel=\"noopener\">CTS<\/a>.<\/p>\n<p class=\" wall-content\">Personnalisez votre actualit\u00e9 en ajoutant vos villes et m\u00e9dias en favori avec <a href=\"https:\/\/moncompte.actu.fr\" title=\"D\u00e9couvez Mon Actu\" rel=\"nofollow noopener\" data-trk=\"{&quot;cta&quot;:{&quot;action&quot;:&quot;https:\\\/\\\/moncompte.actu.fr&quot;,&quot;category&quot;:&quot;mon compte&quot;,&quot;from&quot;:&quot;article footer&quot;,&quot;name&quot;:&quot;Mon actu&quot;,&quot;type&quot;:&quot;cta&quot;}}\" target=\"_blank\">Mon Actu<\/a>.<\/p>\n","protected":false},"excerpt":{"rendered":"Par Ivan CAPECCHI Publi\u00e9 le 16 janv. 2026 \u00e0 18h18 Les 20 et 21\u00a0janvier 2026, le trafic CTS&hellip;\n","protected":false},"author":2,"featured_media":668220,"comment_status":"","ping_status":"","sticky":false,"template":"","format":"standard","meta":{"footnotes":""},"categories":[2820],"tags":[1111,11,327,7344,1777,674,1011,27,775,1272,12,25,104,640],"class_list":{"0":"post-668219","1":"post","2":"type-post","3":"status-publish","4":"format-standard","5":"has-post-thumbnail","7":"category-strasbourg","8":"tag-actu","9":"tag-actualites","10":"tag-agriculture","11":"tag-compagnie-des-transports-strasbourgeois-cts","12":"tag-eu","13":"tag-europe","14":"tag-fr","15":"tag-france","16":"tag-grand-est","17":"tag-manifestations","18":"tag-news","19":"tag-republique-francaise","20":"tag-societe","21":"tag-strasbourg"},"share_on_mastodon":{"url":"https:\/\/pubeurope.com\/@fr\/115906051040114864","error":""},"_links":{"self":[{"href":"https:\/\/www.europesays.com\/fr\/wp-json\/wp\/v2\/posts\/668219","targetHints":{"allow":["GET"]}}],"collection":[{"href":"https:\/\/www.europesays.com\/fr\/wp-json\/wp\/v2\/posts"}],"about":[{"href":"https:\/\/www.europesays.com\/fr\/wp-json\/wp\/v2\/types\/post"}],"author":[{"embeddable":true,"href":"https:\/\/www.europesays.com\/fr\/wp-json\/wp\/v2\/users\/2"}],"replies":[{"embeddable":true,"href":"https:\/\/www.europesays.com\/fr\/wp-json\/wp\/v2\/comments?post=668219"}],"version-history":[{"count":0,"href":"https:\/\/www.europesays.com\/fr\/wp-json\/wp\/v2\/posts\/668219\/revisions"}],"wp:featuredmedia":[{"embeddable":true,"href":"https:\/\/www.europesays.com\/fr\/wp-json\/wp\/v2\/media\/668220"}],"wp:attachment":[{"href":"https:\/\/www.europesays.com\/fr\/wp-json\/wp\/v2\/media?parent=668219"}],"wp:term":[{"taxonomy":"category","embeddable":true,"href":"https:\/\/www.europesays.com\/fr\/wp-json\/wp\/v2\/categories?post=668219"},{"taxonomy":"post_tag","embeddable":true,"href":"https:\/\/www.europesays.com\/fr\/wp-json\/wp\/v2\/tags?post=668219"}],"curies":[{"name":"wp","href":"https:\/\/api.w.org\/{rel}","templated":true}]}}