{"id":668221,"date":"2026-01-16T17:52:11","date_gmt":"2026-01-16T17:52:11","guid":{"rendered":"https:\/\/www.europesays.com\/fr\/668221\/"},"modified":"2026-01-16T17:52:11","modified_gmt":"2026-01-16T17:52:11","slug":"a-strasbourg-lun-des-derniers-vendeurs-de-tapis-persans-traditionnels-prend-sa-retraite","status":"publish","type":"post","link":"https:\/\/www.europesays.com\/fr\/668221\/","title":{"rendered":"\u00c0 Strasbourg, l\u2019un des derniers vendeurs de tapis persans traditionnels prend sa retraite"},"content":{"rendered":"<p>Install\u00e9e depuis plus de quarante ans place du Temple-Neuf \u00e0 Strasbourg, la boutique de tapis persans de Manoutchor Chamszadeh fermera d\u00e9finitivement le 1er mars. \u00c0 82 ans, le g\u00e9rant n\u2019a pas trouv\u00e9 de repreneur. <\/p>\n<p>\u00ab\u00a0-65 % sur tout le stock\u00a0\u00bb. L\u2019affiche placard\u00e9e en vitrine ne passe pas inaper\u00e7ue. Dans cette boutique de tapis persans situ\u00e9e <strong>place du Temple-Neuf<\/strong>, la liquidation est lanc\u00e9e avant <strong>la fermeture d\u00e9finitive pr\u00e9vue le 1er mars.<\/strong><\/p>\n<p>\u00c0 82 ans, <strong>Manoutchor Chamszadeh<\/strong>\u00a0s\u2019appr\u00eate \u00e0 prendre sa retraite. Faute de repreneur, ce g\u00e9rant passionn\u00e9 a d\u00e9cid\u00e9 d&rsquo;arr\u00eater. \u00ab\u00a0J&rsquo;aimais beaucoup, sinon je n&rsquo;aurais pas continu\u00e9 aussi longtemps. Mais je suis content d&rsquo;arr\u00eater, je le m\u00e9rite\u00a0!\u00a0\u00bb<\/p>\n<p>D\u2019origine iranienne, il a grandi dans l\u2019univers des tapis\u00a0: <strong>son p\u00e8re en vendait d\u00e9j\u00e0 \u00e0 T\u00e9h\u00e9ran<\/strong>. Lorsqu\u2019il arrive \u00e0 Strasbourg en <strong>1963<\/strong>, il perp\u00e9tue ce savoir-faire ancestral, avant d\u2019ouvrir sa propre boutique d&rsquo;abord rue des Hallebardes puis place du Temple-Neuf.<\/p>\n<p> <img decoding=\"async\" src=\"https:\/\/www.europesays.com\/fr\/wp-content\/uploads\/2026\/01\/1768585931_173_1280.jpeg\" alt=\"illustration agrandir l'image\" style=\"--_image-preview:url('data:image\/jpeg;base64,\/9j\/2wBDACgcHiMeGSgjISMtKygwPGRBPDc3PHtYXUlkkYCZlo+AjIqgtObDoKrarYqMyP\/L2u71\/\/\/\/m8H\/\/\/\/6\/+b9\/\/j\/2wBDASstLTw1PHZBQXb4pYyl+Pj4+Pj4+Pj4+Pj4+Pj4+Pj4+Pj4+Pj4+Pj4+Pj4+Pj4+Pj4+Pj4+Pj4+Pj4+Pj4+Pj\/wAARCAAfACoDASIAAhEBAxEB\/8QAGAABAQEBAQAAAAAAAAAAAAAAAgMAAQT\/xAAXEAEBAQEAAAAAAAAAAAAAAAAAAREC\/8QAFgEBAQEAAAAAAAAAAAAAAAAAAQIA\/8QAFREBAQAAAAAAAAAAAAAAAAAAAAH\/2gAMAwEAAhEDEQA\/ANpSozopUFTXYEpSmMpKWpyu6oPFKcqfKnKScOBCjRibWZQf\/9k=');\" loading=\"lazy\" fetchpriority=\"low\" class=\"svelte-1cksh76 rounded\" onload=\"this.__e=event\" onerror=\"this.__e=event\"\/> Le magasin de tapis persan de la place du Temple-Neuf est en liquidation avant fermeture d\u00e9finitive. \u00a9 Radio France &#8211; He\u00efdi Soupault  <strong>Cinq \u00e9tages de tapis nou\u00e9s \u00e0 la main<\/strong><\/p>\n<p>Le magasin impressionne par sa taille\u00a0: <strong>cinq \u00e9tages entiers d\u00e9di\u00e9s aux tapis<\/strong>, iraniens et n\u00e9palais. En soie, en laine ou m\u00ealant les deux mati\u00e8res, <strong>tous sont nou\u00e9s \u00e0 la main<\/strong>.<\/p>\n<p>Il y a encore trois ans, Manoutchor Chamszadeh en poss\u00e9dait <strong>plus de 5 000<\/strong>. Aujourd\u2019hui, il en reste environ 300, les derniers \u00e0 trouver preneur avant la fermeture d\u00e9finitive.<\/p>\n<p><strong>La fin d\u2019un savoir-faire en centre-ville<\/strong><\/p>\n<p>M\u00eame s\u2019il reste tr\u00e8s attach\u00e9 \u00e0 ses tapis, le futur retrait\u00e9 ne manque pas de projets pour la suite. \u00ab\u00a0Je veux voyager maintenant, je vais partir en Chine en juin avec mes enfants\u00a0!\u00a0\u00bb, s&rsquo;exclame-t-il.<\/p>\n<p>Quand Manoutchor Chamszadeh s\u2019installe dans les ann\u00e9es 1960, <strong>une quinzaine de vendeurs de tapis persans<\/strong> sont alors pr\u00e9sents dans la ville. Aujourd\u2019hui, ils se comptent sur les doigts d\u2019une main.<\/p>\n<p>La boutique de tapis persans situ\u00e9e <strong>place du Temple-Neuf \u00e0 Strasbourg fermera d\u00e9finitivement ses portes le 1er mars.<\/strong><\/p>\n","protected":false},"excerpt":{"rendered":"Install\u00e9e depuis plus de quarante ans place du Temple-Neuf \u00e0 Strasbourg, la boutique de tapis persans de Manoutchor&hellip;\n","protected":false},"author":2,"featured_media":668222,"comment_status":"","ping_status":"","sticky":false,"template":"","format":"standard","meta":{"footnotes":""},"categories":[2820],"tags":[1111,11,1777,674,1011,27,775,12,25,640],"class_list":{"0":"post-668221","1":"post","2":"type-post","3":"status-publish","4":"format-standard","5":"has-post-thumbnail","7":"category-strasbourg","8":"tag-actu","9":"tag-actualites","10":"tag-eu","11":"tag-europe","12":"tag-fr","13":"tag-france","14":"tag-grand-est","15":"tag-news","16":"tag-republique-francaise","17":"tag-strasbourg"},"share_on_mastodon":{"url":"https:\/\/pubeurope.com\/@fr\/115906055287455860","error":""},"_links":{"self":[{"href":"https:\/\/www.europesays.com\/fr\/wp-json\/wp\/v2\/posts\/668221","targetHints":{"allow":["GET"]}}],"collection":[{"href":"https:\/\/www.europesays.com\/fr\/wp-json\/wp\/v2\/posts"}],"about":[{"href":"https:\/\/www.europesays.com\/fr\/wp-json\/wp\/v2\/types\/post"}],"author":[{"embeddable":true,"href":"https:\/\/www.europesays.com\/fr\/wp-json\/wp\/v2\/users\/2"}],"replies":[{"embeddable":true,"href":"https:\/\/www.europesays.com\/fr\/wp-json\/wp\/v2\/comments?post=668221"}],"version-history":[{"count":0,"href":"https:\/\/www.europesays.com\/fr\/wp-json\/wp\/v2\/posts\/668221\/revisions"}],"wp:featuredmedia":[{"embeddable":true,"href":"https:\/\/www.europesays.com\/fr\/wp-json\/wp\/v2\/media\/668222"}],"wp:attachment":[{"href":"https:\/\/www.europesays.com\/fr\/wp-json\/wp\/v2\/media?parent=668221"}],"wp:term":[{"taxonomy":"category","embeddable":true,"href":"https:\/\/www.europesays.com\/fr\/wp-json\/wp\/v2\/categories?post=668221"},{"taxonomy":"post_tag","embeddable":true,"href":"https:\/\/www.europesays.com\/fr\/wp-json\/wp\/v2\/tags?post=668221"}],"curies":[{"name":"wp","href":"https:\/\/api.w.org\/{rel}","templated":true}]}}