{"id":668235,"date":"2026-01-16T18:01:15","date_gmt":"2026-01-16T18:01:15","guid":{"rendered":"https:\/\/www.europesays.com\/fr\/668235\/"},"modified":"2026-01-16T18:01:15","modified_gmt":"2026-01-16T18:01:15","slug":"municipales-2026-a-toulouse-francois-briancon-ps-veut-faire-de-la-ville-une-ville-jardin","status":"publish","type":"post","link":"https:\/\/www.europesays.com\/fr\/668235\/","title":{"rendered":"Municipales 2026 \u00e0 Toulouse\u00a0: Fran\u00e7ois Brian\u00e7on (PS) veut faire de la ville une \u00ab\u00a0ville jardin\u00a0\u00bb"},"content":{"rendered":"<p>\n                                                                    l&rsquo;essentiel<br \/>\n                                                                Face aux canicules \u00e0 r\u00e9p\u00e9tition et aux \u00eelots de chaleur urbains, la liste Gauche Unie conduite par Fran\u00e7ois Brian\u00e7on fait de la v\u00e9g\u00e9talisation un axe central de son projet municipal.\n                            <\/p>\n<p>\u00ab\u00a0\u00c0 Toulouse et dans sa m\u00e9tropole, le d\u00e9r\u00e8glement climatique n\u2019est plus une abstraction, c\u2019est une r\u00e9alit\u00e9 quotidienne\u00a0\u00bb, a alert\u00e9\u00a0Fran\u00e7ois Brian\u00e7on lors d\u2019une nouvelle conf\u00e9rence de presse, ce vendredi 16\u00a0janvier.<\/p>\n<p>Canicules, pollution de l\u2019air, pression sur l\u2019eau\u00a0: pour le candidat de la gauche unie aux \u00e9lections des 15 et 22\u00a0mars prochains,\u00a0\u00bbla ville trop b\u00e9tonn\u00e9e aggrave ces ph\u00e9nom\u00e8nes et creuse les in\u00e9galit\u00e9s de sant\u00e9 et de cadre de vie\u00a0\u00bb.<\/p>\n<p>        <img decoding=\"async\" class=\"std-img__img responsive-img\" src=\"https:\/\/www.europesays.com\/fr\/wp-content\/uploads\/2026\/01\/1768586472_585_image.jpg\" alt=\"Fran\u00e7ois Brian\u00e7on au conseil municipal de Toulouse, en juin\u00a02025.\"\/><\/p>\n<p>                Fran\u00e7ois Brian\u00e7on au conseil municipal de Toulouse, en juin\u00a02025.<br \/>\n                                    DDM &#8211; FREDERIC SCHEIBER<\/p>\n<p>L\u2019ancien adjoint de Pierre Cohen entre\u00a02008 et\u00a02014 a d\u00e9fendu une \u00e9cologie \u00ab\u00a0de l\u2019action et de la coh\u00e9rence\u00a0\u00bb. \u00ab\u00a0Le climat ne peut plus \u00eatre un sujet parmi d\u2019autres\u00a0: il doit devenir un crit\u00e8re central de toutes les d\u00e9cisions municipales et m\u00e9tropolitaines\u00a0\u00bb, insiste-t-il.<\/p>\n<p>\u00ab\u00a0Trois arbres visibles depuis chaque logement\u00a0\u00bb<\/p>\n<p>Au c\u0153ur du projet, la transformation de Toulouse en \u00ab\u00a0ville jardin r\u00e9siliente\u00a0\u00bb.<\/p>\n<p>\u00ab\u00a0Nous voulons v\u00e9g\u00e9taliser massivement et \u00e9quitablement l\u2019ensemble de la ville, avec une priorit\u00e9 claire donn\u00e9e aux quartiers populaires\u00a0\u00bb, affirme Fran\u00e7ois Brian\u00e7on.<\/p>\n<p>La liste s\u2019appuie sur le principe dit \u00ab\u00a03-30-300\u00a0\u00bb\u00a0: \u00ab\u00a0Trois arbres visibles depuis chaque logement, 30\u00a0% de couverture v\u00e9g\u00e9tale par quartier et un espace vert \u00e0 moins de 300\u00a0m pour chaque habitant\u00a0\u00bb.<\/p>\n<p>        <img decoding=\"async\" class=\"std-img__img responsive-img\" src=\"https:\/\/www.europesays.com\/fr\/wp-content\/uploads\/2026\/01\/1768586474_947_image.png\" alt=\"Fran\u00e7ois Brian\u00e7on (au centre) a pr\u00e9sent\u00e9 de nouveaux colistiers ce 16\u00a0janvier.\"\/><\/p>\n<p>                Fran\u00e7ois Brian\u00e7on (au centre) a pr\u00e9sent\u00e9 de nouveaux colistiers ce 16\u00a0janvier.<br \/>\n                                    Liste La Gauche Unie<\/p>\n<p>La plantation d\u2019arbres, \u00ab\u00a0y compris fruitiers\u00a0\u00bb, et la protection du patrimoine arbor\u00e9 sont pr\u00e9sent\u00e9es comme des leviers majeurs contre les \u00eelots de chaleur. \u00ab\u00a0Augmenter la canop\u00e9e, c\u2019est rafra\u00eechir la ville, am\u00e9liorer la qualit\u00e9 de l\u2019air et renforcer la biodiversit\u00e9\u00a0\u00bb, r\u00e9sume le candidat.<\/p>\n<p>300\u00a0000 m\u00b2 de b\u00e9ton en moins<\/p>\n<p>Autre mesure phare\u00a0: un plan \u00ab\u00a0Sols vivants\u00a0\u00bb.<\/p>\n<p>\u00ab\u00a0Nous voulons transformer 300\u00a0000 m\u00b2 de surfaces b\u00e9tonn\u00e9es inutiles \u2014 cours d\u2019\u00e9coles, parkings, stationnements \u2014 en sols perm\u00e9ables et v\u00e9g\u00e9talis\u00e9s\u00a0\u00bb, d\u00e9taille Fran\u00e7ois Brian\u00e7on.<\/p>\n<p>        <img decoding=\"async\" class=\"std-img__img responsive-img\" src=\"https:\/\/www.europesays.com\/fr\/wp-content\/uploads\/2026\/01\/1768586475_241_image.jpg\" alt=\"Le candidat PS veut encore acc\u00e9l\u00e9rer la v\u00e9g\u00e9talisation, comme ici l\u2019ancien parking du Parc expos en 2023.\"\/><\/p>\n<p>                Le candidat PS veut encore acc\u00e9l\u00e9rer la v\u00e9g\u00e9talisation, comme ici l\u2019ancien parking du Parc expos en 2023.<br \/>\n                                    DDM &#8211; NATHALIE SAINT-AFFRE<\/p>\n<p>L\u2019objectif est de \u00ab\u00a0faire baisser les temp\u00e9ratures, favoriser l\u2019infiltration de l\u2019eau et pr\u00e9parer la ville aux \u00e9pisodes climatiques extr\u00eames\u00a0\u00bb.<\/p>\n<p>Le projet pr\u00e9voit \u00e9galement la cr\u00e9ation de grandes continuit\u00e9s \u00e9cologiques, des trames vertes et bleues reliant parcs, quartiers et berges.<\/p>\n<p>\u00ab\u00a0Il s\u2019agit de relier la ville par des cheminements doux, ombrag\u00e9s, qui soient aussi des lieux de vie\u00a0\u00bb, explique-t-il.<\/p>\n<p>\u00c9coles, parcs et refuges climatiques<\/p>\n<p>Les \u00e9coles occupent une place centrale dans ce plan de v\u00e9g\u00e9talisation.<\/p>\n<p>\u00ab\u00a0Nous voulons g\u00e9n\u00e9raliser de vraies cours oasis, avec de la terre, des arbres et de l\u2019ombre, pas une simple d\u00e9simperm\u00e9abilisation minimale\u00a0\u00bb, tranche le candidat, \u00e9voquant les 93 \u00e9tablissements restant \u00e0 transformer.<\/p>\n<p>Enfin, Fran\u00e7ois Brian\u00e7on d\u00e9fend l\u2019id\u00e9e d\u2019une \u00ab\u00a0ville refuge climatique\u00a0\u00bb.<\/p>\n<p>\u00ab\u00a0Ouvrir les cours d\u2019\u00e9cole, les gymnases et les b\u00e2timents publics frais lors des fortes chaleurs, c\u2019est une question de solidarit\u00e9 et de sant\u00e9 publique\u00a0\u00bb, conclut-il.<\/p>\n","protected":false},"excerpt":{"rendered":"l&rsquo;essentiel Face aux canicules \u00e0 r\u00e9p\u00e9tition et aux \u00eelots de chaleur urbains, la liste Gauche Unie conduite par&hellip;\n","protected":false},"author":2,"featured_media":668236,"comment_status":"","ping_status":"","sticky":false,"template":"","format":"standard","meta":{"footnotes":""},"categories":[2816],"tags":[1111,11,1777,674,1011,27,329,2722,3434,12,2680,316,25,2312,37919],"class_list":{"0":"post-668235","1":"post","2":"type-post","3":"status-publish","4":"format-standard","5":"has-post-thumbnail","7":"category-toulouse","8":"tag-actu","9":"tag-actualites","10":"tag-eu","11":"tag-europe","12":"tag-fr","13":"tag-france","14":"tag-france-monde","15":"tag-haute-garonne","16":"tag-municipales-2026","17":"tag-news","18":"tag-occitanie","19":"tag-politique","20":"tag-republique-francaise","21":"tag-toulouse","22":"tag-u00c9lections"},"share_on_mastodon":{"url":"https:\/\/pubeurope.com\/@fr\/115906090520838805","error":""},"_links":{"self":[{"href":"https:\/\/www.europesays.com\/fr\/wp-json\/wp\/v2\/posts\/668235","targetHints":{"allow":["GET"]}}],"collection":[{"href":"https:\/\/www.europesays.com\/fr\/wp-json\/wp\/v2\/posts"}],"about":[{"href":"https:\/\/www.europesays.com\/fr\/wp-json\/wp\/v2\/types\/post"}],"author":[{"embeddable":true,"href":"https:\/\/www.europesays.com\/fr\/wp-json\/wp\/v2\/users\/2"}],"replies":[{"embeddable":true,"href":"https:\/\/www.europesays.com\/fr\/wp-json\/wp\/v2\/comments?post=668235"}],"version-history":[{"count":0,"href":"https:\/\/www.europesays.com\/fr\/wp-json\/wp\/v2\/posts\/668235\/revisions"}],"wp:featuredmedia":[{"embeddable":true,"href":"https:\/\/www.europesays.com\/fr\/wp-json\/wp\/v2\/media\/668236"}],"wp:attachment":[{"href":"https:\/\/www.europesays.com\/fr\/wp-json\/wp\/v2\/media?parent=668235"}],"wp:term":[{"taxonomy":"category","embeddable":true,"href":"https:\/\/www.europesays.com\/fr\/wp-json\/wp\/v2\/categories?post=668235"},{"taxonomy":"post_tag","embeddable":true,"href":"https:\/\/www.europesays.com\/fr\/wp-json\/wp\/v2\/tags?post=668235"}],"curies":[{"name":"wp","href":"https:\/\/api.w.org\/{rel}","templated":true}]}}