{"id":668273,"date":"2026-01-16T18:22:08","date_gmt":"2026-01-16T18:22:08","guid":{"rendered":"https:\/\/www.europesays.com\/fr\/668273\/"},"modified":"2026-01-16T18:22:08","modified_gmt":"2026-01-16T18:22:08","slug":"en-direct-budget-2026-sebastien-lecornu-annonce-une-hausse-de-la-prime-dactivite-et-assure-que-il-ny-aura-aucune-augmentation-de-la-fiscalite-sur-les-menages-le-mo","status":"publish","type":"post","link":"https:\/\/www.europesays.com\/fr\/668273\/","title":{"rendered":"EN DIRECT, budget 2026 : S\u00e9bastien Lecornu annonce une hausse de la prime d\u2019activit\u00e9 et assure que il n\u2019y aura \u00ab aucune augmentation de la fiscalit\u00e9 sur les m\u00e9nages \u00bb &#8211; Le Monde.fr"},"content":{"rendered":"<ol>\n<li><a href=\"https:\/\/news.google.com\/rss\/articles\/CBMi-wFBVV95cUxQSVFLLWZVNFRhMVFDeWZkejJjUFdTN1RqcjIycjdTSkVwZm1LS25ScjhPYkV2eUhySTVqRjg2a0IwU3hwSlFhSDVlb3BaTkZ3M19YOWJIZ1pxMkVLNTNoRllBUGljRnBmVU5zandsZGVyZTZPa1l1X2JMeUFXcnNyZmZnN1RJc1RQN0FJWnR4My11RXlSMk1rQ3B5VWJxdVB1UFFKUDVta3pWU2tnZTJMNk9vT0xuWVUxUlpWMnJxMldvcGJabjMwRS01cnpQNldaM09OdGVoRTVKamU2X3dqbC1OcHNDb1RsVmFJTF9wckExMGlXTEp3VXVucw?oc=5\" target=\"_blank\" rel=\"noopener\">EN DIRECT, budget 2026 : S\u00e9bastien Lecornu annonce une hausse de la prime d\u2019activit\u00e9 et assure que il n\u2019y aura \u00ab aucune augmentation de la fiscalit\u00e9 sur les m\u00e9nages \u00bb<\/a>&nbsp;&nbsp;Le Monde.fr<\/li>\n<li><a href=\"https:\/\/news.google.com\/rss\/articles\/CBMi-wJBVV95cUxQd0U2dy1BN3R1dllkcXROZGtkUGQ2aGQ4N0EwV2RFdUdWN21LcEs2UUw5V2VTbUhmWjIwSEJzalllenp4Qzd3cHBYcHpRSjlDNXNZV1BHczlqbWM0YklUSE5UamhtOU1wVjhYd0dKY2FxUGhfa2VfN2RrNTFEbzkyN3Y5ak9aclNFT3RuT3g1ZTBHREJlUHlfQTdveTBHYzJwU3d2N0FFSmRlZ0ZUM0owVm9nYU9DUzd6XzFWT1FjTTcyMVQzbHplWjZXejNwbHNUQVcwV1p1Y01KVjlCVGVpWVVxOTBDRUd6OXk1SzJHRWZtNkw3NkdJOF94WV9RWDlsQzNNMkQ4YTVQTWJDakwwektHX2lBY0hMV2VrbDJJczFMMkVlUUFzamJpYkRKOUhFeHdjVEhVMVNVdTBMTFF6SzBCclJmUjRmN21tRWFMTWtrOFJCRTZ4ZmVQYWxDLWVxMHF1NkxrZEhFcVh0UkFFd05sVW5tZVdNZmQ0?oc=5\" target=\"_blank\" rel=\"noopener\">Hausse de la prime d&rsquo;activit\u00e9, indexation du bar\u00e8me de l&rsquo;imp\u00f4t sur le revenu\u2026 S\u00e9bastien Lecornu annonce plusieurs mesures pour convaincre le PS et trouver un accord sur le budget<\/a>&nbsp;&nbsp;BFM<\/li>\n<li><a href=\"https:\/\/news.google.com\/rss\/articles\/CBMi7gFBVV95cUxNRFEydXh4Z2tQVERYREFKQVRYcElkMlBnZGkxeU5XVDVZZ2pEeUE0VHdEVWdNOWpSblFQVG9DMjVmeHJhVDVITkhQcHNjVUJ0NDl4Q3otbjItQnZ3Ukl2OVI4QUg2SzU3OW9iY0VpWnhoUjJmSGNlZ2FibmVtakpFZUcwQ19PakN6bW5SRmpxRXFaUkotc2gyVXZURlZqc01sNHJCSktxTEJkY3ZVR2tBU18wTkU2Zmw5QjF6Ui16dXh2R0tkZTRvdFByMXMwN3ktLXZleXYxczJES0NMYlJNNEpsaUVIazZQVUJOZlVB?oc=5\" target=\"_blank\" rel=\"noopener\">Budget : S\u00e9bastien Lecornu promet un texte \u00ab\u00a0de compromis\u00a0\u00bb mais ne se prononce toujours pas sur le 49.3<\/a>&nbsp;&nbsp;Actualit\u00e9s \u2013 Orange<\/li>\n<li><a href=\"https:\/\/news.google.com\/rss\/articles\/CBMi8gFBVV95cUxOY2NtMGktcDgzX0p3NHhVVk16UWlSUmlTTzZ6bkpSVHV3MHdaWDBmUUF6QXFPbWQzOE9ERWpRUUNfV0dCYXpNdHJ0bi1oVXh1aG1xWVV1MTFmYzFtQXc3U1RpYUFvcklQbml1ZzhGZnFCMk1xb0sxN2hfTWROQUFuWlhDM2NDTzE0UUFSR0Z2ZEdqOVVYRl9DaWRrQ2JVejUtelBNallwWlhMOUl4QVFoMnBzeWZobDFXQTNZd3lpTlFQekl3WUZ0UEpCOUpMc0oxd2ttTGc4UFNLY2pKMVVkeXFZSnp6WWVSdzVpMXYwcmJqdw?oc=5\" target=\"_blank\" rel=\"noopener\">D\u00e9bats annul\u00e9s sur le budget : entre 49.3 et ordonnances, le gouvernement h\u00e9site sur la m\u00e9thode pour passer en force<\/a>&nbsp;&nbsp;L&rsquo;Humanit\u00e9<\/li>\n<li><a href=\"https:\/\/news.google.com\/rss\/articles\/CBMigwJBVV95cUxQT3FTU1hmVnZfa0lsQi1kOVhnOWtyS2hSTVRBOURGTUlvdVl2MW9DaDNGOGhTTVl1cmtHcC1QaHBPUEktY2NSZHVFMVhFU1ctd1Z6U0FMSmFpX2J1SHFwZFNIbkY5Y3EyazhYVTdaZ25hWlJJellib3pRQ09oVnBnUGJGRW42VzJQbEdDNEYtSDBKOXZSOFZVRkk1WTRTY29WY3lCRXo2TjlSZXJHYUtITkNNcDgzQWdQZUtRQU9FbVhlMVc4bVpxcUlPSF9fRW1QU3o3Q0pGWllnWUJucnV3bGVXTXljMHVic0c4U2N4VW9fUl9KRFhZeC1ibE9BT0trTGRn?oc=5\" target=\"_blank\" rel=\"noopener\">Prime d&rsquo;activit\u00e9 : Lecornu annonce une hausse pour certains m\u00e9nages<\/a>&nbsp;&nbsp;La Provence<\/li>\n<\/ol>\n","protected":false},"excerpt":{"rendered":"EN DIRECT, budget 2026 : S\u00e9bastien Lecornu annonce une hausse de la prime d\u2019activit\u00e9 et assure que il&hellip;\n","protected":false},"author":2,"featured_media":395849,"comment_status":"","ping_status":"","sticky":false,"template":"","format":"standard","meta":{"footnotes":""},"categories":[2],"tags":[11,1011,27,12,25],"class_list":{"0":"post-668273","1":"post","2":"type-post","3":"status-publish","4":"format-standard","5":"has-post-thumbnail","7":"category-actualites","8":"tag-actualites","9":"tag-fr","10":"tag-france","11":"tag-news","12":"tag-republique-francaise"},"share_on_mastodon":{"url":"https:\/\/pubeurope.com\/@fr\/115906172960025252","error":""},"_links":{"self":[{"href":"https:\/\/www.europesays.com\/fr\/wp-json\/wp\/v2\/posts\/668273","targetHints":{"allow":["GET"]}}],"collection":[{"href":"https:\/\/www.europesays.com\/fr\/wp-json\/wp\/v2\/posts"}],"about":[{"href":"https:\/\/www.europesays.com\/fr\/wp-json\/wp\/v2\/types\/post"}],"author":[{"embeddable":true,"href":"https:\/\/www.europesays.com\/fr\/wp-json\/wp\/v2\/users\/2"}],"replies":[{"embeddable":true,"href":"https:\/\/www.europesays.com\/fr\/wp-json\/wp\/v2\/comments?post=668273"}],"version-history":[{"count":0,"href":"https:\/\/www.europesays.com\/fr\/wp-json\/wp\/v2\/posts\/668273\/revisions"}],"wp:featuredmedia":[{"embeddable":true,"href":"https:\/\/www.europesays.com\/fr\/wp-json\/wp\/v2\/media\/395849"}],"wp:attachment":[{"href":"https:\/\/www.europesays.com\/fr\/wp-json\/wp\/v2\/media?parent=668273"}],"wp:term":[{"taxonomy":"category","embeddable":true,"href":"https:\/\/www.europesays.com\/fr\/wp-json\/wp\/v2\/categories?post=668273"},{"taxonomy":"post_tag","embeddable":true,"href":"https:\/\/www.europesays.com\/fr\/wp-json\/wp\/v2\/tags?post=668273"}],"curies":[{"name":"wp","href":"https:\/\/api.w.org\/{rel}","templated":true}]}}