{"id":668275,"date":"2026-01-16T18:24:15","date_gmt":"2026-01-16T18:24:15","guid":{"rendered":"https:\/\/www.europesays.com\/fr\/668275\/"},"modified":"2026-01-16T18:24:15","modified_gmt":"2026-01-16T18:24:15","slug":"fabrique-en-france-ce-pouf-electrique-vous-permet-de-dissimuler-vos-tresors","status":"publish","type":"post","link":"https:\/\/www.europesays.com\/fr\/668275\/","title":{"rendered":"fabriqu\u00e9 en France, ce pouf \u00e9lectrique vous permet de dissimuler vos tr\u00e9sors"},"content":{"rendered":"<p class=\"article__intro\">Julien Douay et Kevin Pawlowicz ont con\u00e7u un \u00e9tonnant pouf dissimulant un compartiment secret, qui se r\u00e9v\u00e8le gr\u00e2ce \u00e0 une batterie \u00e9lectrique. Leur prototype a remport\u00e9 un prix au concours \u00c9clats d&rsquo;art de Reims (Marne), le jeudi 08 janvier 2026. <\/p>\n<p>\n      L\u2019actu des r\u00e9gions\n    <\/p>\n<p>\n      Chaque jour, un tour d\u2019horizon des principales infos de toutes les r\u00e9gions.\n    <\/p>\n<p>    France T\u00e9l\u00e9visions utilise votre adresse e-mail afin de vous envoyer la newsletter \u00ab\u00a0L\u2019actu des r\u00e9gions\u00a0\u00bb. Vous pouvez vous d\u00e9sinscrire \u00e0 tout moment via le lien en bas de cette newsletter. <a target=\"_blank\" href=\"https:\/\/www.francetelevisions.fr\/groupe\/confidentialite\/politique-de-confidentialite\/politique-de-confidentialite-de-france-televisions-6503\" rel=\"noopener\">Notre politique de confidentialit\u00e9<\/a><\/p>\n<p>Il para\u00eet qu&rsquo;il ne faut pas toujours se fier aux apparences. Et parfois, il s&rsquo;av\u00e8re qu&rsquo;un pouf n&rsquo;est pas qu&rsquo;un simple pouf. C&rsquo;est le postulat de Julien Douay, de Suippes (Marne) et Kevin Pawlowicz, 36 ans, de Cauroy (Ardennes).<\/p>\n<p>Le concours \u00c9clats d&rsquo;art organis\u00e9 par la municipalit\u00e9 de Reims (Marne) leur a permis de remporter un prix remis par le Grand Est. L&rsquo;objet de cette distinction bienvenue : un prototype de pouf \u00e9lectrique r\u00e9v\u00e9lant un compartiment secret. De la fine ouvrage.<\/p>\n<p>Joint par France 3 Champagne-Ardenne, <a href=\"https:\/\/www.facebook.com\/atelier.douay\/\" target=\"_blank\" rel=\"noopener noreferrer nofollow\" data-tooltip-url=\"https:\/\/www.facebook.com\/atelier.douay\/\">Julien Douay, le ma\u00eetre-artisan-tapissier<\/a> du duo, raconte la gen\u00e8se de ce \u00ab\u00a0pouf secret\u00a0\u00bb. En 2025, le th\u00e8me du <a href=\"https:\/\/www.reims.fr\/reimscommerce\/eclats-dart\" target=\"_blank\" rel=\"noopener noreferrer nofollow\" data-tooltip-url=\"https:\/\/www.reims.fr\/reimscommerce\/eclats-dart\">concours, annuel, destin\u00e9 aux artistes et artisans<\/a>, reposait sur le secret. \u00ab\u00a0J&rsquo;ai donc eu l&rsquo;id\u00e9e d&rsquo;un pouf renfermant une cachette secr\u00e8te.\u00a0\u00bb<\/p>\n<p>Au d\u00e9but, il voulait faire usage d&rsquo;une porte d\u00e9rob\u00e9e coulissante sur ce pouf, mais l&rsquo;id\u00e9e \u00e9tait perfectible. Son comparse n&rsquo;\u00e9tait pas encore pass\u00e9 par-l\u00e0. \u00ab\u00a0Il a eu l&rsquo;id\u00e9e d&rsquo;un syst\u00e8me \u00e9lectrique qui se l\u00e8ve : la cachette secr\u00e8te s&rsquo;\u00e9l\u00e8ve.\u00a0\u00bb Pas besoin de brancher en permanence (\u00e7a ruinerait un peu la confidentialit\u00e9 voulue), \u00e7a fonctionne sur batterie. \u00ab\u00a0Le bouton est dissimul\u00e9 sous le rev\u00eatement. Pour trouver la cachette secr\u00e8te, il faut trouver le bouton qui est secret aussi. C&rsquo;est bluffant.\u00a0\u00bb On ne vous dira pas o\u00f9 il est&#8230;<\/p>\n<p><a data-article-figure=\"\" href=\"https:\/\/france3-regions.franceinfo.fr\/image\/xwRfmC7JOSGsy3go9MrBIwjbQ84\/4000x3000\/regions\/2026\/01\/16\/dentelle-assemblee-sur-cuir-avec-finition-passepoilee-696a67b910b1b364469609.jpg\" data-pswp-width=\"4000\" data-pswp-height=\"3000\" target=\"_blank\" rel=\"noopener\"><\/p>\n<p>          <img width=\"600\" height=\"400\" class=\"article-image lazy\" data-src=\"https:\/\/www.europesays.com\/fr\/wp-content\/uploads\/2026\/01\/dentelle-assemblee-sur-cuir-avec-finition-passepoilee-696a67b910b1b364469609.jpg\" alt=\"D\u00e9tail du cuir, de la dentelle, et du tissu du pouf, avec une \u00e9tiquette signalant la fabrication en France.\" fetchpriority=\"high\" as=\"image\"\/><\/p>\n<p>\n            D\u00e9tail du cuir, de la dentelle, et du tissu du pouf, avec une \u00e9tiquette signalant la fabrication en France.<br \/>\n                           \u2022<br \/>\n                                      \u00a9 Julien Douay\n                      <\/p>\n<p><\/a><\/p>\n<p>Le r\u00e9sultat est d\u00e9crit comme \u00ab\u00a0sensuel\u00a0\u00bb. C&rsquo;est vrai qu&rsquo;on se voit plus y dissimuler de la lingerie fine que des chaussettes de sport<a href=\"https:\/\/france3-regions.franceinfo.fr\/grand-est\/bas-rhin\/strasbourg-0\/strasbourg-j-ai-teste-les-de-boutonne-e-s-love-store-sex-shop-accueillant-pour-la-saint-valentin-1948936.html\" target=\"_blank\" rel=\"noopener noreferrer nofollow\" data-tooltip-url=\"https:\/\/france3-regions.franceinfo.fr\/grand-est\/bas-rhin\/strasbourg-0\/strasbourg-j-ai-teste-les-de-boutonne-e-s-love-store-sex-shop-accueillant-pour-la-saint-valentin-1948936.html\">.<\/a> \u00ab\u00a0Tout le monde a sa partie secr\u00e8te, au niveau de la sensualit\u00e9. Donc l&rsquo;esth\u00e9tique suit aussi\u00a0\u00bb, confie le ma\u00eetre-artisan-tapissier (un potentiel futur Meilleur ouvrier de France (Mof) : il y songe). Avec son associ\u00e9e et compagne M\u00e9lissa, on lui doit d\u00e9j\u00e0 une <a href=\"https:\/\/france3-regions.franceinfo.fr\/grand-est\/marne\/j-ai-toujours-aime-cet-esprit-entre-champagne-et-savoir-faire-local-un-artisan-cree-une-chaise-muselet-3117673.html\" target=\"_blank\" rel=\"noopener noreferrer nofollow\" data-tooltip-url=\"https:\/\/france3-regions.franceinfo.fr\/grand-est\/marne\/j-ai-toujours-aime-cet-esprit-entre-champagne-et-savoir-faire-local-un-artisan-cree-une-chaise-muselet-3117673.html\">chaise en forme de muselet<\/a> (capsule et armature de bouteille de champagne).<\/p>\n<p>La candidature a \u00e9t\u00e9 envoy\u00e9e au fil de l&rsquo;\u00e9t\u00e9. L&rsquo;annonce de la s\u00e9lection du projet pour le concours est intervenue \u00e0 la fin du mois de septembre. Il reste un peu moins de deux mois pour finaliser le prototype : ce pouf n&rsquo;\u00e9tait alors qu&rsquo;un croquis, les plans du m\u00e9canisme n&rsquo;avaient m\u00eame pas encore \u00e9t\u00e9 dessin\u00e9s, et les vell\u00e9it\u00e9s de conception \u00e9taient encore loin. Il faudrait pas loin de 30 heures pour l&rsquo;armature, et encore 40 pour la tapisserie. Pour un bon mois de conception, avec des d\u00e9lais serr\u00e9s, et une fabrication la plus locale possible.<\/p>\n<p>Des adaptations pourraient avoir lieu : proposer le m\u00eame concept pour une banquette, d\u00e9cliner pour <a href=\"https:\/\/france3-regions.franceinfo.fr\/grand-est\/marne\/reims\/bouteille-sur-mesure-bugatti-et-les-champagnes-carbon-s-associent-pour-proposer-des-coffrets-d-exception-2651328.html\" target=\"_blank\" rel=\"noopener noreferrer nofollow\" data-tooltip-url=\"https:\/\/france3-regions.franceinfo.fr\/grand-est\/marne\/reims\/bouteille-sur-mesure-bugatti-et-les-champagnes-carbon-s-associent-pour-proposer-des-coffrets-d-exception-2651328.html\">abriter une bouteille de champagne<\/a>&#8230; \u00ab\u00a0On vise la client\u00e8le des maisons de champagne, des architectes d&rsquo;int\u00e9rieur, des restaurants et des h\u00f4tels&#8230; On nous a aussi beaucoup parl\u00e9 des <a href=\"https:\/\/france3-regions.franceinfo.fr\/grand-est\/alsace\/les-love-rooms-ces-chambres-coquines-qui-font-fureur-les-gens-viennent-chercher-les-equipements-qu-ils-n-ont-pas-chez-eux-2922951.html\" target=\"_blank\" rel=\"noopener noreferrer nofollow\" data-tooltip-url=\"https:\/\/france3-regions.franceinfo.fr\/grand-est\/alsace\/les-love-rooms-ces-chambres-coquines-qui-font-fureur-les-gens-viennent-chercher-les-equipements-qu-ils-n-ont-pas-chez-eux-2922951.html\">love rooms<\/a>. C&rsquo;est revenu tr\u00e8s souvent.\u00a0\u00bb Sapristi. Il va falloir prospecter.<\/p>\n<p><a data-article-figure=\"\" href=\"https:\/\/france3-regions.franceinfo.fr\/image\/IjLkMbhYiJBLsz4fn7sY6AHWNoI\/1536x2048\/regions\/2026\/01\/16\/kevin-pawlowicz-a-gauche-et-julien-douay-a-droite-696a63b285eed711455570.jpg\" data-pswp-width=\"1536\" data-pswp-height=\"2048\" target=\"_blank\" rel=\"noopener\"><\/p>\n<p>          <img width=\"600\" height=\"400\" class=\"article-image lazy\" data-src=\"https:\/\/www.europesays.com\/fr\/wp-content\/uploads\/2026\/01\/kevin-pawlowicz-a-gauche-et-julien-douay-a-droite-696a63b285eed711455570.jpg\" alt=\"Remise du prix pour le pouf secret le jeudi 08 janvier 2026.\" fetchpriority=\"high\" as=\"image\"\/><\/p>\n<p>\n            Remise du prix pour le pouf secret le jeudi 08 janvier 2026.<br \/>\n                           \u2022<br \/>\n                                      \u00a9 Photographie confi\u00e9e \u00e0 France T\u00e9l\u00e9visions par Julien Douay\n                      <\/p>\n<p><\/a><\/p>\n<p>Quant \u00e0 <a href=\"https:\/\/www.facebook.com\/Workshop.kevin\/\" target=\"_blank\" rel=\"noopener noreferrer nofollow\" data-tooltip-url=\"https:\/\/www.facebook.com\/Workshop.kevin\/\">Kevin Pawlowciz<\/a>, menuisier et fabricant par commande num\u00e9rique (d\u00e9coupe et gravure). On lui doit le cadre en bois de h\u00eatre (tr\u00e8s utilis\u00e9 en ameublement) et en contreplaqu\u00e9 (cerclage), ainsi que le syst\u00e8me de ce pouf secret. \u00ab\u00a0On ne pensait pas recevoir un prix. On est plut\u00f4t fier de nous.\u00a0\u00bb Le premier \u00e9tait remis par la ville, le deuxi\u00e8me (le leur) par le Grand Est. \u00ab\u00a0\u00c7a a \u00e9t\u00e9 bien accueilli, on nous a dit qu&rsquo;il y avait du potentiel.\u00a0\u00bb<\/p>\n<p>L&rsquo;ensemble n&rsquo;est pas trop lourd \u00e0 porter. Au cours de la conception, la diff\u00e9rence entre les croquis, la visualisation 3D, et la r\u00e9alit\u00e9 de la fabrication a n\u00e9cessit\u00e9 \u00ab\u00a0d&rsquo;ajouter deux-trois \u00e9l\u00e9ments. Mais par rapport aux machines que je construis, c&rsquo;est plus ou moins clair dans ma t\u00eate.\u00a0\u00bb La dimension \u00e9lectrique est d\u00e9crite comme indispensable, faisant de ce pouf un objet qualifi\u00e9 d&rsquo;unique.<\/p>\n<p>La visualisation 3D pr\u00e9par\u00e9e \u00e0 l&rsquo;avance a permis de bien se pr\u00e9parer. Il n&rsquo;y a pas vraiment eu de probl\u00e8me rencontr\u00e9, si l&rsquo;on excepte \u00ab\u00a0un souci de surchauffe au niveau du moteur. On s&rsquo;est rendu compte que pour la fabrication, \u00e7a allait tr\u00e8s bien; mais pour le SAV [service apr\u00e8s-vente; ndlr], c&rsquo;\u00e9tait moins pratique. Il ne restait plus beaucoup de place une fois le pouf tapiss\u00e9 et ferm\u00e9.\u00a0\u00bb On n&rsquo;avait gu\u00e8re envie que \u00e7a devienne un chauffage, voire une chemin\u00e9e. Pas tr\u00e8s vendeur.<\/p>\n<p><a data-article-figure=\"\" href=\"https:\/\/france3-regions.franceinfo.fr\/image\/71w3AmX6SNBVU7Y_gMb5KJL0IaI\/878x2048\/regions\/2026\/01\/16\/structure-pouf-ouvert-696a62cdda2a1623358895.jpg\" data-pswp-width=\"878\" data-pswp-height=\"2048\" target=\"_blank\" rel=\"noopener\"><\/p>\n<p>          <img width=\"600\" height=\"400\" class=\"article-image lazy\" data-src=\"https:\/\/www.europesays.com\/fr\/wp-content\/uploads\/2026\/01\/structure-pouf-ouvert-696a62cdda2a1623358895.jpg\" alt=\"L'armature du pouf secret, en position ouverte.\" fetchpriority=\"high\" as=\"image\"\/><\/p>\n<p>\n            L&rsquo;armature du pouf secret, en position ouverte.<br \/>\n                           \u2022<br \/>\n                                      \u00a9 Julien Douay\n                      <\/p>\n<p><\/a><\/p>\n<p>Initialement, lors de la pr\u00e9sentation au public \u00e0 l&rsquo;occasion d&rsquo;\u00c9clats d&rsquo;art, \u00ab\u00a0les gens ont pu passer \u00e0 c\u00f4t\u00e9 du pouf en disant : ouais, c&rsquo;est un pouf normal, \u00e7a n&rsquo;a rien de transcendant. Ils ne comprenaient pas trop le principe. Mais une fois qu&rsquo;on leur expliquait, ils \u00e9taient plut\u00f4t enthousiastes, que l&rsquo;id\u00e9e \u00e9tait vraiment sympa.\u00a0\u00bb (voir la localisation des artisans sur <a href=\"https:\/\/www.google.com\/maps\/d\/u\/0\/edit?mid=1G6mK8QdDHK0b0zGLY02Kc09oRV4CgKg&amp;usp=sharing\" target=\"_blank\" rel=\"noopener noreferrer nofollow\" data-tooltip-url=\"https:\/\/www.google.com\/maps\/d\/u\/0\/edit?mid=1G6mK8QdDHK0b0zGLY02Kc09oRV4CgKg&amp;usp=sharing\">la carte<\/a> ci-dessous).<\/p>\n<\/p>\n<p>Pour l&rsquo;acheter (\u00e0 l&rsquo;horizon des 900 euros), il faudra encore un peu attendre : six \u00e0 douze mois le temps de bien s&rsquo;appliquer. L&rsquo;unique exemplaire est pour le moment expos\u00e9 au public dans l&rsquo;atelier suippas de Julien Douay. Le mod\u00e8le a \u00e9t\u00e9 brevet\u00e9. Des s\u00e9ries seront fabriqu\u00e9es, et propos\u00e9es en magasins (une fois qu&rsquo;ils auront \u00e9t\u00e9 d\u00e9march\u00e9s). \u00ab\u00a0On esp\u00e8re qu&rsquo;il sera en vente un jour\u00a0\u00bb, s&rsquo;esclaffe Julien Douay. Le temps de bien v\u00e9rifier que toutes les normes &#8211; notamment \u00e9lectriques &#8211; sont respect\u00e9es.<\/p>\n","protected":false},"excerpt":{"rendered":"Julien Douay et Kevin Pawlowicz ont con\u00e7u un \u00e9tonnant pouf dissimulant un compartiment secret, qui se r\u00e9v\u00e8le gr\u00e2ce&hellip;\n","protected":false},"author":2,"featured_media":668276,"comment_status":"","ping_status":"","sticky":false,"template":"","format":"standard","meta":{"footnotes":""},"categories":[4],"tags":[11,1011,27,12,25],"class_list":{"0":"post-668275","1":"post","2":"type-post","3":"status-publish","4":"format-standard","5":"has-post-thumbnail","7":"category-france","8":"tag-actualites","9":"tag-fr","10":"tag-france","11":"tag-news","12":"tag-republique-francaise"},"share_on_mastodon":{"url":"https:\/\/pubeurope.com\/@fr\/115906180837094123","error":""},"_links":{"self":[{"href":"https:\/\/www.europesays.com\/fr\/wp-json\/wp\/v2\/posts\/668275","targetHints":{"allow":["GET"]}}],"collection":[{"href":"https:\/\/www.europesays.com\/fr\/wp-json\/wp\/v2\/posts"}],"about":[{"href":"https:\/\/www.europesays.com\/fr\/wp-json\/wp\/v2\/types\/post"}],"author":[{"embeddable":true,"href":"https:\/\/www.europesays.com\/fr\/wp-json\/wp\/v2\/users\/2"}],"replies":[{"embeddable":true,"href":"https:\/\/www.europesays.com\/fr\/wp-json\/wp\/v2\/comments?post=668275"}],"version-history":[{"count":0,"href":"https:\/\/www.europesays.com\/fr\/wp-json\/wp\/v2\/posts\/668275\/revisions"}],"wp:featuredmedia":[{"embeddable":true,"href":"https:\/\/www.europesays.com\/fr\/wp-json\/wp\/v2\/media\/668276"}],"wp:attachment":[{"href":"https:\/\/www.europesays.com\/fr\/wp-json\/wp\/v2\/media?parent=668275"}],"wp:term":[{"taxonomy":"category","embeddable":true,"href":"https:\/\/www.europesays.com\/fr\/wp-json\/wp\/v2\/categories?post=668275"},{"taxonomy":"post_tag","embeddable":true,"href":"https:\/\/www.europesays.com\/fr\/wp-json\/wp\/v2\/tags?post=668275"}],"curies":[{"name":"wp","href":"https:\/\/api.w.org\/{rel}","templated":true}]}}