{"id":668277,"date":"2026-01-16T18:25:12","date_gmt":"2026-01-16T18:25:12","guid":{"rendered":"https:\/\/www.europesays.com\/fr\/668277\/"},"modified":"2026-01-16T18:25:12","modified_gmt":"2026-01-16T18:25:12","slug":"la-somme-folle-que-dechambeau-reclamerait-pour-rester-sur-le-liv-golf","status":"publish","type":"post","link":"https:\/\/www.europesays.com\/fr\/668277\/","title":{"rendered":"La somme folle que DeChambeau r\u00e9clamerait pour rester sur le LIV Golf"},"content":{"rendered":"<p>\t\t\t\t\t\t<img width=\"770\" height=\"556\" src=\"data:image\/svg+xml,%3Csvg%20xmlns=\" http:=\"\" class=\"img-responsive wp-post-image\" alt=\"Mateo Villalba\/LIV Golf\" decoding=\"async\" fetchpriority=\"high\" data-lazy- data-lazy- data-lazy-src=\"https:\/\/www.europesays.com\/fr\/wp-content\/uploads\/2025\/06\/va_06_04_25_mvb05624-770x556.jpg\"\/>\t\t\t\t\t<\/p>\n<p>\t\t\t\t\t\t Partager cet article <\/p>\n<p class=\"screen-reader-text juiz_sps_maybe_hidden_text\">Partager la publication \u00ab\u00a0La somme folle que DeChambeau r\u00e9clamerait pour rester sur le LIV Golf\u00a0\u00bb<\/p>\n<p><strong>Alors qu\u2019il ne lui reste qu\u2019une ann\u00e9e de contrat avec le Circuit saoudien, Bryson DeChambeau souhaiterait, selon The Telegragh, prolonger pour quatre ann\u00e9es de plus avec un ch\u00e8que de\u2026 500 millions de dollars\u00a0!<\/strong><\/p>\n<p><strong>Bryson DeChambeau<\/strong> va-t-il devenir le golfeur en activit\u00e9 le plus riche de la plan\u00e8te\u00a0? Voire le sportif de haut niveau le mieux r\u00e9mun\u00e9r\u00e9\u00a0? Devant les plus grandes stars du sport, toutes comp\u00e9titions confondues\u00a0?<\/p>\n<p>A en croire The Telegraph, qui est tr\u00e8s souvent bien inform\u00e9, l\u2019Am\u00e9ricain double vainqueur de l\u2019<strong>U.S. Open<\/strong> r\u00e9clamerait ainsi la modique somme de 500 millions de dollars pour rester sur le <strong>LIV Golf<\/strong> \u00e0 l\u2019issue de la saison 2026. Toujours selon le quotidien britannique, en cas d\u2019accord trouv\u00e9, ce contrat courrait sur quatre ann\u00e9es suppl\u00e9mentaires.<\/p>\n<p><a href=\"https:\/\/www.golfplanete.com\/actualites\/officiel-brooks-koepka-signe-son-grand-retour-sur-le-pga-tour\/\" target=\"_blank\" rel=\"noopener\">Le d\u00e9part de Brooks Koepka<\/a> du Circuit saoudien et son retour sur le <strong>PGA Tour<\/strong> a, semble-t-il, aiguis\u00e9 les app\u00e9tits de DeChambeau, en position de force \u2013 vis-\u00e0-vis de ses actuels employeurs, \u00e0 savoir le <strong>Fonds d\u2019investissement public (PIF)<\/strong> d\u2019Arabie saoudite \u2013 pour n\u00e9gocier un tr\u00e8s lucratif second contrat. \u00a0<\/p>\n<blockquote><p>&#13;<br \/>\nJe pourrais aussi simplement faire du golf sur YouTube et m\u2019en sortir tr\u00e8s bien.\u00a0&#13;<br \/>\n&#13;<br \/>\nBryson DeChambeau<\/p><\/blockquote>\n<p>En d\u00e9but de semaine, en Floride, lors des journ\u00e9es m\u00e9diatiques de pr\u00e9-saison du LIV Golf, le golfeur bodybuild\u00e9 a confirm\u00e9 qu\u2019il irait au bout de son contrat (fin 2026) tout en laissant planer le doute sur la suite. \u00ab\u00a0Je n\u2019ai aucune id\u00e9e de ce qui va se passer dans un an \u00bb, a-t-il l\u00e2ch\u00e9.<\/p>\n<p>\u00ab\u00a0Les discussions sont en cours, a-t-il \u00e9galement d\u00e9clar\u00e9. Nous devons arriver \u00e0 un point o\u00f9 les deux parties ont une bonne compr\u00e9hension l\u2019une de l\u2019autre. Il s\u2019agit d\u2019arriver \u00e0 un endroit qui ait du sens pour les deux c\u00f4t\u00e9s. Et je pense que c\u2019est possible, mais on ne sait jamais. La vie r\u00e9serve des surprises. \u00bb<\/p>\n<p>Avant de poursuivre, encore plus \u00e9nigmatique que jamais :\u00a0\u00ab Le LIV, c\u2019est l\u00e0 o\u00f9 je veux \u00eatre, mais en fin de compte, \u00e7a doit faire sens pour tout le monde. Parce que je pourrais aussi simplement faire du golf sur YouTube et m\u2019en sortir tr\u00e8s bien.\u00a0\u00bb<\/p>\n<p>Le LIV Golf en sursis ?\u00a0<\/p>\n<p>Ce qui est certain, c\u2019est qu\u2019un retour de DeChambeau sur le PGA Tour pourrait d\u00e9finitivement sceller le destin du LIV Golf, d\u2019autant que le Circuit US, par l\u2019interm\u00e9diaire de son <a href=\"https:\/\/www.golfplanete.com\/actualites\/un-conflit-parti-pour-durer\/\" target=\"_blank\" rel=\"noopener\">Returning Member Program<\/a>, pourrait, qui sait, convaincre aussi <strong>Jon Rahm<\/strong> ou encore <strong>Cameron Smith<\/strong> de \u00ab rentrer au bercail \u00bb. Tous ces r\u00e9cents vainqueurs en Majeur ont d\u2019ailleurs jusqu\u2019au 2 f\u00e9vrier pour accepter l\u2019offre du PGA Tour.<\/p>\n<p>Afin de calmer le jeu et de retenir \u00ab\u00a0ses forces vives \u00bb en son sein, le LIV Golf a toutefois annonc\u00e9 l\u2019augmentation du prize money pour 2026 \u00e0 30 millions de dollars par tournoi, \u00e0 d\u00e9faut d\u2019avoir attir\u00e9 de grandes stars du golf mondial dans ses filets \u00e0 l\u2019intersaison. Avec tout le respect que l\u2019on a pour <strong>Victor Perez<\/strong>, <strong>Thomas Detry<\/strong> ou encore <strong>Byeong-hun An<\/strong>. Un avis qui n\u2019est pas tr\u00e8s loin d\u2019\u00eatre partag\u00e9 par l\u2019actuel n\u00b02 mondial, <strong>Rory McIlroy<\/strong>.\u00a0<\/p>\n<blockquote><p>&#13;<br \/>\nIls pourraient re-signer Bryson pour des centaines de millions de dollars, mais m\u00eame s\u2019ils le font, cela ne change pas leur produit, n\u2019est-ce pas ?&#13;<br \/>\n&#13;<br \/>\nRory McIlroy<\/p><\/blockquote>\n<p>\u00ab Ce n\u2019est pas comme s\u2019ils avaient fait de grosses signatures cette ann\u00e9e, n\u2019est-ce pas ? a souffl\u00e9 le Nord-Irlandais en marge du <strong>Duba\u00ef Invitational<\/strong>. Ils n\u2019ont sign\u00e9 personne qui fasse vraiment la diff\u00e9rence, et je ne pense pas qu\u2019ils le feront. Ils pourraient re-signer Bryson pour des centaines de millions de dollars, mais m\u00eame s\u2019ils le font, cela ne change pas leur produit, n\u2019est-ce pas ? Ils paieront juste pour exactement la m\u00eame chose. \u00bb<\/p>\n<p>La question que l\u2019on peut n\u00e9anmoins se poser concernant cet \u00e9ventuel \u00ab\u00a0nouveau contrat\u00a0\u00bb en or est\u00a0: Bryson DeChambeau g\u00e9n\u00e8re-t-il assez de revenus pour justifier un tel montant\u00a0? Peut-il \u00eatre l\u2019\u00e9gal d\u2019un <strong>Lionel Messi<\/strong>, d\u2019un <strong>Cristiano Ronaldo<\/strong> ou encore d\u2019un <strong>LeBron James<\/strong>, ic\u00f4nes mondiales du sport qui, eux, b\u00e9n\u00e9ficient d\u2019un \u00e9cosyst\u00e8me de diffusion pesant plusieurs milliards de dollars ? Pas s\u00fbr !\u00a0<\/p>\n<p>Photo : Mateo Villalba\/LIV Golf<\/p>\n","protected":false},"excerpt":{"rendered":"Partager cet article Partager la publication \u00ab\u00a0La somme folle que DeChambeau r\u00e9clamerait pour rester sur le LIV Golf\u00a0\u00bb&hellip;\n","protected":false},"author":2,"featured_media":162815,"comment_status":"","ping_status":"","sticky":false,"template":"","format":"standard","meta":{"footnotes":""},"categories":[1418],"tags":[1011,27,1472,60],"class_list":{"0":"post-668277","1":"post","2":"type-post","3":"status-publish","4":"format-standard","5":"has-post-thumbnail","7":"category-golf","8":"tag-fr","9":"tag-france","10":"tag-golf","11":"tag-sports"},"share_on_mastodon":{"url":"https:\/\/pubeurope.com\/@fr\/115906184652517994","error":""},"_links":{"self":[{"href":"https:\/\/www.europesays.com\/fr\/wp-json\/wp\/v2\/posts\/668277","targetHints":{"allow":["GET"]}}],"collection":[{"href":"https:\/\/www.europesays.com\/fr\/wp-json\/wp\/v2\/posts"}],"about":[{"href":"https:\/\/www.europesays.com\/fr\/wp-json\/wp\/v2\/types\/post"}],"author":[{"embeddable":true,"href":"https:\/\/www.europesays.com\/fr\/wp-json\/wp\/v2\/users\/2"}],"replies":[{"embeddable":true,"href":"https:\/\/www.europesays.com\/fr\/wp-json\/wp\/v2\/comments?post=668277"}],"version-history":[{"count":0,"href":"https:\/\/www.europesays.com\/fr\/wp-json\/wp\/v2\/posts\/668277\/revisions"}],"wp:featuredmedia":[{"embeddable":true,"href":"https:\/\/www.europesays.com\/fr\/wp-json\/wp\/v2\/media\/162815"}],"wp:attachment":[{"href":"https:\/\/www.europesays.com\/fr\/wp-json\/wp\/v2\/media?parent=668277"}],"wp:term":[{"taxonomy":"category","embeddable":true,"href":"https:\/\/www.europesays.com\/fr\/wp-json\/wp\/v2\/categories?post=668277"},{"taxonomy":"post_tag","embeddable":true,"href":"https:\/\/www.europesays.com\/fr\/wp-json\/wp\/v2\/tags?post=668277"}],"curies":[{"name":"wp","href":"https:\/\/api.w.org\/{rel}","templated":true}]}}