{"id":668281,"date":"2026-01-16T18:32:11","date_gmt":"2026-01-16T18:32:11","guid":{"rendered":"https:\/\/www.europesays.com\/fr\/668281\/"},"modified":"2026-01-16T18:32:11","modified_gmt":"2026-01-16T18:32:11","slug":"leo-bisiaux-cest-un-grand-tour-qui-me-convient-bien-actualite","status":"publish","type":"post","link":"https:\/\/www.europesays.com\/fr\/668281\/","title":{"rendered":"L\u00e9o Bisiaux : \u00ab C\u2019est un Grand Tour qui me convient bien \u00bb &#8211; Actualit\u00e9"},"content":{"rendered":"<p>Il reste encore trois week-ends de cyclo-cross \u00e0 <strong><a href=\"https:\/\/www.directvelo.com\/coureur\/37792\/leo-bisiaux\" target=\"_blank\" rel=\"noopener\">L\u00e9o Bisiaux<\/a><\/strong> avant de basculer vers la saison sur route. Apr\u00e8s le Mondial Espoirs, le 31 janvier \u00e0 Hulst (Pays-Bas), le coureur de Decathlon CMA CGM va couper seulement \u00ab\u00a0quatre ou cinq jours\u00a0\u00bb avant de remettre le bleu de chauffe. \u201cJ&rsquo;aimerais bien ne pas couper plus longtemps et apr\u00e8s bien remettre en route pour faire de bonnes semaines d\u2019entra\u00eenement\u201d, dit-il \u00e0 DirectVelo.<br \/><strong>LE TOUR DE CATALOGNE, UNE POSSIBILIT\u00c9 POUR D\u00c9BUTER<\/strong><\/p>\n<p>Pour sa reprise en comp\u00e9tition, ce sera au plus tard au Tour du Pays basque. \u201cMais on esp\u00e8re que je sois pr\u00eat avant, pour le Tour de Catalogne, m\u00eame s\u2019il n\u2019y aura pas de pression pour que ce soit le cas\u201d.<\/p>\n<p>Apr\u00e8s le Tour du Pays basque o\u00f9 il avait fini 25e du g\u00e9n\u00e9ral l&rsquo;an pass\u00e9, il sera engag\u00e9 la semaine suivante sur le week-end franc-comtois pour disputer la Classic Grand Besan\u00e7on Doubs et le Tour du Jura.\u00a0\u201cCe sont des courses qui me conviennent bien\u201d, note-t-il. Place ensuite \u00e0 une course d\u2019un jour, en WorldTour, \u00e0 Francfort. La route va se cabrer par la suite avec un stage en altitude, la Mercan\u2019Tour Classic et le Tour Auvergne-Rh\u00f4ne-Alpes (ex-Crit\u00e9rium du Dauphin\u00e9) que l\u2019Auvergnat d\u00e9couvrira, un an apr\u00e8s avoir particip\u00e9 au Tour de Suisse. Il doublera ensuite le contre-la-montre et la course en ligne, \u00e0 la Tour-du-Pin (Is\u00e8re), lors du Championnat de France.\u00a0<\/p>\n<p><strong>DE RETOUR SUR LA VUELTA<\/strong><br \/>La suite ressemblera \u00e0 l\u2019an pass\u00e9 avec une nouvelle participation au Tour d\u2019Espagne, apr\u00e8s un stage en altitude puis la Clasica de San-Sebastian et le Tour de Burgos <strong><a href=\"https:\/\/www.directvelo.com\/actualite\/123008\/leo-bisiaux-un-peu-de-deception-mais-beaucoup-de-positif\" target=\"_blank\" rel=\"noopener\">o\u00f9 il avait lev\u00e9 les bras l\u2019an dernier<\/a> <\/strong>avant de finir 3e du g\u00e9n\u00e9ral.\u00a0Revenir sur la Vuelta en 2026 lui semble une \u00e9vidence. \u201cVu que je fais du cyclo-cross, c&rsquo;\u00e9tait compliqu\u00e9 d&rsquo;aller sur le Giro. Je pense que pour le Tour, ce n&rsquo;est pas possible d\u2019avoir vraiment une pr\u00e9pa optimale en faisant du cyclo-cross. C\u2019\u00e9tait logique de retourner sur la Vuelta\u201d.<\/p>\n<p><strong><a href=\"https:\/\/www.directvelo.com\/actualite\/123608\/tour-d-espagne-malade-leo-bisiaux-a-besoin-de-temps\" target=\"_blank\" rel=\"noopener\">Sa premi\u00e8re exp\u00e9rience sur un Grand Tour avait \u00e9t\u00e9 l\u2019an dernier perturb\u00e9e par la maladie<\/a><\/strong>, ce qui ne l\u2019avait pas emp\u00each\u00e9 de retrouver des couleurs en seconde partie de course. \u201cC\u2019est un Grand Tour qui me convient bien avec la chaleur et des mont\u00e9es assez raides\u201d, observe-t-il. Le parcours de l\u2019\u00e9dition 2026 le ravit. \u201cIl y a pas mal d&rsquo;\u00e9tapes assez dures, dont trois \u00e0 plus de 5000 m\u00e8tres de d\u00e9nivel\u00e9. Donc je pense qu&rsquo;il y aura de quoi faire\u201d. Il pourrait \u00eatre amen\u00e9 \u00e0 se concentrer sur le classement g\u00e9n\u00e9ral, ce qu\u2019il n\u2019a pas pu essayer en 2025. \u201cJ\u2019aimerais bien voir ce que je peux faire sur un g\u00e9n\u00e9ral m\u00eame si d\u2019autres coureurs seront aussi prot\u00e9g\u00e9s. Il faudra aussi voir o\u00f9 j\u2019en suis apr\u00e8s les premi\u00e8res courses. Je ferai un point apr\u00e8s le \u00ab\u00a0Dauphin\u00e9\u00a0\u00bb<strong id=\"docs-internal-guid-ca22f652-7fff-4ab2-1346-d6a65c0baf9a\">\u00a0<\/strong>pour voir ce qu&rsquo;il sera possible d&rsquo;esp\u00e9rer sur la Vuelta\u201d.<\/p>\n<p><strong>LA FIN DE SAISON EN CHINE ?\u00a0<\/strong><\/p>\n<p>Pour la toute fin de saison, il est candidat \u00e0 une participation au Tour de Guangxi. \u201cLe classement g\u00e9n\u00e9ral se fait sur une mont\u00e9e de dix minutes. \u00c7a serait une belle exp\u00e9rience de courir dans un autre pays\u201d, conclut L\u00e9o Bisiaux, <strong><a href=\"https:\/\/www.directvelo.com\/actualite\/124576\/leo-bisiaux-une-belle-saison-pour-construire-lavenir\" target=\"_blank\" rel=\"noopener\">qui avait fini sa saison 2025 sur les routes du Tour de Lombardie<\/a><\/strong>. <\/p>\n<p><strong>Le programme de L\u00e9o Bisiaux :<\/strong> <br \/>23\/03 &#8211; 29\/03 : Tour de Catalogne (2.UWT)\u00a0<br \/>06\/04 &#8211; 11\/04 : Tour du Pays basque (2.UWT)<br \/>17\/04 : Classic Grand Besan\u00e7on (1.1)<br \/>18\/04 : Tour du Jura (1.1)<br \/>01\/05 : Eschborn-Francfort\u00a0(1.UWT)<br \/>03\/06 : Mercan&rsquo;Tour Classic Alpes Maritimes (1.1)<br \/>07\/06 &#8211; 14\/06 : Tour Auvergne-Rh\u00f4ne-Alpes (2.UWT)<br \/>24\/06 : Championnat de France du contre-la-montre<br \/>27\/06 : Championnat de France en ligne<br \/>01\/08 : Clasica San Sebastian (1.UWT)\u00a0<br \/>04\/08 &#8211; 08\/08 : Tour de Burgos (2.Pro)<br \/>22\/08 &#8211; 13\/09 : Tour d\u2019Espagne (2.UWT)<br \/>13\/10 &#8211; 18\/10 : Tour de Guangxi (2.UWT)\u00a0<\/p>\n","protected":false},"excerpt":{"rendered":"Il reste encore trois week-ends de cyclo-cross \u00e0 L\u00e9o Bisiaux avant de basculer vers la saison sur route.&hellip;\n","protected":false},"author":2,"featured_media":668282,"comment_status":"","ping_status":"","sticky":false,"template":"","format":"standard","meta":{"footnotes":""},"categories":[1411],"tags":[834,828,836,829,837,827,83,826,824,823,1154,207,814,817,815,816,822,821,832,211,839,1011,27,820,818,819,835,831,830,833,838,60,212,208,825],"class_list":{"0":"post-668281","1":"post","2":"type-post","3":"status-publish","4":"format-standard","5":"has-post-thumbnail","7":"category-cyclisme","8":"tag-attaque","9":"tag-belgique","10":"tag-braquet","11":"tag-bretagne","12":"tag-chute","13":"tag-competition","14":"tag-coupe-de-france","15":"tag-coureur","16":"tag-course-cyclisme","17":"tag-course-cycliste","18":"tag-cycling","19":"tag-cyclisme","20":"tag-direct","21":"tag-direct-velo","22":"tag-directvelo","23":"tag-directvelo-com","24":"tag-epreuve","25":"tag-epreuve-cycliste","26":"tag-federation-francaise-de-cyclisme","27":"tag-ffc","28":"tag-flandres","29":"tag-fr","30":"tag-france","31":"tag-live","32":"tag-live-course","33":"tag-live-epreuve","34":"tag-peloton","35":"tag-radio-peloton","36":"tag-radio-tour","37":"tag-ravitaillement","38":"tag-relance","39":"tag-sports","40":"tag-uci","41":"tag-velo","42":"tag-velos"},"share_on_mastodon":{"url":"https:\/\/pubeurope.com\/@fr\/115906212253623943","error":""},"_links":{"self":[{"href":"https:\/\/www.europesays.com\/fr\/wp-json\/wp\/v2\/posts\/668281","targetHints":{"allow":["GET"]}}],"collection":[{"href":"https:\/\/www.europesays.com\/fr\/wp-json\/wp\/v2\/posts"}],"about":[{"href":"https:\/\/www.europesays.com\/fr\/wp-json\/wp\/v2\/types\/post"}],"author":[{"embeddable":true,"href":"https:\/\/www.europesays.com\/fr\/wp-json\/wp\/v2\/users\/2"}],"replies":[{"embeddable":true,"href":"https:\/\/www.europesays.com\/fr\/wp-json\/wp\/v2\/comments?post=668281"}],"version-history":[{"count":0,"href":"https:\/\/www.europesays.com\/fr\/wp-json\/wp\/v2\/posts\/668281\/revisions"}],"wp:featuredmedia":[{"embeddable":true,"href":"https:\/\/www.europesays.com\/fr\/wp-json\/wp\/v2\/media\/668282"}],"wp:attachment":[{"href":"https:\/\/www.europesays.com\/fr\/wp-json\/wp\/v2\/media?parent=668281"}],"wp:term":[{"taxonomy":"category","embeddable":true,"href":"https:\/\/www.europesays.com\/fr\/wp-json\/wp\/v2\/categories?post=668281"},{"taxonomy":"post_tag","embeddable":true,"href":"https:\/\/www.europesays.com\/fr\/wp-json\/wp\/v2\/tags?post=668281"}],"curies":[{"name":"wp","href":"https:\/\/api.w.org\/{rel}","templated":true}]}}