{"id":668287,"date":"2026-01-16T18:35:15","date_gmt":"2026-01-16T18:35:15","guid":{"rendered":"https:\/\/www.europesays.com\/fr\/668287\/"},"modified":"2026-01-16T18:35:15","modified_gmt":"2026-01-16T18:35:15","slug":"catherine-henriette-capture-le-silence-blanc-dhokkaido-a-la-galerie-leica-paris","status":"publish","type":"post","link":"https:\/\/www.europesays.com\/fr\/668287\/","title":{"rendered":"Catherine Henriette capture le silence blanc d&rsquo;Hokkaid\u014d \u00e0 la galerie Leica Paris"},"content":{"rendered":"<p>Jusqu\u2019au 28 mars 2026, la <strong>galerie Leica Paris<\/strong> accueille Le bruit de la neige, une s\u00e9rie contemplative de <strong>Catherine Henriette<\/strong> r\u00e9alis\u00e9e dans <strong>l\u2019extr\u00eame<\/strong> <strong>nord du Japon<\/strong>, sur l\u2019\u00eele d\u2019Hokkaid\u014d.<\/p>\n<p><a href=\"https:\/\/phototrend.fr\/wp-content\/uploads\/2026\/01\/catherine-henriette_le-bruit-de-la-neige_2005402.jpg\" target=\"_blank\" rel=\"noopener\"><img decoding=\"async\" width=\"1400\" height=\"933\" loading=\"lazy\" src=\"https:\/\/www.europesays.com\/fr\/wp-content\/uploads\/2026\/01\/catherine-henriette_le-bruit-de-la-neige_2005402-1400x933.jpg\" alt=\"\" class=\"wp-image-258760\"  \/><\/a>\u00a9 Catherine Henriette<\/p>\n<p>Ancienne photojournaliste \u00e0 l\u2019AFP, Catherine Henriette a couvert l\u2019actualit\u00e9 internationale pour GEO, Le Figaro et L\u2019Express avant de se tourner vers un <strong>travail plus contemplatif<\/strong>, \u00e0 la fronti\u00e8re entre photographie et peinture. Laur\u00e9ate du Prix de Photographie de l\u2019Acad\u00e9mie des Beaux-Arts en 2013, repr\u00e9sent\u00e9e par la <a href=\"https:\/\/phototrend.fr\/tag\/galerie-sit-down\/\" target=\"_blank\" rel=\"noopener\">Galerie Sit Down<\/a> et expos\u00e9e \u00e0 Paris Photo comme \u00e0 l\u2019AIPAD de New York, elle poursuit depuis plusieurs ann\u00e9es une exploration patiente des <strong>paysages hivernaux<\/strong>.<\/p>\n<p><a href=\"https:\/\/phototrend.fr\/wp-content\/uploads\/2026\/01\/catherine-henriette_le-bruit-de-la-neige_2001890.jpg\" target=\"_blank\" rel=\"noopener\"><img decoding=\"async\" width=\"1400\" height=\"935\" loading=\"lazy\" src=\"https:\/\/www.europesays.com\/fr\/wp-content\/uploads\/2026\/01\/catherine-henriette_le-bruit-de-la-neige_2001890-1400x935.jpg\" alt=\"\" class=\"wp-image-258757\"  \/><\/a>\u00a9 Catherine Henriette<\/p>\n<p>C\u2019est \u00e0 <strong>Wakkanai<\/strong>, terminus ferroviaire sur le littoral d\u2019<strong>Hokkaid\u014d<\/strong>, que la photographe fran\u00e7aise a pos\u00e9 son regard au fil de plusieurs hivers depuis 2019. Un choix radical : cette <strong>r\u00e9gion c\u00f4ti\u00e8re<\/strong>, balay\u00e9e par les vents et engourdie par le froid, se vide de ses habitants durant la <strong>saison froide<\/strong>. Les p\u00eacheurs d\u00e9sertent le port, les usines ferment, le temps suspend son cours.<\/p>\n<p><a href=\"https:\/\/phototrend.fr\/wp-content\/uploads\/2026\/01\/catherine-henriette_le-bruit-de-la-neige_2002943.jpg\" target=\"_blank\" rel=\"noopener\"><img decoding=\"async\" width=\"1400\" height=\"935\" loading=\"lazy\" src=\"https:\/\/www.europesays.com\/fr\/wp-content\/uploads\/2026\/01\/catherine-henriette_le-bruit-de-la-neige_2002943-1400x935.jpg\" alt=\"\" class=\"wp-image-258758\"  \/><\/a>\u00a9 Catherine Henriette<\/p>\n<p>Les images expos\u00e9es r\u00e9v\u00e8lent un <strong>univers o\u00f9 le blanc r\u00e8gne en ma\u00eetre absolu<\/strong>. La neige recouvre tout \u2013 b\u00e2timents industriels, bateaux abandonn\u00e9s, cong\u00e8res monumentales \u2013 tandis que le ciel gris se confond avec l\u2019horizon dans une m\u00eame palette de gris argent\u00e9s. Cette <strong>quasi-monochromie<\/strong> n\u2019est pourtant jamais monotone : la photographe excelle \u00e0 capter les subtiles variations de lumi\u00e8re et les textures de la neige.<\/p>\n<p><a href=\"https:\/\/phototrend.fr\/wp-content\/uploads\/2026\/01\/catherine-henriette_le-bruit-de-la-neige_2001901.jpg\" target=\"_blank\" rel=\"noopener\"><img decoding=\"async\" width=\"1400\" height=\"935\" loading=\"lazy\" src=\"https:\/\/www.europesays.com\/fr\/wp-content\/uploads\/2026\/01\/catherine-henriette_le-bruit-de-la-neige_2001901-1400x935.jpg\" alt=\"\" class=\"wp-image-258759\"  \/><\/a>\u00a9 Catherine Henriette<\/p>\n<p>Dans ce paysage apparemment <strong>vid\u00e9 de toute pr\u00e9sence<\/strong>, quelques \u00e9l\u00e9ments viennent ponctuer les compositions avec une <strong>pr\u00e9cision graphique<\/strong> remarquable. Des <strong>corbeaux<\/strong> \u2013 silhouettes noires en vol ou perch\u00e9s sur des enseignes \u2013 apportent un contrepoint saisissant \u00e0 l\u2019immensit\u00e9 blanche. Des <strong>herbes s\u00e9ch\u00e9es<\/strong> et des <strong>roseaux<\/strong> \u00e9mergent des cong\u00e8res, leurs teintes ocre et brunes offrant les seules touches de couleur chaude dans cet <strong>univers glac\u00e9.<\/strong><\/p>\n<p><a href=\"https:\/\/phototrend.fr\/wp-content\/uploads\/2026\/01\/catherine-henriette_le-bruit-de-la-neige_2000826.jpg\" target=\"_blank\" rel=\"noopener\"><img decoding=\"async\" width=\"1400\" height=\"935\" loading=\"lazy\" src=\"https:\/\/www.europesays.com\/fr\/wp-content\/uploads\/2026\/01\/catherine-henriette_le-bruit-de-la-neige_2000826-1400x935.jpg\" alt=\"\" class=\"wp-image-258761\"  \/><\/a>\u00a9 Catherine Henriette<\/p>\n<p>L\u2019approche de Catherine Henriette \u00e9voque celle des peintres qui <strong>travaillent par s\u00e9ries sur un m\u00eame motif<\/strong>. Elle revient inlassablement, explorant les infinies variations qu\u2019offrent la m\u00e9t\u00e9o changeante et les quelques heures de lumi\u00e8re hivernale. Cette <strong>obstination<\/strong> porte ses fruits : ses images d\u00e9gagent une <strong>force contemplative<\/strong> rare, invitant le spectateur \u00e0 <strong><a href=\"https:\/\/phototrend.fr\/2017\/08\/mp-200-le-guide-du-photographe-zen\/\" target=\"_blank\" rel=\"noopener\">ralentir<\/a><\/strong>, \u00e0 \u00e9couter ce que pourrait \u00eatre, justement, <strong>le bruit de la neige<\/strong>.<\/p>\n<p>Voir aussi<\/p>\n<p><a href=\"https:\/\/phototrend.fr\/2026\/01\/board-culture-exposure-tignes-2026\/\" class=\"mask-img\" title=\"WINTERFEST2026\" target=\"_blank\" rel=\"noopener\"><img decoding=\"async\" width=\"100\" height=\"100\" src=\"https:\/\/www.europesays.com\/fr\/wp-content\/uploads\/2026\/01\/winterfest2026-100x100.jpg\" class=\"attachment-thumbnail size-thumbnail zeen-lazy-load-base zeen-lazy-load  wp-post-image\" alt=\"\"   loading=\"lazy\"\/><\/a><\/p>\n<p><a href=\"https:\/\/phototrend.fr\/wp-content\/uploads\/2026\/01\/catherine-henriette_le-bruit-de-la-neige_2005622.jpg\" target=\"_blank\" rel=\"noopener\"><img decoding=\"async\" width=\"1400\" height=\"935\" loading=\"lazy\" src=\"https:\/\/www.europesays.com\/fr\/wp-content\/uploads\/2026\/01\/catherine-henriette_le-bruit-de-la-neige_2005622-1400x935.jpg\" alt=\"\" class=\"wp-image-258756\"  \/><\/a>\u00a9 Catherine Henriette<\/p>\n<p>Certaines images nous raccrochent au travail de <a href=\"https:\/\/phototrend.fr\/tag\/christophe-jacrot\/\" target=\"_blank\" rel=\"noopener\"><strong>Christophe Jacrot<\/strong><\/a>, qui s\u2019est fait comme sp\u00e9cialit\u00e9 d\u2019explorer les intemp\u00e9ries, notamment la neige.<\/p>\n<p><strong>Informations pratiques :<\/strong><br \/><a href=\"https:\/\/leica-camera.com\/fr-FR\/event\/le-bruit-de-la-neige?srsltid=AfmBOopHMvO10eIogTM3yCzesWrrC_lLm6CDzvZ9H_ad55Oj35GmccGa\" target=\"_blank\" rel=\"noopener\"><strong>Catherine Henriette, le bruit de la neige<\/strong><br \/><\/a>Galerie Leica<br \/>Du 27 novembre 2025 au 28 mars 2026<br \/>26 rue Boissy d\u2019Anglas, 75008 Paris<br \/>Ouvert du lundi au samedi, 10h-19h<br \/>Entr\u00e9e libre<\/p>\n","protected":false},"excerpt":{"rendered":"Jusqu\u2019au 28 mars 2026, la galerie Leica Paris accueille Le bruit de la neige, une s\u00e9rie contemplative de&hellip;\n","protected":false},"author":2,"featured_media":668288,"comment_status":"","ping_status":"","sticky":false,"template":"","format":"standard","meta":{"footnotes":""},"categories":[1358],"tags":[1348,1384,1385,76825,76826,1386,58,59,76827,1011,27,76828,2070,10584],"class_list":{"0":"post-668287","1":"post","2":"type-post","3":"status-publish","4":"format-standard","5":"has-post-thumbnail","7":"category-arts-et-design","8":"tag-arts","9":"tag-arts-and-design","10":"tag-arts-et-design","11":"tag-catherine-henriette","12":"tag-contemplation","13":"tag-design","14":"tag-divertissement","15":"tag-entertainment","16":"tag-expo-photo-paris","17":"tag-fr","18":"tag-france","19":"tag-galerie-leica","20":"tag-japon","21":"tag-neige"},"share_on_mastodon":{"url":"https:\/\/pubeurope.com\/@fr\/115906224309312749","error":""},"_links":{"self":[{"href":"https:\/\/www.europesays.com\/fr\/wp-json\/wp\/v2\/posts\/668287","targetHints":{"allow":["GET"]}}],"collection":[{"href":"https:\/\/www.europesays.com\/fr\/wp-json\/wp\/v2\/posts"}],"about":[{"href":"https:\/\/www.europesays.com\/fr\/wp-json\/wp\/v2\/types\/post"}],"author":[{"embeddable":true,"href":"https:\/\/www.europesays.com\/fr\/wp-json\/wp\/v2\/users\/2"}],"replies":[{"embeddable":true,"href":"https:\/\/www.europesays.com\/fr\/wp-json\/wp\/v2\/comments?post=668287"}],"version-history":[{"count":0,"href":"https:\/\/www.europesays.com\/fr\/wp-json\/wp\/v2\/posts\/668287\/revisions"}],"wp:featuredmedia":[{"embeddable":true,"href":"https:\/\/www.europesays.com\/fr\/wp-json\/wp\/v2\/media\/668288"}],"wp:attachment":[{"href":"https:\/\/www.europesays.com\/fr\/wp-json\/wp\/v2\/media?parent=668287"}],"wp:term":[{"taxonomy":"category","embeddable":true,"href":"https:\/\/www.europesays.com\/fr\/wp-json\/wp\/v2\/categories?post=668287"},{"taxonomy":"post_tag","embeddable":true,"href":"https:\/\/www.europesays.com\/fr\/wp-json\/wp\/v2\/tags?post=668287"}],"curies":[{"name":"wp","href":"https:\/\/api.w.org\/{rel}","templated":true}]}}