{"id":66830,"date":"2025-05-01T12:04:12","date_gmt":"2025-05-01T12:04:12","guid":{"rendered":"https:\/\/www.europesays.com\/fr\/66830\/"},"modified":"2025-05-01T12:04:12","modified_gmt":"2025-05-01T12:04:12","slug":"defile-du-1er-mai-a-nantes-des-milliers-de-participants-pour-porter-les-revendications","status":"publish","type":"post","link":"https:\/\/www.europesays.com\/fr\/66830\/","title":{"rendered":"D\u00e9fil\u00e9 du 1er Mai \u00e0 Nantes : des milliers de participants pour porter les revendications"},"content":{"rendered":"<p>Tradition, m\u00eame si l\u2019unit\u00e9 syndicale n\u2019est pas au rendez-vous de ce d\u00e9fil\u00e9 nantais du 1er-Mai\u00a02025. Les militantes et les militants sont l\u00e0, ce jeudi fin de matin\u00e9e.<\/p>\n<p>La foule grossit encore au Miroir d\u2019eau \u00e0 11\u00a0h\u00a025. 3\u00a0000\u00a0personnes\u00a0? Il faudra attendre encore un\u00a0peu avant de conna\u00eetre le chiffre exact de la participation, version syndicale et version police.<\/p>\n<p>CGT, FSU, FO, Solidaires, PS, LFI\u2026<\/p>\n<p>Pour le moment, les prises de paroles des syndicats, CGT, FSU, FO, Solidaires, sont en cours. Et comme d\u2019habitude, personne n\u2019\u00e9coute vraiment. Ni m\u00eame les repr\u00e9sentants des partis de gauche, tous repr\u00e9sent\u00e9s, du PS \u00e0 LO, en passant par les \u00c9cologistes, LFI\u2026 Et le PCF qui vend du muguet.<\/p>\n<p>Le cort\u00e8ge s\u2019est \u00e9lanc\u00e9 vers 11\u00a0h\u00a045, direction la pr\u00e9fecture, puis le cours des 50-Otages, le CHU et le quartier R\u00e9publique. L\u00e0, un pique-nique est pr\u00e9vu devant la maison des syndicats, sur l\u2019\u00eele de Nantes.<\/p>\n<p>Marie, professeur au coll\u00e8ge et militante Snes-Fsu\u00a0: Nous sommes l\u00e0 pour d\u00e9noncer les conditions de travail largement d\u00e9grad\u00e9es\u2026.<\/p>\n<p>\n                Nous avons bloqu\u00e9 l\u2019affichage de ce contenu pour respecter vos choix en mati\u00e8re de cookies.<br \/>En cliquant sur \u00abConsulter\u00bb, vous acceptez le d\u00e9p\u00f4t de cookies par des services de r\u00e9seaux sociaux tels que Twitter.<br \/>\n                Consulter\n            <\/p>\n<blockquote class=\"twitter-tweet\" wp_automatic_readability=\"9.4630136986301\">\n<p lang=\"fr\" dir=\"ltr\">Marie, professeur au coll\u00e8ge et militante Snes-Fsu : \u00ab Nous sommes l\u00e0 pour d\u00e9noncer les conditions de travail largement d\u00e9grad\u00e9es mais aussi un contexte international particuli\u00e8rement inqui\u00e9tant, avec des urgences sociales, \u00e9cologiques mais aussi d\u00e9mocratiques. \u00bb <a href=\"https:\/\/twitter.com\/hashtag\/1ermai?src=hash&amp;ref_src=twsrc%5Etfw\" rel=\"nofollow noopener\" target=\"_blank\">#1ermai<\/a> <a href=\"https:\/\/twitter.com\/hashtag\/Nantes?src=hash&amp;ref_src=twsrc%5Etfw\" rel=\"nofollow noopener\" target=\"_blank\">#Nantes<\/a> <a href=\"https:\/\/t.co\/1Yv5qNnioW\" rel=\"nofollow\">pic.twitter.com\/1Yv5qNnioW<\/a><\/p>\n<p>\u2014 Sophie Tr\u00e9bern (@SophieTrebern) <a href=\"https:\/\/twitter.com\/SophieTrebern\/status\/1917875818144911700?ref_src=twsrc%5Etfw\" rel=\"nofollow noopener\" target=\"_blank\">May 1, 2025<\/a><\/p><\/blockquote>\n<p>Pas de transports en commun ce 1er-Mai\u00a02025, jour ch\u00f4m\u00e9 \u00e9galement pour les employ\u00e9s de la Semitan\u2026 Mais on est pr\u00e9sent autrement aupr\u00e8s des Nantais, on met le paquet avec notre stand de grillades dans le d\u00e9fil\u00e9\u00a0!, sourit Nicolas, d\u00e9l\u00e9gu\u00e9 FO-Semitan<\/p>\n<blockquote class=\"twitter-tweet\" data-media-max-width=\"560\" wp_automatic_readability=\"9.8023255813953\">\n<p lang=\"fr\" dir=\"ltr\">Pas de transport en ce 1er-Mai, jour ch\u00f4m\u00e9 pour les employ\u00e9s de la Semitan, \u00ab mais on est pr\u00e9sent autrement aupr\u00e8s des Nantais, on met le paquet avec notre stand de grillades dans le d\u00e9fil\u00e9 ! \u00bb, sourit Nicolas, d\u00e9l\u00e9gue FO-Semitan <a href=\"https:\/\/twitter.com\/hashtag\/1ermai?src=hash&amp;ref_src=twsrc%5Etfw\" rel=\"nofollow noopener\" target=\"_blank\">#1ermai<\/a> <a href=\"https:\/\/twitter.com\/hashtag\/Nantes?src=hash&amp;ref_src=twsrc%5Etfw\" rel=\"nofollow noopener\" target=\"_blank\">#Nantes<\/a> <a href=\"https:\/\/twitter.com\/presseocean?ref_src=twsrc%5Etfw\" rel=\"nofollow noopener\" target=\"_blank\">@presseocean<\/a> <a href=\"https:\/\/t.co\/zZugT1lsCX\" rel=\"nofollow\">pic.twitter.com\/zZugT1lsCX<\/a><\/p>\n<p>\u2014 Sophie Tr\u00e9bern (@SophieTrebern) <a href=\"https:\/\/twitter.com\/SophieTrebern\/status\/1917869030234370273?ref_src=twsrc%5Etfw\" rel=\"nofollow noopener\" target=\"_blank\">May 1, 2025<\/a><\/p><\/blockquote>\n<p>Aliki, travailleur de l\u2019art, venu d\u00e9filer avec un embl\u00e8me en carton, pour d\u00e9noncer notamment les coupes budg\u00e9taires sur la culture de la R\u00e9gion, mais pas que\u00a0: Ce gouvernement nous rend marteau\u00a0!.<\/p>\n<p>\n                Nous avons bloqu\u00e9 l\u2019affichage de ce contenu pour respecter vos choix en mati\u00e8re de cookies.<br \/>En cliquant sur \u00abConsulter\u00bb, vous acceptez le d\u00e9p\u00f4t de cookies par des services de r\u00e9seaux sociaux tels que Twitter.<br \/>\n                Consulter\n            <\/p>\n<blockquote class=\"twitter-tweet\" wp_automatic_readability=\"8.742671009772\">\n<p lang=\"fr\" dir=\"ltr\">Aliki, travailleur de l\u2019art, venu d\u00e9filer avec un embl\u00e8me en carton, d\u00e9noncer notamment les coupes budg\u00e9taires sur la culture de la R\u00e9gion, mais pas que : \u00ab Ce gouvernement nous rend marteau ! \u00bb <a href=\"https:\/\/twitter.com\/hashtag\/1erMai?src=hash&amp;ref_src=twsrc%5Etfw\" rel=\"nofollow noopener\" target=\"_blank\">#1erMai<\/a> <a href=\"https:\/\/twitter.com\/hashtag\/Nantes?src=hash&amp;ref_src=twsrc%5Etfw\" rel=\"nofollow noopener\" target=\"_blank\">#Nantes<\/a> <a href=\"https:\/\/twitter.com\/presseocean?ref_src=twsrc%5Etfw\" rel=\"nofollow noopener\" target=\"_blank\">@presseocean<\/a> <a href=\"https:\/\/t.co\/hkA8R8GFgr\" rel=\"nofollow\">pic.twitter.com\/hkA8R8GFgr<\/a><\/p>\n<p>\u2014 Sophie Tr\u00e9bern (@SophieTrebern) <a href=\"https:\/\/twitter.com\/SophieTrebern\/status\/1917871068595069334?ref_src=twsrc%5Etfw\" rel=\"nofollow noopener\" target=\"_blank\">May 1, 2025<\/a><\/p><\/blockquote>\n<p>Des incidents devant l\u2019h\u00f4tel du D\u00e9partement et la pr\u00e9fecture<\/p>\n<p>\t<img decoding=\"async\" src=\"https:\/\/www.europesays.com\/fr\/wp-content\/uploads\/2025\/05\/P35201675D6788088G_px_640_.jpg\" alt=\"photo des incidents devant l\u2019h\u00f4tel du d\u00e9partement et la pr\u00e9fecture.  \u00a9  photo presse oc\u00e9an - xb\" width=\"640\" title=\" Des incidents devant l\u2019h\u00f4tel du D\u00e9partement et la pr\u00e9fecture.   Photo Presse Oc\u00e9an - XB \"\/><\/p>\n<p class=\"elmt-legende\"> Des incidents devant l\u2019h\u00f4tel du D\u00e9partement et la pr\u00e9fecture.   Photo Presse Oc\u00e9an &#8211; XB <\/p>\n<p>Quelques \u00ab ultras \u00bb cagoul\u00e9s et v\u00eatus de noir, ont jet\u00e9 des p\u00e9tards et tagu\u00e9s devant l\u2019h\u00f4tel du D\u00e9partement, quai Ceineray. Les forces de l\u2019ordre ont d\u00e9clench\u00e9 les les lances \u00e0 eau devant la pr\u00e9fecture et les policiers ont charg\u00e9 les manifestants radicaux. Ces derniers semblent s\u2019\u00eatre \u00e9parpill\u00e9s dans les rues avoisinantes. Quelques uns ont \u00e9t\u00e9 interpell\u00e9s.<\/p>\n<p>Le cort\u00e8ge syndical a pu reprendre son cheminement en empruntant le cours des 50-Otages.<\/p>\n<p>\u00a0<\/p>\n<p>\t\t<script async src=\"https:\/\/platform.twitter.com\/widgets.js\" charset=\"utf-8\"><\/script><\/p>\n","protected":false},"excerpt":{"rendered":"Tradition, m\u00eame si l\u2019unit\u00e9 syndicale n\u2019est pas au rendez-vous de ce d\u00e9fil\u00e9 nantais du 1er-Mai\u00a02025. Les militantes et&hellip;\n","protected":false},"author":2,"featured_media":66831,"comment_status":"","ping_status":"","sticky":false,"template":"","format":"standard","meta":{"footnotes":""},"categories":[2818],"tags":[1111,11,16694,1777,674,1011,27,2565,16755,766,12,16756,2636,13481,25,12767,16757],"class_list":{"0":"post-66830","1":"post","2":"type-post","3":"status-publish","4":"format-standard","5":"has-post-thumbnail","7":"category-nantes","8":"tag-actu","9":"tag-actualites","10":"tag-defile","11":"tag-eu","12":"tag-europe","13":"tag-fr","14":"tag-france","15":"tag-mai","16":"tag-milliers","17":"tag-nantes","18":"tag-news","19":"tag-participants","20":"tag-pays-de-la-loire","21":"tag-porter","22":"tag-republique-francaise","23":"tag-revendications","24":"tag-syndicales"},"share_on_mastodon":{"url":"https:\/\/pubeurope.com\/@fr\/114432485901791169","error":""},"_links":{"self":[{"href":"https:\/\/www.europesays.com\/fr\/wp-json\/wp\/v2\/posts\/66830","targetHints":{"allow":["GET"]}}],"collection":[{"href":"https:\/\/www.europesays.com\/fr\/wp-json\/wp\/v2\/posts"}],"about":[{"href":"https:\/\/www.europesays.com\/fr\/wp-json\/wp\/v2\/types\/post"}],"author":[{"embeddable":true,"href":"https:\/\/www.europesays.com\/fr\/wp-json\/wp\/v2\/users\/2"}],"replies":[{"embeddable":true,"href":"https:\/\/www.europesays.com\/fr\/wp-json\/wp\/v2\/comments?post=66830"}],"version-history":[{"count":0,"href":"https:\/\/www.europesays.com\/fr\/wp-json\/wp\/v2\/posts\/66830\/revisions"}],"wp:featuredmedia":[{"embeddable":true,"href":"https:\/\/www.europesays.com\/fr\/wp-json\/wp\/v2\/media\/66831"}],"wp:attachment":[{"href":"https:\/\/www.europesays.com\/fr\/wp-json\/wp\/v2\/media?parent=66830"}],"wp:term":[{"taxonomy":"category","embeddable":true,"href":"https:\/\/www.europesays.com\/fr\/wp-json\/wp\/v2\/categories?post=66830"},{"taxonomy":"post_tag","embeddable":true,"href":"https:\/\/www.europesays.com\/fr\/wp-json\/wp\/v2\/tags?post=66830"}],"curies":[{"name":"wp","href":"https:\/\/api.w.org\/{rel}","templated":true}]}}