{"id":668300,"date":"2026-01-16T18:43:16","date_gmt":"2026-01-16T18:43:16","guid":{"rendered":"https:\/\/www.europesays.com\/fr\/668300\/"},"modified":"2026-01-16T18:43:16","modified_gmt":"2026-01-16T18:43:16","slug":"cette-mise-a-jour-empeche-larret-de-votre-pc-voici-une-solution-temporaire","status":"publish","type":"post","link":"https:\/\/www.europesays.com\/fr\/668300\/","title":{"rendered":"cette mise \u00e0 jour emp\u00eache l&rsquo;arr\u00eat de votre PC, voici une solution temporaire"},"content":{"rendered":"<p>Alors qu\u2019elles sont cens\u00e9es corriger les probl\u00e8mes et les vuln\u00e9rabilit\u00e9s, les mises \u00e0 jour de Windows 11 peuvent \u00e9galement provoquer elles-m\u00eames des dysfonctionnements. Illustration avec le Patch Tuesday de janvier qui emp\u00eache certains ordinateurs de s\u2019\u00e9teindre ou de se mettre en veille prolong\u00e9e.<\/p>\n<p><img fetchpriority=\"high\" decoding=\"async\" width=\"1200\" height=\"686\" src=\"https:\/\/www.europesays.com\/fr\/wp-content\/uploads\/2026\/01\/windows11-bug-1200x686.jpg\" alt=\"windows 11 patch tuesday probl\u00e8me \" class=\"wp-image-1457834\"  \/><\/p>\n<p>\u00catre <a href=\"https:\/\/www.tomsguide.fr\/windows-11-ces-astuces-precieuses-mais-meconnues-vont-rendre-votre-pc-plus-rapide\/\" target=\"_blank\" rel=\"noopener\">utilisateur de Windows 11<\/a> n\u2019est pas de tout repos. Le syst\u00e8me d\u2019exploitation souffre de dysfonctionnements divers et vari\u00e9s qui, ironie du sort, sont souvent provoqu\u00e9s par des mises \u00e0 jour correctives. Fra\u00eechement d\u00e9ploy\u00e9, le Patch Tuesday de janvier est notamment responsable d\u2019un bug \u00e9pineux <a href=\"https:\/\/www.tomsguide.fr\/windows-11-ce-bug-agacant-bloque-larret-du-pc-apres-une-mise-a-jour-les-utilisateurs-en-colere\/\" target=\"_blank\" rel=\"noopener\">emp\u00eachant certains PC de s\u2019arr\u00eater<\/a> ou de se mettre en veille prolong\u00e9e. <\/p>\n<p>Dans le d\u00e9tail, les mises \u00e0 jour ont \u00e9t\u00e9 publi\u00e9es sous les noms de KB5073455 (<a href=\"https:\/\/www.tomsguide.fr\/microsoft-va-bientot-imposer-windows-11-23h2-et-vous-naurez-pas-votre-mot-a-dire\/\" target=\"_blank\" rel=\"noopener\">Windows 11 23H2<\/a>) et KB5074109 (Windows 11 25H2 et 24H2). C\u2019est bien la premi\u00e8re cit\u00e9e, disponible exclusivement pour les \u00e9ditions Entreprise et IoT de Windows 11, qui fait des siennes sur les machines ayant activ\u00e9 le Lancement s\u00e9curis\u00e9. \u201cCertains PC \u00e9quip\u00e9s de Secure Launch ne peuvent plus s\u2019\u00e9teindre ni se mettre en veille prolong\u00e9e. L\u2019appareil red\u00e9marre alors\u201d, d\u00e9taille Microsoft sur <a href=\"https:\/\/learn.microsoft.com\/en-us\/windows\/release-health\/status-windows-11-23H2#3764msgdesc\" target=\"_blank\" rel=\"noreferrer noopener\">une page<\/a> de support. <\/p>\n<p><strong>A lire &gt; <a href=\"https:\/\/www.tomsguide.fr\/windows-trop-lent-le-coupable-se-cache-dans-les-parametres\/\" target=\"_blank\" rel=\"noopener\">Windows trop lent ? Le coupable se cache dans les param\u00e8tres<\/a><\/strong><\/p>\n<p>Comment forcer l\u2019arr\u00eat de votre PC Windows 11 malgr\u00e9 le bug de la mise \u00e0 jour KB5073455 ?<\/p>\n<p>En attendant un correctif digne de ce nom, Microsoft a sugg\u00e9r\u00e9 une solution temporaire aux usagers victimes de ce d\u00e9sagr\u00e9ment. Celle-ci leur permettra enfin d\u2019\u00e9teindre leur ordinateur : <\/p>\n<ul class=\"wp-block-list\">\n<li>Acc\u00e9dez \u00e0 l\u2019Invite de commandes via la barre de recherche.<\/li>\n<li>Saisissez la commande <strong>:shutdown \/s \/t 0<\/strong> puis appuyez sur Entr\u00e9e.<\/li>\n<\/ul>\n<p>De quoi forcer l\u2019arr\u00eat de votre ordinateur. \u201cMicrosoft publiera une solution \u00e0 ce probl\u00e8me dans une prochaine mise \u00e0 jour\u201d, promet l\u2019\u00e9diteur. <\/p>\n<p><img loading=\"lazy\" alt=\"Image 1 : Windows 11 : cette mise \u00e0 jour emp\u00eache l'arr\u00eat de votre PC, voici une solution temporaire\" decoding=\"async\" width=\"1001\" height=\"639\" src=\"data:image\/svg+xml,%3Csvg%20xmlns=\" http:=\"\" class=\"wp-image-1457838\" data-lazy- data-lazy- data-lazy-src=\"https:\/\/www.europesays.com\/fr\/wp-content\/uploads\/2026\/01\/invite-commande-windows.jpg\"\/><\/p>\n<p>Malgr\u00e9 ce bug, l\u2019installation du Patch Tuesday est cruciale pour la s\u00e9curit\u00e9 des utilisateurs. La mise \u00e0 jour de janvier a en effet permis de boucher des failles li\u00e9es \u00e0 des composants sensible de l\u2019OS (Windows TPM, Explorateur de fichiers, PowerShell, NTFS, Kerberos, noyau du syst\u00e8me, Windows Shell, Windows Hello et Windows Installer).<\/p>\n<p>Pour rappel, une campagne malveillante affiche actuellement <a href=\"https:\/\/www.tomsguide.fr\/panique-sur-windows-un-ecran-bleu-trompeur-infecte-les-ordinateurs-deurope\/\" target=\"_blank\" rel=\"noopener\">un \u00e9cran bleu trompeur sur des ordinateurs sous Windows<\/a>. Ne vous faites pas avoir ! <\/p>\n","protected":false},"excerpt":{"rendered":"Alors qu\u2019elles sont cens\u00e9es corriger les probl\u00e8mes et les vuln\u00e9rabilit\u00e9s, les mises \u00e0 jour de Windows 11 peuvent&hellip;\n","protected":false},"author":2,"featured_media":668301,"comment_status":"","ping_status":"","sticky":false,"template":"","format":"standard","meta":{"footnotes":""},"categories":[7],"tags":[1011,27,12,43,40,41,39,42,44,7474],"class_list":{"0":"post-668300","1":"post","2":"type-post","3":"status-publish","4":"format-standard","5":"has-post-thumbnail","7":"category-sciences-et-technologies","8":"tag-fr","9":"tag-france","10":"tag-news","11":"tag-science","12":"tag-science-and-technology","13":"tag-sciences","14":"tag-sciences-et-technologies","15":"tag-technologies","16":"tag-technology","17":"tag-windows-11"},"share_on_mastodon":{"url":"https:\/\/pubeurope.com\/@fr\/115906255680059795","error":""},"_links":{"self":[{"href":"https:\/\/www.europesays.com\/fr\/wp-json\/wp\/v2\/posts\/668300","targetHints":{"allow":["GET"]}}],"collection":[{"href":"https:\/\/www.europesays.com\/fr\/wp-json\/wp\/v2\/posts"}],"about":[{"href":"https:\/\/www.europesays.com\/fr\/wp-json\/wp\/v2\/types\/post"}],"author":[{"embeddable":true,"href":"https:\/\/www.europesays.com\/fr\/wp-json\/wp\/v2\/users\/2"}],"replies":[{"embeddable":true,"href":"https:\/\/www.europesays.com\/fr\/wp-json\/wp\/v2\/comments?post=668300"}],"version-history":[{"count":0,"href":"https:\/\/www.europesays.com\/fr\/wp-json\/wp\/v2\/posts\/668300\/revisions"}],"wp:featuredmedia":[{"embeddable":true,"href":"https:\/\/www.europesays.com\/fr\/wp-json\/wp\/v2\/media\/668301"}],"wp:attachment":[{"href":"https:\/\/www.europesays.com\/fr\/wp-json\/wp\/v2\/media?parent=668300"}],"wp:term":[{"taxonomy":"category","embeddable":true,"href":"https:\/\/www.europesays.com\/fr\/wp-json\/wp\/v2\/categories?post=668300"},{"taxonomy":"post_tag","embeddable":true,"href":"https:\/\/www.europesays.com\/fr\/wp-json\/wp\/v2\/tags?post=668300"}],"curies":[{"name":"wp","href":"https:\/\/api.w.org\/{rel}","templated":true}]}}