{"id":668304,"date":"2026-01-16T18:45:14","date_gmt":"2026-01-16T18:45:14","guid":{"rendered":"https:\/\/www.europesays.com\/fr\/668304\/"},"modified":"2026-01-16T18:45:14","modified_gmt":"2026-01-16T18:45:14","slug":"le-fils-de-lancien-shah-diran-pense-que-le-regime-des-mollahs-finira-par-tomber","status":"publish","type":"post","link":"https:\/\/www.europesays.com\/fr\/668304\/","title":{"rendered":"Le fils de l\u2019ancien shah d\u2019Iran pense que le r\u00e9gime des mollahs finira par \u00ab\u00a0tomber\u00a0\u00bb"},"content":{"rendered":"<p>Pr\u00e9vision ou souhait\u00a0? Ce vendredi, le fils de l\u2019ancien shah d\u2019Iran a d\u00e9clar\u00e9 \u00eatre convaincu que la <a href=\"https:\/\/www.20minutes.fr\/monde\/4195992-20260115-manifestations-iran-retour-chah-opposition-morcelee-si-regime-tombe-pays-plonge-inconnu\" class=\"c-link c-link--is-underlined\" target=\"_blank\" rel=\"noopener\">R\u00e9publique islamique<\/a> allait tomber face aux manifestations de masse et a appel\u00e9 \u00e0 une intervention \u00ab\u00a0ciblant\u00a0\u00bb les <a href=\"https:\/\/www.20minutes.fr\/monde\/israel\/4158913-20250617-iran-gardiens-revolution-dont-hauts-responsables-vises-israel\" class=\"c-link c-link--is-underlined\" target=\"_blank\" rel=\"noopener\">Gardiens de la r\u00e9volution<\/a>.<\/p>\n<p>\u00ab\u00a0La R\u00e9publique islamique va tomber, ce n\u2019est pas une question de \u201csi\u201d, mais de \u201cquand\u201d\u00a0\u00bb, a affirm\u00e9 <a href=\"https:\/\/www.20minutes.fr\/monde\/etats-unis\/4160561-20250627-guerre-israel-iran-reza-pahlavi-heritier-chah-verrait-bien-roi-lion\" class=\"c-link c-link--is-underlined\" target=\"_blank\" rel=\"noopener\">Reza Pahlavi<\/a> lors d\u2019une conf\u00e9rence de presse \u00e0 Washington, ajoutant qu\u2019il \u00ab\u00a0retournera\u00a0\u00bb en <a href=\"https:\/\/www.20minutes.fr\/monde\/iran\/\" class=\"c-link c-link--is-underlined\" target=\"_blank\" rel=\"noopener\">Iran<\/a>. \u00ab\u00a0Ce r\u00e9gime est \u00e0 bout de souffle, il est sur le point de s\u2019effondrer\u00a0\u00bb, a-t-il dit.<\/p>\n<p>\u00ab\u00a0Une occupation \u00e9trang\u00e8re v\u00eatue de robes cl\u00e9ricales\u00a0\u00bb<\/p>\n<p>La vague de protestation en Iran a pour l\u2019instant \u00e9t\u00e9 \u00e9touff\u00e9e par une violente r\u00e9pression qui a fait des milliers de morts, selon des experts et des ONG, une semaine apr\u00e8s le d\u00e9but d\u2019imposantes manifestations contre le pouvoir, parmi les plus importantes depuis la proclamation de la R\u00e9publique islamique en\u00a01979.<\/p>\n<\/p>\n<p>\u00ab\u00a0Il ne s\u2019agit plus d\u2019une simple r\u00e9pression, mais d\u2019une occupation \u00e9trang\u00e8re v\u00eatue de robes cl\u00e9ricales\u00a0\u00bb, a d\u00e9clar\u00e9 Reza Pahlavi.<\/p>\n<p>\u00ab\u00a0<a href=\"https:\/\/www.20minutes.fr\/monde\/russie\/4194573-20260106-iran-comme-bachar-al-assad-ayatollah-khamenei-plan-fuir-moscou\" class=\"c-link c-link--is-underlined\" target=\"_blank\" rel=\"noopener\">Ali Khamenei<\/a> (le guide supr\u00eame iranien) et ses sbires ont commis des crimes de masse contre le peuple iranien et contre l\u2019humanit\u00e9 tout enti\u00e8re\u00a0\u00bb, a-t-il encore dit.<\/p>\n<p>Il a appel\u00e9 la communaut\u00e9 internationale \u00e0 \u00ab\u00a0prot\u00e9ger le peuple iranien en affaiblissant la capacit\u00e9 r\u00e9pressive du r\u00e9gime, notamment en ciblant les dirigeants des Gardiens de la r\u00e9volution islamique et leur infrastructure de commandement et de contr\u00f4le\u00a0\u00bb.<\/p>\n<p>\u00ab\u00a0Exercer et maintenir une pression \u00e9conomique maximale sur le r\u00e9gime\u00a0\u00bb<\/p>\n<p>Il a \u00e9galement appel\u00e9 \u00e0 \u00ab\u00a0exercer et maintenir une pression \u00e9conomique maximale sur le r\u00e9gime, bloquant ses avoirs dans le monde entier\u00a0\u00bb, ainsi qu\u2019\u00e0 \u00ab\u00a0briser le blocus informationnel du r\u00e9gime en permettant un acc\u00e8s illimit\u00e9 \u00e0 Internet, d\u00e9ployant Starlink et d\u2019autres outils de communication s\u00e9curis\u00e9s \u00e0 grande \u00e9chelle en Iran\u00a0\u00bb.<\/p>\n<p>H\u00e9ritier du tr\u00f4ne du shah d\u2019Iran, Reza Pahlavi vit en exil aux <a href=\"https:\/\/www.20minutes.fr\/monde\/etats-unis\/\" class=\"c-link c-link--is-underlined\" target=\"_blank\" rel=\"noopener\">Etats-Unis<\/a> depuis la r\u00e9volution de\u00a01979, qui a renvers\u00e9 son p\u00e8re. Il s\u2019\u00e9rige aujourd\u2019hui en figure de ralliement dans le mouvement de contestation secouant son pays. Il est notamment soutenu par tous les ennemis de l\u2019Iran dont <a href=\"https:\/\/www.20minutes.fr\/dossier\/donald_trump\" class=\"c-link c-link--is-underlined\" target=\"_blank\" rel=\"noopener\">Donald Trump<\/a> et <a href=\"https:\/\/www.20minutes.fr\/dossier\/benyamin_netanyahou\" class=\"c-link c-link--is-underlined\" target=\"_blank\" rel=\"noopener\">Benyamin Netanyahou<\/a>.<\/p>\n","protected":false},"excerpt":{"rendered":"Pr\u00e9vision ou souhait\u00a0? Ce vendredi, le fils de l\u2019ancien shah d\u2019Iran a d\u00e9clar\u00e9 \u00eatre convaincu que la R\u00e9publique&hellip;\n","protected":false},"author":2,"featured_media":668305,"comment_status":"","ping_status":"","sticky":false,"template":"","format":"standard","meta":{"footnotes":""},"categories":[5],"tags":[47,11,952,75,73,1011,27,14,3019,74,12,2744,28],"class_list":{"0":"post-668304","1":"post","2":"type-post","3":"status-publish","4":"format-standard","5":"has-post-thumbnail","7":"category-international","8":"tag-actualite","9":"tag-actualites","10":"tag-benyamin-netanyahou","11":"tag-donald-trump","12":"tag-etats-unis","13":"tag-fr","14":"tag-france","15":"tag-international","16":"tag-iran","17":"tag-monde","18":"tag-news","19":"tag-washington","20":"tag-world"},"share_on_mastodon":{"url":"https:\/\/pubeurope.com\/@fr\/115906263772951188","error":""},"_links":{"self":[{"href":"https:\/\/www.europesays.com\/fr\/wp-json\/wp\/v2\/posts\/668304","targetHints":{"allow":["GET"]}}],"collection":[{"href":"https:\/\/www.europesays.com\/fr\/wp-json\/wp\/v2\/posts"}],"about":[{"href":"https:\/\/www.europesays.com\/fr\/wp-json\/wp\/v2\/types\/post"}],"author":[{"embeddable":true,"href":"https:\/\/www.europesays.com\/fr\/wp-json\/wp\/v2\/users\/2"}],"replies":[{"embeddable":true,"href":"https:\/\/www.europesays.com\/fr\/wp-json\/wp\/v2\/comments?post=668304"}],"version-history":[{"count":0,"href":"https:\/\/www.europesays.com\/fr\/wp-json\/wp\/v2\/posts\/668304\/revisions"}],"wp:featuredmedia":[{"embeddable":true,"href":"https:\/\/www.europesays.com\/fr\/wp-json\/wp\/v2\/media\/668305"}],"wp:attachment":[{"href":"https:\/\/www.europesays.com\/fr\/wp-json\/wp\/v2\/media?parent=668304"}],"wp:term":[{"taxonomy":"category","embeddable":true,"href":"https:\/\/www.europesays.com\/fr\/wp-json\/wp\/v2\/categories?post=668304"},{"taxonomy":"post_tag","embeddable":true,"href":"https:\/\/www.europesays.com\/fr\/wp-json\/wp\/v2\/tags?post=668304"}],"curies":[{"name":"wp","href":"https:\/\/api.w.org\/{rel}","templated":true}]}}