{"id":668313,"date":"2026-01-16T18:50:13","date_gmt":"2026-01-16T18:50:13","guid":{"rendered":"https:\/\/www.europesays.com\/fr\/668313\/"},"modified":"2026-01-16T18:50:13","modified_gmt":"2026-01-16T18:50:13","slug":"des-coups-de-feu-tires-dans-un-immeuble-terrifient-les-habitants","status":"publish","type":"post","link":"https:\/\/www.europesays.com\/fr\/668313\/","title":{"rendered":"des coups de feu tir\u00e9s dans un immeuble terrifient les habitants"},"content":{"rendered":"<p>\u00c0 une centaine de m\u00e8tres de la m\u00e9tropole du Grand Nancy, \u00e0 l\u2019angle des rues Gabriel-Mouilleron et Pierre-Chalnot, les r\u00e9sidents de cet immeuble de cinq \u00e9tages ont trembl\u00e9, dans la nuit de jeudi \u00e0 vendredi 16\u00a0janvier. Au moins six coups de feu ont \u00e9t\u00e9 tir\u00e9s, selon divers t\u00e9moignages aux environs de minuit.<\/p>\n<p>Deux d\u00e9tonations ont retenti \u00e0 l\u2019ext\u00e9rieur du b\u00e2timent, au niveau d\u2019un banc, c\u00f4t\u00e9 Pierre-Chalnot&#8230;.<\/p>\n","protected":false},"excerpt":{"rendered":"\u00c0 une centaine de m\u00e8tres de la m\u00e9tropole du Grand Nancy, \u00e0 l\u2019angle des rues Gabriel-Mouilleron et Pierre-Chalnot,&hellip;\n","protected":false},"author":2,"featured_media":668314,"comment_status":"","ping_status":"","sticky":false,"template":"","format":"standard","meta":{"footnotes":""},"categories":[9635],"tags":[1111,11,271,272,1704,1777,674,274,1011,27,775,3457,1702,1703,12,25],"class_list":{"0":"post-668313","1":"post","2":"type-post","3":"status-publish","4":"format-standard","5":"has-post-thumbnail","7":"category-nancy","8":"tag-actu","9":"tag-actualites","10":"tag-crime","11":"tag-delit-et-contravention","12":"tag-edition-nancy-et-agglomeration","13":"tag-eu","14":"tag-europe","15":"tag-faits-divers-justice","16":"tag-fr","17":"tag-france","18":"tag-grand-est","19":"tag-meurthe-et-moselle","20":"tag-nancy","21":"tag-nancy-ville-54b","22":"tag-news","23":"tag-republique-francaise"},"share_on_mastodon":{"url":"https:\/\/pubeurope.com\/@fr\/115906282945943092","error":""},"_links":{"self":[{"href":"https:\/\/www.europesays.com\/fr\/wp-json\/wp\/v2\/posts\/668313","targetHints":{"allow":["GET"]}}],"collection":[{"href":"https:\/\/www.europesays.com\/fr\/wp-json\/wp\/v2\/posts"}],"about":[{"href":"https:\/\/www.europesays.com\/fr\/wp-json\/wp\/v2\/types\/post"}],"author":[{"embeddable":true,"href":"https:\/\/www.europesays.com\/fr\/wp-json\/wp\/v2\/users\/2"}],"replies":[{"embeddable":true,"href":"https:\/\/www.europesays.com\/fr\/wp-json\/wp\/v2\/comments?post=668313"}],"version-history":[{"count":0,"href":"https:\/\/www.europesays.com\/fr\/wp-json\/wp\/v2\/posts\/668313\/revisions"}],"wp:featuredmedia":[{"embeddable":true,"href":"https:\/\/www.europesays.com\/fr\/wp-json\/wp\/v2\/media\/668314"}],"wp:attachment":[{"href":"https:\/\/www.europesays.com\/fr\/wp-json\/wp\/v2\/media?parent=668313"}],"wp:term":[{"taxonomy":"category","embeddable":true,"href":"https:\/\/www.europesays.com\/fr\/wp-json\/wp\/v2\/categories?post=668313"},{"taxonomy":"post_tag","embeddable":true,"href":"https:\/\/www.europesays.com\/fr\/wp-json\/wp\/v2\/tags?post=668313"}],"curies":[{"name":"wp","href":"https:\/\/api.w.org\/{rel}","templated":true}]}}