{"id":668319,"date":"2026-01-16T18:54:10","date_gmt":"2026-01-16T18:54:10","guid":{"rendered":"https:\/\/www.europesays.com\/fr\/668319\/"},"modified":"2026-01-16T18:54:10","modified_gmt":"2026-01-16T18:54:10","slug":"tres-emu-les-yeux-humides-brian-alainuuese-explique-sa-decision-de-quitter-toulon","status":"publish","type":"post","link":"https:\/\/www.europesays.com\/fr\/668319\/","title":{"rendered":"Tr\u00e8s \u00e9mu, les yeux humides, Brian Alainu\u2019Uese explique sa d\u00e9cision de quitter Toulon"},"content":{"rendered":"<p>C\u2019est act\u00e9 : le deuxi\u00e8me ligne Brian Alainu\u2019Uese va quitter le Rugby Club Toulonnais \u00e0 la fin de la saison actuelle.<\/p>\n<p>Arriv\u00e9 au RCT en 2018, le solide joueur Varois verra son contrat arriver \u00e0 terme au mois de juin prochain.<\/p>\n<p>Et celui-ci a pris la d\u00e9cision de quitter le club plut\u00f4t que de prolonger.<\/p>\n<p>Il s\u2019est engag\u00e9 en faveur de l\u2019Aviron Bayonnais pour les deux prochaines saisons soit jusqu\u2019au mois de juin 2028.<\/p>\n<p><strong>Interrog\u00e9 via <a href=\"https:\/\/www.nicematin.com\/sports\/la-decision-la-plus-difficile-que-j-ai-jamais-prise-le-geant-brian-alainu-uese-se-confie-apres-avoir-choisi-de-quitter-toulon-10664697\" target=\"_blank\" rel=\"noopener\">Var-matin<\/a>, Brian Alainu\u2019Uese a expliqu\u00e9 sa d\u00e9cision de quitter Toulon. Extrait:<\/strong><\/p>\n<p> \u00c7a fait d\u00e9j\u00e0 un moment que je suis ici. Ce club m\u2019a tout donn\u00e9. Il m\u2019a aid\u00e9 \u00e0 grandir en tant qu\u2019homme et \u00e0 devenir celui que je suis. Mes enfants sont n\u00e9s ici et\u2026 (il s\u2019arr\u00eate, les yeux humides) D\u00e9sol\u00e9, c\u2019est l\u2019\u00e9motion (il coupe encore). <\/p>\n<p>J\u2019adore cette \u00e9quipe. \u00c7a fait plus de sept ans que je suis honor\u00e9 d\u2019en faire partie. Peu de gens ont la chance de vivre la vie que j\u2019ai v\u00e9cue. Je suis reconnaissant et\u2026 Excusez-moi, je me perds. Quelle \u00e9tait la question ?<\/p>\n<p><strong>Il pr\u00e9cise sa d\u00e9cision de quitter Toulon. Extrait:<\/strong><\/p>\n<p> C\u2019\u00e9tait un choix difficile, mais je pense qu\u2019il \u00e9tait temps pour moi de changer d\u2019endroit, de vivre une nouvelle aventure avec ma famille. C\u2019est dr\u00f4le, parce que je suis en m\u00eame temps triste et excit\u00e9. Je veux juste dire que Toulon sera toujours dans mon c\u0153ur.<\/p>\n<p> C\u2019est la d\u00e9cision la plus difficile que j\u2019ai jamais prise. Avant que ce soit annonc\u00e9 officiellement, j\u2019ai envoy\u00e9 un message aux quelques mecs qui \u00e9taient l\u00e0 quand je suis arriv\u00e9 \u00e0 l\u2019\u00e9poque : \u00ab Je suis d\u00e9sol\u00e9 les gars, mais je vais partir. \u00bb Maintenant, j\u2019esp\u00e8re qu\u2019on pourra gagner un titre cette saison. Pas seulement pour moi, mais pour le club et tous ces gens.<\/p>\n<p><strong>Il confirme \u00eatre tr\u00e8s triste de quitter Toulon et les joueurs du RCT. Extrait:<\/strong><\/p>\n<p> Je repense \u00e0 tout cela d\u00e9sormais. \u00c0 toutes ces ann\u00e9es et tous ces jours qui passent. J\u2019appr\u00e9cie davantage chaque match, en particulier \u00e0 la maison, et tous les moments avec les gar\u00e7ons. Je suis triste de les quitter, parce qu\u2019ils ont \u00e9t\u00e9 une partie de ma vie et de ma famille. C\u2019est difficile. Il y a plein d\u2019\u00e9motions qui se m\u00e9langent.<\/p>\n<p><strong>Il n\u2019aurait jamais cru rester \u00e0 Toulon pendant huit ans. Extrait:<\/strong><\/p>\n<p>Non, jamais ! Je regardais Toulon depuis la Nouvelle-Z\u00e9lande et lorsque je jouais \u00e0 Glasgow. Ils avaient toutes ces superstars\u2026 Je ne pensais pas pouvoir faire partie d\u2019une \u00e9quipe comme celle-ci. Quand je suis arriv\u00e9, je suis entr\u00e9 dans le vestiaire et j\u2019ai vu plein de joueurs que je regardais \u00e0 la t\u00e9l\u00e9. Je me suis dit : \u00ab Je dois gagner ma place et me faire respecter. \u00bb<\/p>\n<p><strong>Il ne le cache pas : perdre avec le RCT, c\u2019est comme assister \u00e0 des fun\u00e9railles. Extrait:<\/strong><\/p>\n<p> Je suis Toulonnais. Tout ce que je connais du rugby de haut niveau, c\u2019est Toulon. C\u2019est l\u2019\u00e9quipe avec laquelle j\u2019ai pass\u00e9 la majorit\u00e9 de ma carri\u00e8re. Les fans, les gens\u2026 C\u2019est tout pour le rugby. Quand vous gagnez, c\u2019est tellement bien. Quand vous perdez\u2026 (rires) C\u2019est comme des fun\u00e9railles ! C\u2019est ce qui rend ce lieu si sp\u00e9cial. C\u2019est la passion que les gens montrent \u00e0 l\u2019\u00e9quipe. <\/p>\n<p>Le rugby est en grande partie ce qui rend cette ville vivante. Je suis heureux, honor\u00e9 et reconnaissant d\u2019en faire partie. Quant \u00e0 la ville, j\u2019ai appris son histoire. C\u2019est un lieu historiquement tr\u00e8s important pour la marine et c\u2019est, je pense, ce qui en fait une terre de combattants et de passionn\u00e9s. \u00c7a explique peut-\u00eatre la fa\u00e7on dont les supporters soutiennent l\u2019\u00e9quipe.<\/p>\n<p><strong>Il d\u00e9voile ses meilleurs souvenirs avec le RCT. Extrait:<\/strong><\/p>\n<p> Il n\u2019y a pas de doute l\u00e0-dessus. Ce sont les vestiaires et les moments qu\u2019ils offrent. Les soir\u00e9es de bonheur, aussi. Aller boire des verres avec les gar\u00e7ons\u2026 (rires) Bien s\u00fbr, il y a le rugby. Mais vous savez, apr\u00e8s le rugby, vous avez des amis pour la vie. Et je pense que c\u2019est le plus important. Je me souviendrai sans doute plus des hommes que du terrain.<\/p>\n<p> Mon premier match. Et\u2026 peut-\u00eatre mon dernier. On verra ! (rires) Ou bien la Challenge Cup ! C\u2019est la seule chose que j\u2019ai gagn\u00e9e et c\u2019est bien dommage. J\u2019aurais voulu gagner plus avec ce grand club.<\/p>\n<p><strong>Avant de quitter Toulon, il souhaite gagner un titre. Extrait:<\/strong><\/p>\n<p> On doit gagner quelque chose. Je pense que c\u2019est dans notre esprit \u00e0 tous. On commence \u00e0 construire une belle \u00e9quipe tous ensemble. Gagner, c\u2019est ce que je veux.<\/p>\n<p><strong>Il pr\u00e9cise ne pas vouloir penser \u00e0 son dernier match avec le RCT. Extrait:<\/strong><\/p>\n<p> Je ne veux pas y penser. Je ne peux pas. Je dois simplement continuer \u00e0 jouer et m\u2019entra\u00eener chaque jour en \u00e9tant heureux et reconnaissant. Je reste proche des gars. Et j\u2019esp\u00e8re qu\u2019il y aura une finale en guise de dernier match.<\/p>\n<p><strong>Il pr\u00e9cise \u00eatre devenu un fan du rappeur Jul et de l\u2019OM. Extrait:<\/strong><\/p>\n<p> Oui ! C\u2019est parce que nous avons Swan et Rayan (Rebbadj) dans l\u2019\u00e9quipe. Ils sont de la r\u00e9gion marseillaise. J\u2019aime ces chansons\u2026 Et je soutiens m\u00eame l\u2019OM ! Peut-\u00eatre aussi parce que je ne connais pas beaucoup le football\u2026 (rires)<\/p>\n","protected":false},"excerpt":{"rendered":"C\u2019est act\u00e9 : le deuxi\u00e8me ligne Brian Alainu\u2019Uese va quitter le Rugby Club Toulonnais \u00e0 la fin de&hellip;\n","protected":false},"author":2,"featured_media":668320,"comment_status":"","ping_status":"","sticky":false,"template":"","format":"standard","meta":{"footnotes":""},"categories":[9619],"tags":[1111,11,1777,674,1011,27,12,882,25,2310],"class_list":{"0":"post-668319","1":"post","2":"type-post","3":"status-publish","4":"format-standard","5":"has-post-thumbnail","7":"category-toulon","8":"tag-actu","9":"tag-actualites","10":"tag-eu","11":"tag-europe","12":"tag-fr","13":"tag-france","14":"tag-news","15":"tag-provence-alpes-cote-dazur","16":"tag-republique-francaise","17":"tag-toulon"},"share_on_mastodon":{"url":"https:\/\/pubeurope.com\/@fr\/115906298752907251","error":""},"_links":{"self":[{"href":"https:\/\/www.europesays.com\/fr\/wp-json\/wp\/v2\/posts\/668319","targetHints":{"allow":["GET"]}}],"collection":[{"href":"https:\/\/www.europesays.com\/fr\/wp-json\/wp\/v2\/posts"}],"about":[{"href":"https:\/\/www.europesays.com\/fr\/wp-json\/wp\/v2\/types\/post"}],"author":[{"embeddable":true,"href":"https:\/\/www.europesays.com\/fr\/wp-json\/wp\/v2\/users\/2"}],"replies":[{"embeddable":true,"href":"https:\/\/www.europesays.com\/fr\/wp-json\/wp\/v2\/comments?post=668319"}],"version-history":[{"count":0,"href":"https:\/\/www.europesays.com\/fr\/wp-json\/wp\/v2\/posts\/668319\/revisions"}],"wp:featuredmedia":[{"embeddable":true,"href":"https:\/\/www.europesays.com\/fr\/wp-json\/wp\/v2\/media\/668320"}],"wp:attachment":[{"href":"https:\/\/www.europesays.com\/fr\/wp-json\/wp\/v2\/media?parent=668319"}],"wp:term":[{"taxonomy":"category","embeddable":true,"href":"https:\/\/www.europesays.com\/fr\/wp-json\/wp\/v2\/categories?post=668319"},{"taxonomy":"post_tag","embeddable":true,"href":"https:\/\/www.europesays.com\/fr\/wp-json\/wp\/v2\/tags?post=668319"}],"curies":[{"name":"wp","href":"https:\/\/api.w.org\/{rel}","templated":true}]}}