{"id":668325,"date":"2026-01-16T18:57:09","date_gmt":"2026-01-16T18:57:09","guid":{"rendered":"https:\/\/www.europesays.com\/fr\/668325\/"},"modified":"2026-01-16T18:57:09","modified_gmt":"2026-01-16T18:57:09","slug":"que-se-passe-t-il-dans-ce-centre-de-sante-de-rouen","status":"publish","type":"post","link":"https:\/\/www.europesays.com\/fr\/668325\/","title":{"rendered":"que se passe-t-il dans ce centre de sant\u00e9 de Rouen\u00a0?"},"content":{"rendered":"<p>                    Par<br \/>\n        <strong><br \/>\n            <a href=\"https:\/\/actu.fr\/auteur\/mathieu-charre\" title=\"Consulter tous les articles de Mathieu Charr\u00e9\" target=\"_blank\" rel=\"noopener\">Mathieu Charr\u00e9<\/a><br \/>\n                    <\/strong><\/p>\n<p>        Publi\u00e9 le<\/p>\n<p>            16 janv. 2026 \u00e0 19h24        <\/p>\n<p>Le SoMed <a href=\"https:\/\/actu.fr\/normandie\/rouen_76540\" target=\"_blank\" rel=\"noopener\">Rouen<\/a> est-il la victime collat\u00e9rale d\u2019une liquidation judiciaire ? Le centre de sant\u00e9, <a href=\"https:\/\/actu.fr\/normandie\/rouen_76540\/dentistes-pediatres-generalistes-ce-centre-de-sante-a-ouvert-au-sein-de-la-gare-de-rouen_46532345.html\" target=\"_blank\" rel=\"noopener\">ouvert le 8 novembre 2021<\/a> et qui propose des soins m\u00e9dicaux et dentaires, <strong>a connu des difficult\u00e9s pour payer ses salari\u00e9s fin 2025<\/strong>. Pour autant, la direction se veut rassurante. <br \/>Explications.<\/p>\n<p>Le groupe SoMed en liquidation judiciaire<\/p>\n<p class=\" wall-content\">Le groupe SoMed, dont le si\u00e8ge est \u00e0 Paris, a en effet \u00e9t\u00e9 plac\u00e9 en <strong>liquidation, apr\u00e8s une p\u00e9riode de redressement judiciaire<\/strong>,\u00a0d\u00e9but d\u00e9cembre. Le si\u00e8ge et plusieurs centres sont concern\u00e9s, <strong>mais pas celui de Rouen<\/strong>. \u00ab Il y a plusieurs centres qui avaient \u00e9t\u00e9 mis en redressement judiciaire, et celui de Rouen n\u2019a pas \u00e9t\u00e9 concern\u00e9 parce qu\u2019il fonctionnait bien \u00bb, nous indique la directrice du centre de sant\u00e9, que 76actu a rencontr\u00e9e.<\/p>\n<p class=\" wall-content\">Il n\u2019emp\u00eache, fin d\u00e9cembre, <strong>les paies ne tombent pas<\/strong>, et depuis les employ\u00e9s s\u2019inqui\u00e8tent. \u00ab On est pris en otage, c\u2019est tr\u00e8s flou \u00bb, t\u00e9moigne une salari\u00e9e. \u00ab La directrice a communiqu\u00e9 par mail le 31 d\u00e9cembre 2025, mais on n\u2019a <strong>aucune information depuis<\/strong>, il y a de quoi paniquer un peu. \u00bb<\/p>\n<p class=\" wall-content\">Secr\u00e9tariat, assistantes dentaires, m\u00e9decins et dentistes, les 24 employ\u00e9s attendent le salaire du dernier mois de l\u2019ann\u00e9e 2025. Et se demandent si \u00e7a va durer.<\/p>\n<p>Un probl\u00e8me de prestataires<\/p>\n<p class=\" wall-content\">La directrice de SoMed Rouen explique que ce retard est d\u00fb \u00e0 la liquidation du si\u00e8ge. Puisque sans le si\u00e8ge, il faut signer de <strong>nouveaux contrats avec les prestataires<\/strong>, pour les RH, l\u2019informatique\u2026 et pouvoir toucher le tiers payant (NDLR : le tiers payant permet au patient de ne pas avancer les soins rembours\u00e9s par l\u2019Assurance maladie, voire sa mutuelle).<\/p>\n<blockquote class=\"ac-article-quote wall-content\">\n<p>On fonctionne avec les t\u00e9l\u00e9transmissions, on est un centre de sant\u00e9 secteur 1 avec tiers payant. D\u00e8s qu&rsquo;un patient passe, la plupart du temps ils n&rsquo;ont pas d&rsquo;avance de frais \u00e0 faire. Notre rentr\u00e9e d&rsquo;argent c&rsquo;est par les virements de la CPAM (caisse primaire d&rsquo;assurance maladie) et de toutes les mutuelles.<\/p>\n<p>    <strong>La directrice de SoMed Rouen<\/strong>\n            <\/p><\/blockquote>\n<p class=\" wall-content\">Le service tiers payant a mis un mois \u00e0 se remettre en place. \u00ab On a r\u00e9cup\u00e9r\u00e9 par le liquidateur judiciaire toutes les infos pour pouvoir continuer de fa\u00e7on autonome, en cr\u00e9ant tous les contrats avec les prestataires n\u00e9cessaires. C\u2019est \u00e7a qui a mis du temps \u00e0 se mettre en place, malheureusement c\u2019est tomb\u00e9 au mois de d\u00e9cembre avec les jours f\u00e9ri\u00e9s \u00bb, explique la directrice.<\/p>\n<p>Votre r\u00e9gion, votre actu !<\/p>\n<p>Recevez chaque jour les infos qui comptent pour vous.<\/p>\n<p>\t<a href=\"https:\/\/actu.fr\/newsletter\" class=\"ac-btn ac-btn--corner ac-btn--medium ac-btn--blue800\" target=\"_blank\" rel=\"noopener\">S&rsquo;incrire<\/a><\/p>\n<p class=\" wall-content\">Tout fonctionne \u00e0 nouveau depuis lundi d\u2019apr\u00e8s elle. Qu\u2019en est-il des salaires ? \u00ab <strong>Les paies ont \u00e9t\u00e9 faites aujourd\u2019hui<\/strong> \u00bb, vendredi 16 janvier, assure-t-elle. \u00ab Le centre est ouvert depuis 2021, c\u2019est la premi\u00e8re fois qu\u2019il y a un retard de paiement. C\u2019est une situation temporaire, mais les inqui\u00e9tudes sont l\u00e9gitimes. \u00bb<\/p>\n<p>Le centre veut continuer en ind\u00e9pendant<\/p>\n<p class=\" wall-content\">\u00ab Enfin ! \u00bb nous dit une salari\u00e9e apr\u00e8s avoir re\u00e7u l\u2019information concernant les salaires vendredi matin. \u00ab J\u2019esp\u00e8re que \u00e7a va vraiment arriver, \u00e7a rassure. Je me dis que tout n\u2019est peut-\u00eatre pas fini, que la machine va repartir. On va garder espoir. \u00bb \u00c0 l\u2019heure o\u00f9 76actu \u00e9crit ces lignes vendredi apr\u00e8s-midi, elle n\u2019avait pas encore per\u00e7u son salaire.<\/p>\n<blockquote class=\"ac-article-quote wall-content\">\n<p>Si les prestataires sont mis en place et que l&rsquo;argent rentre, il n&rsquo;y a pas de raisons que \u00e7a ne fonctionne pas, \u00e7a fonctionnait avant. Il y a beaucoup de patients, le rythme est bon, \u00e7a bosse.<\/p>\n<p>    <strong>Une employ\u00e9e de SoMed Rouen<\/strong>\n            <\/p><\/blockquote>\n<p class=\" wall-content\">Et maintenant ? La directrice assure qu\u2019il n\u2019y aura plus de probl\u00e8mes de paie, d\u00e8s le mois de janvier. Et veut <strong>p\u00e9renniser le centre de sant\u00e9 comme ind\u00e9pendant<\/strong>, sans savoir si le nom devra changer ou pas. En tout cas, \u00ab le centre n\u2019est pas \u00e0 vendre \u00bb.<\/p>\n<p>Suivez l\u2019actualit\u00e9 de Rouen <a href=\"https:\/\/www.whatsapp.com\/channel\/0029VaKfnf99hXF2ddApFB1D\" target=\"_blank\" rel=\"noopener\">sur notre cha\u00eene WhatsApp<\/a> et <a href=\"https:\/\/www.tiktok.com\/@76actu.fr?lang=fr\" target=\"_blank\" rel=\"noopener\">sur notre compte TikTok<\/a><\/p>\n<p class=\" wall-content\">Personnalisez votre actualit\u00e9 en ajoutant vos villes et m\u00e9dias en favori avec <a href=\"https:\/\/moncompte.actu.fr\" title=\"D\u00e9couvez Mon Actu\" rel=\"nofollow noopener\" data-trk=\"{&quot;cta&quot;:{&quot;action&quot;:&quot;https:\\\/\\\/moncompte.actu.fr&quot;,&quot;category&quot;:&quot;mon compte&quot;,&quot;from&quot;:&quot;article footer&quot;,&quot;name&quot;:&quot;Mon actu&quot;,&quot;type&quot;:&quot;cta&quot;}}\" target=\"_blank\">Mon Actu<\/a>.<\/p>\n<p>                    <script async src=\"\/\/www.tiktok.com\/embed.js\"><\/script><\/p>\n","protected":false},"excerpt":{"rendered":"Par Mathieu Charr\u00e9 Publi\u00e9 le 16 janv. 2026 \u00e0 19h24 Le SoMed Rouen est-il la victime collat\u00e9rale d\u2019une&hellip;\n","protected":false},"author":2,"featured_media":668326,"comment_status":"","ping_status":"","sticky":false,"template":"","format":"standard","meta":{"footnotes":""},"categories":[9587],"tags":[1111,11,1777,674,1011,27,12,5161,25,9590,71,2631],"class_list":{"0":"post-668325","1":"post","2":"type-post","3":"status-publish","4":"format-standard","5":"has-post-thumbnail","7":"category-rouen","8":"tag-actu","9":"tag-actualites","10":"tag-eu","11":"tag-europe","12":"tag-fr","13":"tag-france","14":"tag-news","15":"tag-normandie","16":"tag-republique-francaise","17":"tag-rouen","18":"tag-sante","19":"tag-sciences-technologie"},"share_on_mastodon":{"url":"https:\/\/pubeurope.com\/@fr\/115906310615816058","error":""},"_links":{"self":[{"href":"https:\/\/www.europesays.com\/fr\/wp-json\/wp\/v2\/posts\/668325","targetHints":{"allow":["GET"]}}],"collection":[{"href":"https:\/\/www.europesays.com\/fr\/wp-json\/wp\/v2\/posts"}],"about":[{"href":"https:\/\/www.europesays.com\/fr\/wp-json\/wp\/v2\/types\/post"}],"author":[{"embeddable":true,"href":"https:\/\/www.europesays.com\/fr\/wp-json\/wp\/v2\/users\/2"}],"replies":[{"embeddable":true,"href":"https:\/\/www.europesays.com\/fr\/wp-json\/wp\/v2\/comments?post=668325"}],"version-history":[{"count":0,"href":"https:\/\/www.europesays.com\/fr\/wp-json\/wp\/v2\/posts\/668325\/revisions"}],"wp:featuredmedia":[{"embeddable":true,"href":"https:\/\/www.europesays.com\/fr\/wp-json\/wp\/v2\/media\/668326"}],"wp:attachment":[{"href":"https:\/\/www.europesays.com\/fr\/wp-json\/wp\/v2\/media?parent=668325"}],"wp:term":[{"taxonomy":"category","embeddable":true,"href":"https:\/\/www.europesays.com\/fr\/wp-json\/wp\/v2\/categories?post=668325"},{"taxonomy":"post_tag","embeddable":true,"href":"https:\/\/www.europesays.com\/fr\/wp-json\/wp\/v2\/tags?post=668325"}],"curies":[{"name":"wp","href":"https:\/\/api.w.org\/{rel}","templated":true}]}}