{"id":668333,"date":"2026-01-16T19:01:15","date_gmt":"2026-01-16T19:01:15","guid":{"rendered":"https:\/\/www.europesays.com\/fr\/668333\/"},"modified":"2026-01-16T19:01:15","modified_gmt":"2026-01-16T19:01:15","slug":"un-appel-a-vigilance-lance-face-au-demarchage-de-faux-agents","status":"publish","type":"post","link":"https:\/\/www.europesays.com\/fr\/668333\/","title":{"rendered":"un appel \u00e0 vigilance lanc\u00e9 face au d\u00e9marchage de faux agents"},"content":{"rendered":"<p>                    Par<br \/>\n        <strong><br \/>\n            <a href=\"https:\/\/actu.fr\/auteur\/redaction-jv\" title=\"Consulter tous les articles de R\u00e9daction Vitr\u00e9\" target=\"_blank\" rel=\"noopener\">R\u00e9daction Vitr\u00e9<\/a><br \/>\n                    <\/strong><\/p>\n<p>        Publi\u00e9 le<\/p>\n<p>            16 janv. 2026 \u00e0 17h11        <\/p>\n<p>Un appel \u00e0 la vigilance a \u00e9t\u00e9 lanc\u00e9 par le <b>Smictom Sud-Est 35 en Ille-et-Vilaine<\/b>.<\/p>\n<p class=\" wall-content\">Le syndicat alerte sur la pr\u00e9sence de <b>faux agents<\/b> rep\u00e9r\u00e9s dans le secteur de <b>Retiers et Martign\u00e9-Ferchaud<\/b>.<\/p>\n<p>Ne pas r\u00e9pondre aux sollicitations<\/p>\n<p class=\" wall-content\">\u00ab\u2009Des personnes se faisant passer pour des agents du Smictom demandent \u00e0 des habitants une <b>somme d\u2019argent en l\u2019\u00e9change de la collecte ou de l\u2019\u00e9change d\u2019un bac<\/b>\u2009\u00bb, signale le Smictom.<\/p>\n<p class=\" wall-content\">Le syndicat indique de ne pas r\u00e9pondre pas \u00e0 leurs sollicitations. \u00ab\u2009Pr\u00e9venez la gendarmerie et le Smictom Sud-Est 35 (02\u200999\u200974\u200944\u200947)\u2009\u00bb, annonce le syndicat.<\/p>\n<p class=\" wall-content\">Pour rappel, les agents du Smictom n\u2019interviennent que \u00ab\u2009sur <b>demande de l\u2019habitant <\/b>et en aucun cas ne demandent une somme d\u2019argent\u2009\u00bb.<\/p>\n<p>Vid\u00e9os : en ce moment sur Actu<\/p>\n<p class=\" wall-content\">Par ailleurs, les habitants sont \u00ab\u2009syst\u00e9matiquement pr\u00e9venus en amont du passage d\u2019un agent via un appel t\u00e9l\u00e9phonique par l\u2019un d\u2019entre eux\u2009\u00bb.<\/p>\n<p class=\" wall-content\">Enfin, l\u2019agent est \u00ab\u2009identifiable par un badge et se d\u00e9place avec un v\u00e9hicule aux couleurs du Smictom\u2009\u00bb.<\/p>\n<p class=\" wall-content\">Personnalisez votre actualit\u00e9 en ajoutant vos villes et m\u00e9dias en favori avec <a href=\"https:\/\/moncompte.actu.fr\" title=\"D\u00e9couvez Mon Actu\" rel=\"nofollow noopener\" data-trk=\"{&quot;cta&quot;:{&quot;action&quot;:&quot;https:\\\/\\\/moncompte.actu.fr&quot;,&quot;category&quot;:&quot;mon compte&quot;,&quot;from&quot;:&quot;article footer&quot;,&quot;name&quot;:&quot;Mon actu&quot;,&quot;type&quot;:&quot;cta&quot;}}\" target=\"_blank\">Mon Actu<\/a>.<\/p>\n","protected":false},"excerpt":{"rendered":"Par R\u00e9daction Vitr\u00e9 Publi\u00e9 le 16 janv. 2026 \u00e0 17h11 Un appel \u00e0 la vigilance a \u00e9t\u00e9 lanc\u00e9&hellip;\n","protected":false},"author":2,"featured_media":668334,"comment_status":"","ping_status":"","sticky":false,"template":"","format":"standard","meta":{"footnotes":""},"categories":[2821],"tags":[1111,11,3514,829,1777,674,1011,27,12,584,25,104],"class_list":{"0":"post-668333","1":"post","2":"type-post","3":"status-publish","4":"format-standard","5":"has-post-thumbnail","7":"category-rennes","8":"tag-actu","9":"tag-actualites","10":"tag-arnaque","11":"tag-bretagne","12":"tag-eu","13":"tag-europe","14":"tag-fr","15":"tag-france","16":"tag-news","17":"tag-rennes","18":"tag-republique-francaise","19":"tag-societe"},"share_on_mastodon":{"url":"https:\/\/pubeurope.com\/@fr\/115906326485865851","error":""},"_links":{"self":[{"href":"https:\/\/www.europesays.com\/fr\/wp-json\/wp\/v2\/posts\/668333","targetHints":{"allow":["GET"]}}],"collection":[{"href":"https:\/\/www.europesays.com\/fr\/wp-json\/wp\/v2\/posts"}],"about":[{"href":"https:\/\/www.europesays.com\/fr\/wp-json\/wp\/v2\/types\/post"}],"author":[{"embeddable":true,"href":"https:\/\/www.europesays.com\/fr\/wp-json\/wp\/v2\/users\/2"}],"replies":[{"embeddable":true,"href":"https:\/\/www.europesays.com\/fr\/wp-json\/wp\/v2\/comments?post=668333"}],"version-history":[{"count":0,"href":"https:\/\/www.europesays.com\/fr\/wp-json\/wp\/v2\/posts\/668333\/revisions"}],"wp:featuredmedia":[{"embeddable":true,"href":"https:\/\/www.europesays.com\/fr\/wp-json\/wp\/v2\/media\/668334"}],"wp:attachment":[{"href":"https:\/\/www.europesays.com\/fr\/wp-json\/wp\/v2\/media?parent=668333"}],"wp:term":[{"taxonomy":"category","embeddable":true,"href":"https:\/\/www.europesays.com\/fr\/wp-json\/wp\/v2\/categories?post=668333"},{"taxonomy":"post_tag","embeddable":true,"href":"https:\/\/www.europesays.com\/fr\/wp-json\/wp\/v2\/tags?post=668333"}],"curies":[{"name":"wp","href":"https:\/\/api.w.org\/{rel}","templated":true}]}}