{"id":668335,"date":"2026-01-16T19:02:09","date_gmt":"2026-01-16T19:02:09","guid":{"rendered":"https:\/\/www.europesays.com\/fr\/668335\/"},"modified":"2026-01-16T19:02:09","modified_gmt":"2026-01-16T19:02:09","slug":"lars-bretagne-declenche-le-plan-orsan-epiclim-de-quoi-parle-t-on","status":"publish","type":"post","link":"https:\/\/www.europesays.com\/fr\/668335\/","title":{"rendered":"l&rsquo;ARS Bretagne d\u00e9clenche le plan ORSAN EPICLIM, de quoi parle-t-on\u00a0?"},"content":{"rendered":"<p>                    Par<br \/>\n        <strong><br \/>\n            <a href=\"https:\/\/actu.fr\/auteur\/laurene-fertin\" title=\"Consulter tous les articles de Laur\u00e8ne Fertin\" target=\"_blank\" rel=\"noopener\">Laur\u00e8ne Fertin<\/a><br \/>\n                    <\/strong><\/p>\n<p>        Publi\u00e9 le<\/p>\n<p>            16 janv. 2026 \u00e0 19h17        <\/p>\n<p>Les soignants font face \u00e0 <strong>une tension hospitali\u00e8re \u00ab\u2009majeure\u2009\u00bb<\/strong> et <a href=\"https:\/\/actu.fr\/bretagne\/rennes_35238\/face-a-la-crise-aux-urgences-du-chu-de-rennes-les-soignants-sont-en-detresse-on-fait-de-l-abattage_63697880.html\" target=\"_blank\" rel=\"noopener\">manifestaient d\u2019ailleurs leur \u00e9puisement, mercredi 14\u00a0janvier 2026, devant le CHU de Rennes,<\/a> durement impact\u00e9.<\/p>\n<p class=\" wall-content\">Pour r\u00e9pondre \u00e0 cette situation de crise qui touche essentiellement la Haute-Bretagne (\u00e0 savoir les secteurs de Rennes-Vitr\u00e9-Redon-Foug\u00e8res), et en particulier l\u2019h\u00f4pital Pontchaillou, l\u2019ARS Bretagne indique, ce vendredi 16\u00a0janvier, d\u00e9clencher<strong> le plan ORSAN EPICLIM<\/strong>.<\/p>\n<p>\u00ab\u2009Une mobilisation exceptionnelle et coordonn\u00e9e\u2009\u00bb<\/p>\n<p class=\" wall-content\">Le plan ORSAN EPICLIM permet d\u2019<strong>organiser,<\/strong> \u00e0 l\u2019\u00e9chelle de la Haute-Bretagne, la r\u00e9ponse du syst\u00e8me de sant\u00e9 face \u00e0 une situation sanitaire exceptionnelle, comme l\u2019indique <a href=\"https:\/\/sante.gouv.fr\/prevention-en-sante\/securite-sanitaire\/article\/le-dispositif-orsan-cadre-integre-de-preparation-et-de-reponse-du-systeme-de\" target=\"_blank\" rel=\"noopener\">le minist\u00e8re de la Sant\u00e9.<\/a><\/p>\n<p class=\" wall-content\">Pr\u00e9cis\u00e9ment, selon l\u2019ARS, ce plan garantit \u00ab\u2009la continuit\u00e9, la s\u00e9curit\u00e9 et la qualit\u00e9 des prises en charge en organisant <strong>une mobilisation exceptionnelle et coordonn\u00e9e<\/strong> de l\u2019ensemble des acteurs sanitaires et m\u00e9dico-sociaux du territoire\u2009\u00bb alors que \u00ab\u2009l\u2019activit\u00e9 hospitali\u00e8re ne permet plus de r\u00e9pondre, de mani\u00e8re optimale, aux besoins de prise en charge de la population\u2009\u00bb.<\/p>\n<p class=\" wall-content\">Le but, en activant la contribution de chaque \u00e9tablissement et service est de <strong>\u00ab\u2009d\u00e9sengorger<\/strong> les capacit\u00e9s hospitali\u00e8res\u2009\u00bb,<strong> \u00ab\u2009fluidifier les parcours patients\u2009\u00bb <\/strong>et <strong>\u00ab\u2009s\u00e9curiser<\/strong> les prises en charge des publics <strong>les plus vuln\u00e9rables\u2009\u00bb.<\/strong><\/p>\n<p>Le dispositif ORSAN<\/p>\n<p>Selon le minist\u00e8re de la Sant\u00e9, le plan ORSAN  se d\u00e9cline de cinq fa\u00e7ons : <\/p>\n<p>-le plan ORSAN AMAVI est activ\u00e9 quand les \u00e9tablissements de sant\u00e9 font face \u00e0 grand nombre de bless\u00e9s suite un accident collectif, un attentat ou une catastrophe naturelle ;<br \/>-le plan ORSAN MEDICO-PSY concerne, quant \u00e0 lui, la prise en charge de nombreuses victimes, bless\u00e9s psychiques ;<br \/>-le plan ORSAN REB permet de r\u00e9pondre aux diff\u00e9rents types de risques \u00e9pid\u00e9miques et biologiques notamment ceux \u00e0 potentiel pand\u00e9mique ;<br \/>-le plan ORSAN NRC permet d&rsquo;assurer la prise en charge des victimes irradi\u00e9es, ou potentiellement contamin\u00e9es par des agents ;<br \/>&#8211; et le Plan ORSAN EPI-CLIM est d\u00e9clench\u00e9 afin d&rsquo;assurer la prise en charge des patients en situation d\u2019\u00e9pid\u00e9mie saisonni\u00e8re et de tensions hospitali\u00e8res, mais \u00e9galement afin d&rsquo;assurer la prise en charge des victimes d\u2019un \u00e9v\u00e9nement de nature climatique ou environnemental (pollution, canicule, grand froid, \u2026).<\/p>\n<p>\u00abAcc\u00e9l\u00e9rer la sortie des patients\u2009\u00bb<\/p>\n<p class=\" wall-content\">Concr\u00e8tement, les \u00e9tablissements de sant\u00e9 publics et priv\u00e9s sont invit\u00e9s \u00e0<a href=\"https:\/\/actu.fr\/bretagne\/rennes_35238\/greve-des-medecins-grippe-neige-le-chu-de-rennes-sous-tension-declenche-une-mesure-exceptionnelle_63661918.html\" target=\"_blank\" rel=\"noopener\"><strong> d\u00e9clencher leur plan blanc<\/strong> <\/a>et cr\u00e9er des \u00ab\u2009capacit\u00e9s d\u2019hospitalisation suppl\u00e9mentaires\u2009\u00bb en <strong>anticipant et acc\u00e9l\u00e9rant les sorties des patients<\/strong>, en <strong>d\u00e9programmant,<\/strong> si n\u00e9cessaire, des interventions et hospitalisations non urgentes, en ayant <strong>recours \u00e0 du personnel de renfort<\/strong> ou \u00e0 la \u00ab\u2009densification des lits\u2009\u00bb dans les services.<\/p>\n<p>Votre r\u00e9gion, votre actu !<\/p>\n<p>Recevez chaque jour les infos qui comptent pour vous.<\/p>\n<p>\t<a href=\"https:\/\/actu.fr\/newsletter\" class=\"ac-btn ac-btn--corner ac-btn--medium ac-btn--blue800\" target=\"_blank\" rel=\"noopener\">S&rsquo;incrire<\/a><\/p>\n<p class=\" wall-content\">De la m\u00eame mani\u00e8re, l\u2019ARS Bretagne invite <strong>les \u00e9tablissements et services m\u00e9dico-sociaux<\/strong> \u00e0 faciliter les admissions et les prises en charge <strong>temporaires<\/strong> ou <strong>les retours en sortie d\u2019hospitalisation<\/strong> \u00ab\u2009dans le respect de la s\u00e9curit\u00e9 des personnes accompagn\u00e9es\u2009\u00bb.<\/p>\n<p class=\" wall-content\">Le plan ORSAN EPICLIM reste <strong>\u00ab\u2009une mesure temporaire et \u00e9volutive\u2009\u00bb,<\/strong> pr\u00e9cise l\u2019ARS, faisant l\u2019objet \u00ab\u2009d\u2019un suivi r\u00e9gulier\u2009\u00bb et \u00ab\u2009d\u2019adaptations en fonction de l\u2019\u00e9volution de la situation sanitaire et des capacit\u00e9s territoriales\u2009\u00bb.<\/p>\n<p class=\" wall-content\">Personnalisez votre actualit\u00e9 en ajoutant vos villes et m\u00e9dias en favori avec <a href=\"https:\/\/moncompte.actu.fr\" title=\"D\u00e9couvez Mon Actu\" rel=\"nofollow noopener\" data-trk=\"{&quot;cta&quot;:{&quot;action&quot;:&quot;https:\\\/\\\/moncompte.actu.fr&quot;,&quot;category&quot;:&quot;mon compte&quot;,&quot;from&quot;:&quot;article footer&quot;,&quot;name&quot;:&quot;Mon actu&quot;,&quot;type&quot;:&quot;cta&quot;}}\" target=\"_blank\">Mon Actu<\/a>.<\/p>\n","protected":false},"excerpt":{"rendered":"Par Laur\u00e8ne Fertin Publi\u00e9 le 16 janv. 2026 \u00e0 19h17 Les soignants font face \u00e0 une tension hospitali\u00e8re&hellip;\n","protected":false},"author":2,"featured_media":668336,"comment_status":"","ping_status":"","sticky":false,"template":"","format":"standard","meta":{"footnotes":""},"categories":[2821],"tags":[1111,11,829,7513,1777,674,1011,27,12,584,25,71,104],"class_list":{"0":"post-668335","1":"post","2":"type-post","3":"status-publish","4":"format-standard","5":"has-post-thumbnail","7":"category-rennes","8":"tag-actu","9":"tag-actualites","10":"tag-bretagne","11":"tag-chu-de-rennes","12":"tag-eu","13":"tag-europe","14":"tag-fr","15":"tag-france","16":"tag-news","17":"tag-rennes","18":"tag-republique-francaise","19":"tag-sante","20":"tag-societe"},"share_on_mastodon":{"url":"https:\/\/pubeurope.com\/@fr\/115906330342386989","error":""},"_links":{"self":[{"href":"https:\/\/www.europesays.com\/fr\/wp-json\/wp\/v2\/posts\/668335","targetHints":{"allow":["GET"]}}],"collection":[{"href":"https:\/\/www.europesays.com\/fr\/wp-json\/wp\/v2\/posts"}],"about":[{"href":"https:\/\/www.europesays.com\/fr\/wp-json\/wp\/v2\/types\/post"}],"author":[{"embeddable":true,"href":"https:\/\/www.europesays.com\/fr\/wp-json\/wp\/v2\/users\/2"}],"replies":[{"embeddable":true,"href":"https:\/\/www.europesays.com\/fr\/wp-json\/wp\/v2\/comments?post=668335"}],"version-history":[{"count":0,"href":"https:\/\/www.europesays.com\/fr\/wp-json\/wp\/v2\/posts\/668335\/revisions"}],"wp:featuredmedia":[{"embeddable":true,"href":"https:\/\/www.europesays.com\/fr\/wp-json\/wp\/v2\/media\/668336"}],"wp:attachment":[{"href":"https:\/\/www.europesays.com\/fr\/wp-json\/wp\/v2\/media?parent=668335"}],"wp:term":[{"taxonomy":"category","embeddable":true,"href":"https:\/\/www.europesays.com\/fr\/wp-json\/wp\/v2\/categories?post=668335"},{"taxonomy":"post_tag","embeddable":true,"href":"https:\/\/www.europesays.com\/fr\/wp-json\/wp\/v2\/tags?post=668335"}],"curies":[{"name":"wp","href":"https:\/\/api.w.org\/{rel}","templated":true}]}}