{"id":668345,"date":"2026-01-16T19:07:17","date_gmt":"2026-01-16T19:07:17","guid":{"rendered":"https:\/\/www.europesays.com\/fr\/668345\/"},"modified":"2026-01-16T19:07:17","modified_gmt":"2026-01-16T19:07:17","slug":"nos-idees-de-sorties-du-week-end","status":"publish","type":"post","link":"https:\/\/www.europesays.com\/fr\/668345\/","title":{"rendered":"nos id\u00e9es de sorties du week-end"},"content":{"rendered":"<p>                    Par<br \/>\n        <strong><br \/>\n            <a href=\"https:\/\/actu.fr\/auteur\/thomas-bernard\" title=\"Consulter tous les articles de Thomas Bernard\" target=\"_blank\" rel=\"noopener\">Thomas Bernard<\/a><br \/>\n                    <\/strong><\/p>\n<p>        Publi\u00e9 le<\/p>\n<p>            16 janv. 2026 \u00e0 17h50        <\/p>\n<p>Vous avez envie de profiter du week-end et vous ne savez pas quoi faire. Pas de panique, comme chaque semaine, la r\u00e9daction d\u2019actu Nantes\u00a0vous a s\u00e9lectionn\u00e9 des id\u00e9es de sorties. D\u00e9couvrez nos recommandations pour ce <b>samedi\u00a017 et ce dimanche 18\u00a0janvier 2026.<\/b><\/p>\n<p>Astronomie<\/p>\n<p class=\" wall-content\">Un voyage vers les \u00e9toiles. C\u2019est la promesse du festival De la Terre aux \u00e9toiles, un \u00e9v\u00e9nement imagin\u00e9 par le plan\u00e9tarium de Nantes et des associations. Depuis le 10\u00a0janvier et jusqu\u2019au <b>25\u00a0janvier<\/b>, des observations du ciel, des conf\u00e9rences et autres animations sont organis\u00e9es dans la m\u00e9tropole nantaise.<\/p>\n<p class=\" wall-content\">C\u2019est la deuxi\u00e8me \u00e9dition de ce festival. Ce week-end, de 10\u2009h \u00e0 18\u2009h, les Nantais pourront r\u00eaver des cieux en d\u00e9couvrant<b> l\u2019exposition immersive Regards<\/b> \u00e0 la Halle 6 Ouest, 42 tour d\u2019Auvergne, sur l\u2019\u00eele de Nantes. Ce samedi, \u00e0 partir de 19\u2009h, des observations du ciel sont propos\u00e9es \u00e0 <a href=\"https:\/\/actu.fr\/pays-de-la-loire\/la-chapelle-sur-erdre_44035\" target=\"_blank\" rel=\"noopener\">la Chapelle-sur-Erdre<\/a> (esplanade devant le ch\u00e2teau de L\u2019Hopitau) et \u00e0 <a href=\"https:\/\/actu.fr\/pays-de-la-loire\/sautron_44194\" target=\"_blank\" rel=\"noopener\">Sautron<\/a> (espace de la Vall\u00e9e).<\/p>\n<p class=\" wall-content\">Infos pratiques\u2009: festival De la Terre aux \u00e9toiles, jusqu\u2019au 25\u00a0janvier.<br \/>D\u00e9couvrez la programmation compl\u00e8te <a href=\"https:\/\/festivaldelaterreauxetoiles.fr\/wp-content\/uploads\/2025\/12\/Programme-20-pages-BD.pdf\" target=\"_blank\" rel=\"noopener\">ici<\/a>. L\u2019acc\u00e8s aux animations est libre ou sur inscription en fonction des \u00e9v\u00e9nements.<\/p>\n<p>Danse<\/p>\n<p class=\" wall-content\">Festival de danse reconnu, Trajectoires revient pour une neuvi\u00e8me \u00e9dition \u00e0 Nantes. <b>Depuis le 15\u00a0janvier et jusqu\u2019au 1er\u00a0f\u00e9vrier<\/b>, plusieurs spectacles, venus d\u2019Afrique, d\u2019Am\u00e9rique latine, d\u2019Europe ou d\u2019Asie, seront propos\u00e9s dans la cit\u00e9 des ducs de Bretagne.<\/p>\n<p class=\" wall-content\">\u00ab\u2009\u00c0 l\u2019heure o\u00f9 les fronti\u00e8res se referment et les paroles se raidissent, la danse reste un espace d\u2019ouverture, de rencontre sans contraintes. Elle relie les personnes, les langues et les imaginaires et efface les lignes de s\u00e9paration\u2009\u00bb, expliquent les organisateurs sur le site officiel du festival.<\/p>\n<p class=\" wall-content\">Infos pratiques\u2009: Trajectoires, du 15\u00a0janvier au 1er\u00a0f\u00e9vrier 2026.<br \/>Le programme complet <a href=\"https:\/\/festival-trajectoires.com\/\" target=\"_blank\" rel=\"noopener\">ici<\/a>.<\/p>\n<p>Votre r\u00e9gion, votre actu !<\/p>\n<p>Recevez chaque jour les infos qui comptent pour vous.<\/p>\n<p>\t<a href=\"https:\/\/actu.fr\/newsletter\" class=\"ac-btn ac-btn--corner ac-btn--medium ac-btn--blue800\" target=\"_blank\" rel=\"noopener\">S&rsquo;incrire<\/a><br \/>\nJonglage et cirque<\/p>\n<p class=\" wall-content\">Ce samedi 17\u00a0janvier 2026, rendez-vous au Chapidock, sur l\u2019\u00eele de Nantes, pour s\u2019essayer au jonglage. La compagnie Cirque en Retz propose une initiation au jonglage et au monocycle Des professionnels seront pr\u00e9sents pour des d\u00e9monstrations.<\/p>\n<p class=\" wall-content\">Infos pratiques\u2009: Le Chapidock \u2013 \u00e9cole des arts du cirque, 60 quai Pr\u00e9sident Wilson, samedi 17\u00a0janvier 2026, de 13\u2009h\u200930 \u00e0 18\u2009h. Entr\u00e9e \u00e0 prix libre.<\/p>\n<p>Sport<\/p>\n<p class=\" wall-content\">Ce samedi\u00a017 et ce dimanche 18\u00a0janvier 2026, <b>de 10\u2009h \u00e0 16\u2009h<\/b>, l\u2019\u00e9quipe des \u00c9l\u00e9phants de Nantes accueille le championnat national de D2 de Quadball, anciennement baptis\u00e9 Quidditch. Tout au long du week-end, les Nantais affronteront Caen, Lyon, Angers et Toulouse Ariane. Les rencontres auront lieu au niveau de l\u2019hippodrome de Petit Port, au nord de Nantes. Des initiations seront \u00e9galement propos\u00e9es. L\u2019ann\u00e9e derni\u00e8re, nous avions rencontr\u00e9 l\u2019\u00e9quipe nantaise, retrouvez <a href=\"https:\/\/actu.fr\/pays-de-la-loire\/nantes_44109\/ce-n-est-pas-que-pour-les-fans-d-harry-potter-le-quidditch-ou-quadball-cet-autre-sport-nantais_61644562.html\" target=\"_blank\" rel=\"noopener\">notre article ici<\/a>.<\/p>\n<p class=\" wall-content\">D\u2019autres dates sont \u00e0 noter dans l\u2019agenda sportif du week-end\u2009:<\/p>\n<ul class=\" wall-content\">\n<li>Le FC Nantes re\u00e7oit le Paris FC ce dimanche 18\u00a0janvier 2026 \u00e0 17\u2009h\u200915 lors de la 18e journ\u00e9e de Ligue\u00a01.<\/li>\n<li>Silver Euroleague masculine de volley assis, \u00e0 Sainte-Luce-sur-Loire (halle sportive de la Minais), avec la participation des <a href=\"https:\/\/actu.fr\/pays-de-la-loire\/sainte-luce-sur-loire_44172\/les-neptunes-de-nantes-accueillent-une-competition-europeenne-majeure_63681864.html\" target=\"_blank\" rel=\"noopener\">Neptunes de Nantes<\/a>.<\/li>\n<\/ul>\n<p class=\" wall-content\">Personnalisez votre actualit\u00e9 en ajoutant vos villes et m\u00e9dias en favori avec <a href=\"https:\/\/moncompte.actu.fr\" title=\"D\u00e9couvez Mon Actu\" rel=\"nofollow noopener\" data-trk=\"{&quot;cta&quot;:{&quot;action&quot;:&quot;https:\\\/\\\/moncompte.actu.fr&quot;,&quot;category&quot;:&quot;mon compte&quot;,&quot;from&quot;:&quot;article footer&quot;,&quot;name&quot;:&quot;Mon actu&quot;,&quot;type&quot;:&quot;cta&quot;}}\" target=\"_blank\">Mon Actu<\/a>.<\/p>\n","protected":false},"excerpt":{"rendered":"Par Thomas Bernard Publi\u00e9 le 16 janv. 2026 \u00e0 17h50 Vous avez envie de profiter du week-end et&hellip;\n","protected":false},"author":2,"featured_media":668346,"comment_status":"","ping_status":"","sticky":false,"template":"","format":"standard","meta":{"footnotes":""},"categories":[2818],"tags":[1111,11,1777,674,1011,27,1652,766,12,2636,25,853],"class_list":{"0":"post-668345","1":"post","2":"type-post","3":"status-publish","4":"format-standard","5":"has-post-thumbnail","7":"category-nantes","8":"tag-actu","9":"tag-actualites","10":"tag-eu","11":"tag-europe","12":"tag-fr","13":"tag-france","14":"tag-loisirs-culture","15":"tag-nantes","16":"tag-news","17":"tag-pays-de-la-loire","18":"tag-republique-francaise","19":"tag-spectacles"},"share_on_mastodon":{"url":"https:\/\/pubeurope.com\/@fr\/115906350009600603","error":""},"_links":{"self":[{"href":"https:\/\/www.europesays.com\/fr\/wp-json\/wp\/v2\/posts\/668345","targetHints":{"allow":["GET"]}}],"collection":[{"href":"https:\/\/www.europesays.com\/fr\/wp-json\/wp\/v2\/posts"}],"about":[{"href":"https:\/\/www.europesays.com\/fr\/wp-json\/wp\/v2\/types\/post"}],"author":[{"embeddable":true,"href":"https:\/\/www.europesays.com\/fr\/wp-json\/wp\/v2\/users\/2"}],"replies":[{"embeddable":true,"href":"https:\/\/www.europesays.com\/fr\/wp-json\/wp\/v2\/comments?post=668345"}],"version-history":[{"count":0,"href":"https:\/\/www.europesays.com\/fr\/wp-json\/wp\/v2\/posts\/668345\/revisions"}],"wp:featuredmedia":[{"embeddable":true,"href":"https:\/\/www.europesays.com\/fr\/wp-json\/wp\/v2\/media\/668346"}],"wp:attachment":[{"href":"https:\/\/www.europesays.com\/fr\/wp-json\/wp\/v2\/media?parent=668345"}],"wp:term":[{"taxonomy":"category","embeddable":true,"href":"https:\/\/www.europesays.com\/fr\/wp-json\/wp\/v2\/categories?post=668345"},{"taxonomy":"post_tag","embeddable":true,"href":"https:\/\/www.europesays.com\/fr\/wp-json\/wp\/v2\/tags?post=668345"}],"curies":[{"name":"wp","href":"https:\/\/api.w.org\/{rel}","templated":true}]}}