{"id":668353,"date":"2026-01-16T19:11:09","date_gmt":"2026-01-16T19:11:09","guid":{"rendered":"https:\/\/www.europesays.com\/fr\/668353\/"},"modified":"2026-01-16T19:11:09","modified_gmt":"2026-01-16T19:11:09","slug":"le-car-scolaire-se-couche-avec-21-enfants-et-trois-adultes-a-bord","status":"publish","type":"post","link":"https:\/\/www.europesays.com\/fr\/668353\/","title":{"rendered":"le car scolaire se couche avec 21 enfants et trois adultes \u00e0 bord"},"content":{"rendered":"<p>                    Par<br \/>\n        <strong><br \/>\n            <a href=\"https:\/\/actu.fr\/auteur\/guillaume-laurens\" title=\"Consulter tous les articles de Guillaume Laurens\" target=\"_blank\" rel=\"noopener\">Guillaume Laurens<\/a><br \/>\n                    <\/strong><\/p>\n<p>        Publi\u00e9 le<\/p>\n<p>            16 janv. 2026 \u00e0 19h00        <\/p>\n<p>Un accident de <strong>car scolaire<\/strong> est survenu vers 17h20, ce vendredi 16\u00a0janvier 2026, au niveau du chemin de P\u00e9riac, commune d\u2019<a href=\"https:\/\/actu.fr\/occitanie\/aussonne_31032\" target=\"_blank\" rel=\"noopener\"><strong>Aussonne<\/strong><\/a> (Haute-Garonne) au nord-ouest de <strong>Toulouse<\/strong>. Le SDIS de la Haute-Garonne a d\u00e9ploy\u00e9 un important <strong>dispositif de secours<\/strong> sur place.<\/p>\n<p>Le bus se couche, avec 24\u00a0personnes, dont 21\u00a0enfants \u00e0 bord<\/p>\n<p class=\" wall-content\">D\u2019apr\u00e8s les secours, <strong>le car s\u2019est couch\u00e9<\/strong> dans un foss\u00e9, alors qu\u2019il transportait<strong> 21\u00a0enfants<\/strong> et<strong> trois adultes<\/strong>. \u00ab\u2009Aucun bless\u00e9 n\u2019est \u00e0 d\u00e9plorer\u2009\u00bb, rassure le SDIS de la Haute-Garonne, qui pr\u00e9cise que \u00ab\u200918\u00a0enfants ont \u00e9t\u00e9 r\u00e9cup\u00e9r\u00e9s par leurs parents et trois pris en charge par un repr\u00e9sentant de la commune pour un retour dans l\u2019\u00e9tablissement scolaire\u2009\u00bb.<\/p>\n<p>La circulation totalement interrompue<\/p>\n<p class=\" wall-content\">Selon les gendarmes, le car aurait<strong> \u00ab\u2009d\u00e9vi\u00e9 de sa trajectoire<\/strong> en croisant un autre v\u00e9hicule, avant de se retrouver<strong> coinc\u00e9 dans le foss\u00e9\u2009\u00bb.<\/strong> En cons\u00e9quence, la <strong>circulation<\/strong> est <strong>totalement interrompue<\/strong> dans les deux sens, le temps de pouvoir \u00e9vacuer l\u2019engin.<\/p>\n<p>20 pompiers et le SAMU sur place<\/p>\n<p class=\" wall-content\">Le SDIS de la Haute-Garonne a d\u00e9ploy\u00e9 deux ambulances, un v\u00e9hicule infirmier, deux v\u00e9hicules de secours routier, un fourgon incendie et un v\u00e9hicule de commandement sur place. Soit un total de<strong> 20 sapeurs-pompiers<\/strong>, qui ont re\u00e7u l\u2019appui d\u2019un <strong>\u00e9quipage du Samu 31<\/strong>.<\/p>\n<p>Vid\u00e9os : en ce moment sur Actu<br \/>\n    <a href=\"https:\/\/www.google.com\/maps\/embed?pb=!1m18!1m12!1m3!1d2885.8546070879265!2d1.325768411885186!3d43.671993551094474!2m3!1f0!2f0!3f0!3m2!1i1024!2i768!4f13.1!3m3!1m2!1s0x12aeaf01ef43e2ef%3A0xbc948248786cf07e!2sChem.%20de%20Periac%2C%2031840%20Aussonne!5e0!3m2!1sfr!2sfr!4v1768586138102!5m2!1sfr!2sfr\" title=\"Ouvrie le lien\" target=\"_blank\" rel=\"noopener\">Cliquez ici pour visualiser le contenu<\/a><\/p>\n<p class=\" wall-content\">Personnalisez votre actualit\u00e9 en ajoutant vos villes et m\u00e9dias en favori avec <a href=\"https:\/\/moncompte.actu.fr\" title=\"D\u00e9couvez Mon Actu\" rel=\"nofollow noopener\" data-trk=\"{&quot;cta&quot;:{&quot;action&quot;:&quot;https:\\\/\\\/moncompte.actu.fr&quot;,&quot;category&quot;:&quot;mon compte&quot;,&quot;from&quot;:&quot;article footer&quot;,&quot;name&quot;:&quot;Mon actu&quot;,&quot;type&quot;:&quot;cta&quot;}}\" target=\"_blank\">Mon Actu<\/a>.<\/p>\n","protected":false},"excerpt":{"rendered":"Par Guillaume Laurens Publi\u00e9 le 16 janv. 2026 \u00e0 19h00 Un accident de car scolaire est survenu vers&hellip;\n","protected":false},"author":2,"featured_media":668354,"comment_status":"","ping_status":"","sticky":false,"template":"","format":"standard","meta":{"footnotes":""},"categories":[2816],"tags":[119,1111,11,1777,674,118,1011,27,12,2680,25,2312],"class_list":{"0":"post-668353","1":"post","2":"type-post","3":"status-publish","4":"format-standard","5":"has-post-thumbnail","7":"category-toulouse","8":"tag-accident","9":"tag-actu","10":"tag-actualites","11":"tag-eu","12":"tag-europe","13":"tag-faits-divers","14":"tag-fr","15":"tag-france","16":"tag-news","17":"tag-occitanie","18":"tag-republique-francaise","19":"tag-toulouse"},"share_on_mastodon":{"url":"https:\/\/pubeurope.com\/@fr\/115906365840726864","error":""},"_links":{"self":[{"href":"https:\/\/www.europesays.com\/fr\/wp-json\/wp\/v2\/posts\/668353","targetHints":{"allow":["GET"]}}],"collection":[{"href":"https:\/\/www.europesays.com\/fr\/wp-json\/wp\/v2\/posts"}],"about":[{"href":"https:\/\/www.europesays.com\/fr\/wp-json\/wp\/v2\/types\/post"}],"author":[{"embeddable":true,"href":"https:\/\/www.europesays.com\/fr\/wp-json\/wp\/v2\/users\/2"}],"replies":[{"embeddable":true,"href":"https:\/\/www.europesays.com\/fr\/wp-json\/wp\/v2\/comments?post=668353"}],"version-history":[{"count":0,"href":"https:\/\/www.europesays.com\/fr\/wp-json\/wp\/v2\/posts\/668353\/revisions"}],"wp:featuredmedia":[{"embeddable":true,"href":"https:\/\/www.europesays.com\/fr\/wp-json\/wp\/v2\/media\/668354"}],"wp:attachment":[{"href":"https:\/\/www.europesays.com\/fr\/wp-json\/wp\/v2\/media?parent=668353"}],"wp:term":[{"taxonomy":"category","embeddable":true,"href":"https:\/\/www.europesays.com\/fr\/wp-json\/wp\/v2\/categories?post=668353"},{"taxonomy":"post_tag","embeddable":true,"href":"https:\/\/www.europesays.com\/fr\/wp-json\/wp\/v2\/tags?post=668353"}],"curies":[{"name":"wp","href":"https:\/\/api.w.org\/{rel}","templated":true}]}}