{"id":668371,"date":"2026-01-16T19:21:12","date_gmt":"2026-01-16T19:21:12","guid":{"rendered":"https:\/\/www.europesays.com\/fr\/668371\/"},"modified":"2026-01-16T19:21:12","modified_gmt":"2026-01-16T19:21:12","slug":"vols-en-airbus-a380-au-depart-de-paris-destinations-et-compagnies","status":"publish","type":"post","link":"https:\/\/www.europesays.com\/fr\/668371\/","title":{"rendered":"Vols en Airbus A380 au d\u00e9part de Paris : destinations et compagnies"},"content":{"rendered":"<p class=\"BpkText_bpk-text__Mjk1M BpkText_bpk-text--body-longform__N2UwN\">La liaison Paris\u2013Duba\u00ef est aujourd\u2019hui la route A380 la plus r\u00e9guli\u00e8re au d\u00e9part de la France. Emirates d\u00e9ploie quotidiennement l\u2019Airbus A380 sur ce trajet tr\u00e8s fr\u00e9quent\u00e9, reliant Paris-Charles-de-Gaulle \u00e0 l\u2019un des plus grands hubs mondiaux. Pour les voyageurs, ce choix garantit une cabine spacieuse, un syst\u00e8me de divertissement tr\u00e8s complet et une meilleure sensation de confort sur un vol de plus de six heures. Duba\u00ef sert aussi de point de correspondance strat\u00e9gique vers l\u2019Asie, l\u2019Oc\u00e9anie et l\u2019Afrique, ce qui rend cette ligne particuli\u00e8rement attractive pour les longs itin\u00e9raires.<\/p>\n","protected":false},"excerpt":{"rendered":"La liaison Paris\u2013Duba\u00ef est aujourd\u2019hui la route A380 la plus r\u00e9guli\u00e8re au d\u00e9part de la France. Emirates d\u00e9ploie&hellip;\n","protected":false},"author":2,"featured_media":668372,"comment_status":"","ping_status":"","sticky":false,"template":"","format":"standard","meta":{"footnotes":""},"categories":[1888],"tags":[1111,1928,11,1927,1777,674,1011,27,12,1926,626,1925,25],"class_list":{"0":"post-668371","1":"post","2":"type-post","3":"status-publish","4":"format-standard","5":"has-post-thumbnail","7":"category-paris","8":"tag-actu","9":"tag-actu-paris","10":"tag-actualites","11":"tag-actualites-paris","12":"tag-eu","13":"tag-europe","14":"tag-fr","15":"tag-france","16":"tag-news","17":"tag-news-paris","18":"tag-paris","19":"tag-paris-news","20":"tag-republique-francaise"},"share_on_mastodon":{"url":"https:\/\/pubeurope.com\/@fr\/115906404959369724","error":""},"_links":{"self":[{"href":"https:\/\/www.europesays.com\/fr\/wp-json\/wp\/v2\/posts\/668371","targetHints":{"allow":["GET"]}}],"collection":[{"href":"https:\/\/www.europesays.com\/fr\/wp-json\/wp\/v2\/posts"}],"about":[{"href":"https:\/\/www.europesays.com\/fr\/wp-json\/wp\/v2\/types\/post"}],"author":[{"embeddable":true,"href":"https:\/\/www.europesays.com\/fr\/wp-json\/wp\/v2\/users\/2"}],"replies":[{"embeddable":true,"href":"https:\/\/www.europesays.com\/fr\/wp-json\/wp\/v2\/comments?post=668371"}],"version-history":[{"count":0,"href":"https:\/\/www.europesays.com\/fr\/wp-json\/wp\/v2\/posts\/668371\/revisions"}],"wp:featuredmedia":[{"embeddable":true,"href":"https:\/\/www.europesays.com\/fr\/wp-json\/wp\/v2\/media\/668372"}],"wp:attachment":[{"href":"https:\/\/www.europesays.com\/fr\/wp-json\/wp\/v2\/media?parent=668371"}],"wp:term":[{"taxonomy":"category","embeddable":true,"href":"https:\/\/www.europesays.com\/fr\/wp-json\/wp\/v2\/categories?post=668371"},{"taxonomy":"post_tag","embeddable":true,"href":"https:\/\/www.europesays.com\/fr\/wp-json\/wp\/v2\/tags?post=668371"}],"curies":[{"name":"wp","href":"https:\/\/api.w.org\/{rel}","templated":true}]}}