{"id":668373,"date":"2026-01-16T19:22:25","date_gmt":"2026-01-16T19:22:25","guid":{"rendered":"https:\/\/www.europesays.com\/fr\/668373\/"},"modified":"2026-01-16T19:22:25","modified_gmt":"2026-01-16T19:22:25","slug":"une-librairie-perquisitionnee-a-paris-en-lien-avec-un-livre-de-coloriage-sur-la-palestine-letablissement-denonce-une-descente-de-police-disproportionnee","status":"publish","type":"post","link":"https:\/\/www.europesays.com\/fr\/668373\/","title":{"rendered":"Une librairie perquisitionn\u00e9e \u00e0 Paris en lien avec un livre de coloriage sur la Palestine, l&rsquo;\u00e9tablissement d\u00e9nonce une \u00ab\u00a0descente de police disproportionn\u00e9e\u00a0\u00bb"},"content":{"rendered":"<p class=\"mb-4 text-lg md:leading-8 break-words\">Une proc\u00e9dure jug\u00e9e \u00ab\u00a0disproportionn\u00e9e\u00a0\u00bb. Dans une publication Instagram, la librairie-caf\u00e9 parisienne Violette and Co a communiqu\u00e9 sur une perquisition men\u00e9e au sein du commerce le mercredi 7 janvier dernier au matin. \u00ab\u00a0Cette descente de police disproportionn\u00e9e dans un lieu culturel est in\u00e9dite en France et tr\u00e8s pr\u00e9occupante quant aux libert\u00e9s fondamentales des librairies\u00a0\u00bb, d\u00e9nonce-t-elle dans son communiqu\u00e9.<\/p>\n<p>\u00ab\u00a0Surveiller, intimider, dissuader\u00a0\u00bb<\/p>\n<p class=\"mb-4 text-lg md:leading-8 break-words\">Cette perquisition a \u00e9t\u00e9 r\u00e9alis\u00e9e \u00e0 l&rsquo;ouverture du commerce, relate la librairie-caf\u00e9. \u00ab\u00a0Cinq policiers en uniforme (&#8230;) sont entr\u00e9s dans les locaux de Violette and Co afin de proc\u00e9der \u00e0 une perquisition dans le but annonc\u00e9 de saisir le livre de coloriage From the River to the Sea.\u00a0\u00bb Le titre de l&rsquo;ouvrage est un slogan qui pour certains appelle \u00e0 la destruction de l&rsquo;\u00c9tat d&rsquo;Isra\u00ebl, et pour d&rsquo;autres, revendique la fin des discriminations visant les Palestiniens qui vivent en Isra\u00ebl ou dans les territoires occup\u00e9s, comme l&rsquo;explique <a href=\"https:\/\/www.liberation.fr\/checknews\/quelle-est-lorigine-du-slogan-polemique-from-the-river-to-the-sea-utilise-par-les-soutiens-de-la-palestine-20231107_LEGKMTKLPBCWJBZ6YPUOJCMTAA\/\" rel=\"nofollow noopener\" target=\"_blank\" data-ylk=\"slk:Lib\u00e9ration;elm:context_link;itc:0;sec:content-canvas\" class=\"link \">Lib\u00e9ration<\/a>.<\/p>\n<p class=\"mb-4 text-lg md:leading-8 break-words\">\u00ab\u00a0Au-del\u00e0 de son caract\u00e8re disproportionn\u00e9 et de l&rsquo;opacit\u00e9 de la proc\u00e9dure, cette intervention polici\u00e8re pr\u00e9sente plusieurs irr\u00e9gularit\u00e9s\u00a0\u00bb, d\u00e9noncent les g\u00e9rants de la librairie. Et de poursuivre: \u00ab\u00a0l&rsquo;objectif ne semble pas avoir \u00e9t\u00e9 l&rsquo;application du droit mais l&rsquo;envoi d&rsquo;un signal: surveiller, intimider, dissuader\u00a0\u00bb.<\/p>\n<p class=\"mb-4 text-lg md:leading-8 break-words\">Sollicit\u00e9 par BFM, le parquet de Paris confirme cette perquisition. Il indique que \u00ab\u00a0le minist\u00e8re de l&rsquo;Int\u00e9rieur a signal\u00e9 \u00e0 la justice la vente par cette librairie d\u2019un ouvrage de coloriage pour enfants intitul\u00e9 &lsquo;From the river to the see&rsquo;, illustrant le conflit Isra\u00e9lo-palestinien et d\u00e9nonc\u00e9 son fort parti pris historique et id\u00e9ologique\u00a0\u00bb.<\/p>\n<p class=\"mb-4 text-lg md:leading-8 break-words\">Il pr\u00e9cise que l&rsquo;ouvrage, \u00e9dit\u00e9 en Afrique du Sud, avait fait l&rsquo;objet \u00ab\u00a0d&rsquo;une interdiction d&rsquo;importation par la commission presse de la Direction de la protection judiciaire de la jeunesse (DPJJ).<\/p>\n<p>Aucun livre trouv\u00e9 ni saisi<\/p>\n<p class=\"mb-4 text-lg md:leading-8 break-words\">\u00c0 la suite de ce signalement, le parquet de Paris a ouvert une enqu\u00eate pour \u00ab\u00a0importation de publication destin\u00e9e \u00e0 la jeunesse comportant un contenu dangereux pour elle en raison de son caract\u00e8re pornographique, ill\u00e9gal ou immoral\u00a0\u00bb. Un d\u00e9lit qui fait encourir jusqu&rsquo;\u00e0 1 an de prison et 3.750 euros d&rsquo;amende.<\/p>\n<p class=\"mb-4 text-lg md:leading-8 break-words\">La perquisition, men\u00e9e sur \u00ab\u00a0autorisation pr\u00e9alable d&rsquo;un juge des libert\u00e9s et de la d\u00e9tention\u00a0\u00bb, a bien \u00e9t\u00e9 diligent\u00e9e pour \u00ab\u00a0saisir les objets interdits \u00e0 la vente\u00a0\u00bb, confirme le parquet de Paris, pr\u00e9cisant qu&rsquo;aucun livre n&rsquo;a \u00e9t\u00e9 trouv\u00e9 ni saisi. Il ajoute que des auditions seront diligent\u00e9es et que l&rsquo;enqu\u00eate suit son cours.<\/p>\n<p class=\"mb-4 text-lg md:leading-8 break-words\">En ao\u00fbt dernier, la librairie-caf\u00e9 du 11e arrondissement parisien avait d\u00e9j\u00e0 communiqu\u00e9 pour d\u00e9noncer une \u00ab\u00a0campagne d&rsquo;intimidation, de harc\u00e8lement, de cyberharc\u00e8lement, de d\u00e9gradations et de menaces de l&rsquo;extr\u00eame droite pour avoir mis des livres sur la Palestine en vitrine\u00a0\u00bb, dont ce fameux \u00ab\u00a0livre de coloriage \u00e9ducatif\u00a0\u00bb.<\/p>\n<p>\u00ab\u00a0Une offensive in\u00e9dite contre la libert\u00e9 d&rsquo;expression\u00a0\u00bb<\/p>\n<p class=\"mb-4 text-lg md:leading-8 break-words\">Ce vendredi 16 janvier, le groupe communiste et citoyen du Conseil de Paris a affich\u00e9 son soutien \u00e0 la librairie Violette and Co et \u00e0 l&rsquo;ensemble des librairies ind\u00e9pendantes dans un communiqu\u00e9, d\u00e9non\u00e7ant \u00ab\u00a0une offensive in\u00e9dite contre la libert\u00e9 d&rsquo;expression et de cr\u00e9ation\u00a0\u00bb.<\/p>\n<p class=\"mb-4 text-lg md:leading-8 break-words\">Selon les \u00e9lus signataires, dont le s\u00e9nateur Ian Brossat, cette perquisition \u00ab\u00a0constitue l\u2019aboutissement d\u2019une s\u00e9quence politique assum\u00e9e par la droite parisienne et les \u00e9lus du groupe de la ministre de la Culture au Conseil de Paris\u00a0\u00bb. Et d&rsquo;ajouter: \u00ab\u00a0aujourd\u2019hui, un nouveau seuil est franchi avec une perquisition polici\u00e8re in\u00e9dite et totalement disproportionn\u00e9e\u00a0\u00bb.<\/p>\n<p class=\"mb-4 text-lg md:leading-8 break-words\">Selon les informations de BFMTV, Ian Brossat et David Belliard, adjoint \u00e9cologiste \u00e0 la mairie de Paris, devaient se rendre ce vendredi apr\u00e8s-midi \u00e0 la librairie pour \u00ab\u00a0apporter leur soutien aux librairies ind\u00e9pendantes parisiennes prises pour cible depuis des mois par la droite et l\u2019extr\u00eame droit\u00a0\u00bb.<\/p>\n<p class=\"mb-4 text-lg md:leading-8 break-words\"><a href=\"https:\/\/www.bfmtv.com\/police-justice\/une-librairie-perquisitionnee-a-paris-en-lien-avec-un-livre-de-coloriage-sur-la-palestine-l-etablissement-denonce-une-descente-de-police-disproportionnee_AN-202601160695.html#xtor=AL-68\" rel=\"nofollow noopener\" target=\"_blank\" data-ylk=\"slk:Article original publi\u00e9 sur BFMTV.com;elm:context_link;itc:0;sec:content-canvas\" class=\"link \">Article original publi\u00e9 sur BFMTV.com<\/a><\/p>\n","protected":false},"excerpt":{"rendered":"Une proc\u00e9dure jug\u00e9e \u00ab\u00a0disproportionn\u00e9e\u00a0\u00bb. Dans une publication Instagram, la librairie-caf\u00e9 parisienne Violette and Co a communiqu\u00e9 sur une&hellip;\n","protected":false},"author":2,"featured_media":668374,"comment_status":"","ping_status":"","sticky":false,"template":"","format":"standard","meta":{"footnotes":""},"categories":[1888],"tags":[1111,1928,11,1927,1777,674,1011,27,7373,76856,12,1926,626,1925,25],"class_list":{"0":"post-668373","1":"post","2":"type-post","3":"status-publish","4":"format-standard","5":"has-post-thumbnail","7":"category-paris","8":"tag-actu","9":"tag-actu-paris","10":"tag-actualites","11":"tag-actualites-paris","12":"tag-eu","13":"tag-europe","14":"tag-fr","15":"tag-france","16":"tag-librairies","17":"tag-livre-de-coloriage","18":"tag-news","19":"tag-news-paris","20":"tag-paris","21":"tag-paris-news","22":"tag-republique-francaise"},"share_on_mastodon":{"url":"https:\/\/pubeurope.com\/@fr\/115906408848665979","error":""},"_links":{"self":[{"href":"https:\/\/www.europesays.com\/fr\/wp-json\/wp\/v2\/posts\/668373","targetHints":{"allow":["GET"]}}],"collection":[{"href":"https:\/\/www.europesays.com\/fr\/wp-json\/wp\/v2\/posts"}],"about":[{"href":"https:\/\/www.europesays.com\/fr\/wp-json\/wp\/v2\/types\/post"}],"author":[{"embeddable":true,"href":"https:\/\/www.europesays.com\/fr\/wp-json\/wp\/v2\/users\/2"}],"replies":[{"embeddable":true,"href":"https:\/\/www.europesays.com\/fr\/wp-json\/wp\/v2\/comments?post=668373"}],"version-history":[{"count":0,"href":"https:\/\/www.europesays.com\/fr\/wp-json\/wp\/v2\/posts\/668373\/revisions"}],"wp:featuredmedia":[{"embeddable":true,"href":"https:\/\/www.europesays.com\/fr\/wp-json\/wp\/v2\/media\/668374"}],"wp:attachment":[{"href":"https:\/\/www.europesays.com\/fr\/wp-json\/wp\/v2\/media?parent=668373"}],"wp:term":[{"taxonomy":"category","embeddable":true,"href":"https:\/\/www.europesays.com\/fr\/wp-json\/wp\/v2\/categories?post=668373"},{"taxonomy":"post_tag","embeddable":true,"href":"https:\/\/www.europesays.com\/fr\/wp-json\/wp\/v2\/tags?post=668373"}],"curies":[{"name":"wp","href":"https:\/\/api.w.org\/{rel}","templated":true}]}}