{"id":668375,"date":"2026-01-16T19:23:11","date_gmt":"2026-01-16T19:23:11","guid":{"rendered":"https:\/\/www.europesays.com\/fr\/668375\/"},"modified":"2026-01-16T19:23:11","modified_gmt":"2026-01-16T19:23:11","slug":"une-soiree-jazz-samedi-avec-le-caveau-de-la-huchette-a-gisors","status":"publish","type":"post","link":"https:\/\/www.europesays.com\/fr\/668375\/","title":{"rendered":"Une soir\u00e9e jazz samedi avec le Caveau de la Huchette \u00e0 Gisors"},"content":{"rendered":"<p>                    Par<br \/>\n        <strong><br \/>\n            <a href=\"https:\/\/actu.fr\/auteur\/redaction-impartial\" title=\"Consulter tous les articles de R\u00e9daction L&#039;Impartial\" target=\"_blank\" rel=\"noopener\">R\u00e9daction L&rsquo;Impartial<\/a><br \/>\n                    <\/strong><\/p>\n<p>        Publi\u00e9 le<\/p>\n<p>            16 janv. 2026 \u00e0 19h30        <\/p>\n<p>Ils sont de retour dans une salle polyvalente d\u00e9j\u00e0 acquise \u00e0 leur cause.<\/p>\n<p class=\" wall-content\">\u00c0 <a href=\"https:\/\/actu.fr\/normandie\/gisors_27284\" target=\"_blank\" rel=\"noopener\">Gisors<\/a> (<a href=\"https:\/\/actu.fr\/l-impartial\/\" target=\"_blank\" rel=\"noopener\">Eure<\/a>), c\u2019est un v\u00e9ritable retour aux sources qui se profile pour cet espace d\u00e9j\u00e0 rebaptis\u00e9 Dany Doriz, en hommage au propri\u00e9taire du Caveau de la Huchette, c\u00e9l\u00e8bre club de jazz du 5\u1d49 arrondissement de Paris.<\/p>\n<p class=\" wall-content\">Une soir\u00e9e d\u00e9di\u00e9e \u00e0 ce genre musical sera organis\u00e9e samedi 17\u00a0janvier \u00e0 20h.<\/p>\n<p>En deux parties<\/p>\n<p class=\" wall-content\">Le programme sera vari\u00e9 avec en premi\u00e8re partie, un concert donn\u00e9 par le Big Band de l\u2019\u00e9cole de musique, danse et th\u00e9\u00e2tre Marc Eychenne de Gisors, dirig\u00e9 par Pascal Treuberd.<\/p>\n<p>Vid\u00e9os : en ce moment sur Actu<\/p>\n<p class=\" wall-content\">Le public pourra dans un deuxi\u00e8me temps se laisser emporter par le\u00a0swing du Caveau de la Huchette et le S\u00e9bastian Ellis Group.<\/p>\n<p>Votre r\u00e9gion, votre actu !<\/p>\n<p>Recevez chaque jour les infos qui comptent pour vous.<\/p>\n<p>\t<a href=\"https:\/\/actu.fr\/newsletter\" class=\"ac-btn ac-btn--corner ac-btn--medium ac-btn--blue800\" target=\"_blank\" rel=\"noopener\">S&rsquo;incrire<\/a><\/p>\n<p class=\" wall-content\">Une soir\u00e9e d\u2019autant plus attractive qu\u2019elle sera gratuite, avec une entr\u00e9e par ordre d\u2019arriv\u00e9e, dans la limite des places disponibles.<\/p>\n<p>Soir\u00e9e jazz samedi 17\u00a0janvier \u00e0 la salle polyvalente de Gisors \u00e0 20h avec le\u00a0Big Band de l\u2019\u00e9cole de musique, danse et th\u00e9\u00e2tre Marc Eychenne de Gisors, dirig\u00e9 par Pascal Treuberd et le S\u00e9bastian Ellis Group du Caveau de la Huchette. Entr\u00e9e libre.<\/p>\n<p class=\" wall-content\">Personnalisez votre actualit\u00e9 en ajoutant vos villes et m\u00e9dias en favori avec <a href=\"https:\/\/moncompte.actu.fr\" title=\"D\u00e9couvez Mon Actu\" rel=\"nofollow noopener\" data-trk=\"{&quot;cta&quot;:{&quot;action&quot;:&quot;https:\\\/\\\/moncompte.actu.fr&quot;,&quot;category&quot;:&quot;mon compte&quot;,&quot;from&quot;:&quot;article footer&quot;,&quot;name&quot;:&quot;Mon actu&quot;,&quot;type&quot;:&quot;cta&quot;}}\" target=\"_blank\">Mon Actu<\/a>.<\/p>\n","protected":false},"excerpt":{"rendered":"Par R\u00e9daction L&rsquo;Impartial Publi\u00e9 le 16 janv. 2026 \u00e0 19h30 Ils sont de retour dans une salle polyvalente&hellip;\n","protected":false},"author":2,"featured_media":668376,"comment_status":"","ping_status":"","sticky":false,"template":"","format":"standard","meta":{"footnotes":""},"categories":[1888],"tags":[11,1697,1777,674,1011,27,36285,1652,12,626,25],"class_list":{"0":"post-668375","1":"post","2":"type-post","3":"status-publish","4":"format-standard","5":"has-post-thumbnail","7":"category-paris","8":"tag-actualites","9":"tag-concert","10":"tag-eu","11":"tag-europe","12":"tag-fr","13":"tag-france","14":"tag-le-vexin-normand","15":"tag-loisirs-culture","16":"tag-news","17":"tag-paris","18":"tag-republique-francaise"},"share_on_mastodon":{"url":"https:\/\/pubeurope.com\/@fr\/115906412838165536","error":""},"_links":{"self":[{"href":"https:\/\/www.europesays.com\/fr\/wp-json\/wp\/v2\/posts\/668375","targetHints":{"allow":["GET"]}}],"collection":[{"href":"https:\/\/www.europesays.com\/fr\/wp-json\/wp\/v2\/posts"}],"about":[{"href":"https:\/\/www.europesays.com\/fr\/wp-json\/wp\/v2\/types\/post"}],"author":[{"embeddable":true,"href":"https:\/\/www.europesays.com\/fr\/wp-json\/wp\/v2\/users\/2"}],"replies":[{"embeddable":true,"href":"https:\/\/www.europesays.com\/fr\/wp-json\/wp\/v2\/comments?post=668375"}],"version-history":[{"count":0,"href":"https:\/\/www.europesays.com\/fr\/wp-json\/wp\/v2\/posts\/668375\/revisions"}],"wp:featuredmedia":[{"embeddable":true,"href":"https:\/\/www.europesays.com\/fr\/wp-json\/wp\/v2\/media\/668376"}],"wp:attachment":[{"href":"https:\/\/www.europesays.com\/fr\/wp-json\/wp\/v2\/media?parent=668375"}],"wp:term":[{"taxonomy":"category","embeddable":true,"href":"https:\/\/www.europesays.com\/fr\/wp-json\/wp\/v2\/categories?post=668375"},{"taxonomy":"post_tag","embeddable":true,"href":"https:\/\/www.europesays.com\/fr\/wp-json\/wp\/v2\/tags?post=668375"}],"curies":[{"name":"wp","href":"https:\/\/api.w.org\/{rel}","templated":true}]}}