{"id":668377,"date":"2026-01-16T19:24:12","date_gmt":"2026-01-16T19:24:12","guid":{"rendered":"https:\/\/www.europesays.com\/fr\/668377\/"},"modified":"2026-01-16T19:24:12","modified_gmt":"2026-01-16T19:24:12","slug":"mercato-paris-fc-approche-edin-dzeko-et-mujaid-sadick","status":"publish","type":"post","link":"https:\/\/www.europesays.com\/fr\/668377\/","title":{"rendered":"Mercato\u00a0: Paris FC approche Edin D\u017eeko et Mujaid Sadick"},"content":{"rendered":"<p class=\"paragraph text_align_left lp-f-body-02\">Apr\u00e8s Luca Kolesheo et Marchall Munetsi, le<a href=\"https:\/\/www.leparisien.fr\/sports\/football\/paris-fc\/\" target=\"_self\" rel=\"noopener\"> Paris FC <\/a>cherche encore trois joueurs pour ce mercato. Au poste d\u2019attaquant axial, il prospecte tous azimuts. Parmi les profils vis\u00e9s\u00a0: <a href=\"https:\/\/www.leparisien.fr\/sports\/football\/mercato-angers-lattaquant-sidiki-cherif-piste-par-crystal-palace-24-12-2025-P37QJ6ZYUVCWLLO7GGLJCTBJNY.php\" target=\"_blank\" rel=\"noreferrer noopener\">Sidiki Cherif<\/a>. Le jeune attaquant d\u2019Angers n\u2019a pas souhait\u00e9 venir alors que les deux clubs s\u2019\u00e9taient mis d\u2019accord. Brest a, lui, refus\u00e9 deux offres parisiennes pour Ludovic Ajorque, et Tottenham ferme la porte \u00e0 Mathys Tell pour un pr\u00eat.<\/p>\n<p class=\"\">Mais selon plusieurs m\u00e9dias, une information que nous pouvons confirmer, le promu parisien (15e de <a href=\"https:\/\/www.leparisien.fr\/sports\/football\/ligue-1\/\" target=\"_blank\" rel=\"noreferrer noopener\">Ligue\u00a01<\/a>) a \u00e9galement pris des renseignements sur Edin D\u017eeko, pass\u00e9 par de grands clubs europ\u00e9ens comme Manchester City, Inter Milan, AS Roma, Fenerbah\u00e7e, et qui \u00e9volue cette saison \u00e0 la Fiorentina (15 matchs, 2 buts).<\/p>\n<p class=\"\">Malgr\u00e9 son \u00e2ge (39\u00a0ans), ce serait une \u00e9norme recrue pour le PFC. St\u00e9phane Gilli le conna\u00eet bien puisqu\u2019il l\u2019a c\u00f4toy\u00e9 pendant quatre ans en s\u00e9lection de Bosnie-Herz\u00e9govine quand il \u00e9tait l\u2019adjoint de M\u00e9cha Bazdarevic. Dzeko et Gilli, qui s\u2019appr\u00e9cient, sont rest\u00e9s en contact. C\u2019est un atout dans ce dossier m\u00eame si l\u2019avant-centre aux plus de 300 buts dans sa carri\u00e8re, a aussi la possibilit\u00e9 de finir sa carri\u00e8re dans le club de ses d\u00e9buts, \u017deljezni\u010dar \u00e0 Sarajevo.<\/p>\n<p>Un d\u00e9fenseur central de Belgique en approche<\/p>\n<p class=\"\">M\u00eame si les deux derniers matchs du PFC ont \u00e9t\u00e9 plut\u00f4t positifs d\u00e9fensivement, les dirigeants parisiens souhaitent toujours recruter un d\u00e9fenseur central. Si les pistes Issa Diop (Fulham), et<b> <\/b>Felix Uduokhai<b> <\/b>(Besiktas) se sont \u00e9loign\u00e9es, celle du d\u00e9fenseur espagnol-nig\u00e9rian Mujaid Sadick est \u00e9tudi\u00e9 tr\u00e8s s\u00e9rieusement.<\/p>\n<p class=\"\">Apr\u00e8s avoir d\u00e9marr\u00e9 sa carri\u00e8re pro au Deportivo La Carogne (D2), l\u2019ancien joueur international espagnol en jeune, \u00e2g\u00e9 de 25\u00a0ans, \u00e9volue depuis quatre ans et demi avec le RC Genk (D1 belge). Capitaine de son \u00e9quipe, il est tr\u00e8s bon dans les duels tout disposant d\u2019une bonne relance. En d\u00e9but de mercato, l\u2019OL s\u2019\u00e9tait \u00e9galement int\u00e9ress\u00e9 \u00e0 ce dossier. Apr\u00e8s plusieurs ann\u00e9es en Belgique, le d\u00e9fenseur souhaite passer un cap. Sa clause lib\u00e9ratoire a \u00e9t\u00e9 fix\u00e9e \u00e0 8\u00a0millions d\u2019euros.<\/p>\n","protected":false},"excerpt":{"rendered":"Apr\u00e8s Luca Kolesheo et Marchall Munetsi, le Paris FC cherche encore trois joueurs pour ce mercato. Au poste&hellip;\n","protected":false},"author":2,"featured_media":668378,"comment_status":"","ping_status":"","sticky":false,"template":"","format":"standard","meta":{"footnotes":""},"categories":[1888],"tags":[11,1777,674,63,1011,27,66,12,626,25,60],"class_list":{"0":"post-668377","1":"post","2":"type-post","3":"status-publish","4":"format-standard","5":"has-post-thumbnail","7":"category-paris","8":"tag-actualites","9":"tag-eu","10":"tag-europe","11":"tag-football","12":"tag-fr","13":"tag-france","14":"tag-ligue-1","15":"tag-news","16":"tag-paris","17":"tag-republique-francaise","18":"tag-sports"},"share_on_mastodon":{"url":"https:\/\/pubeurope.com\/@fr\/115906416674952072","error":""},"_links":{"self":[{"href":"https:\/\/www.europesays.com\/fr\/wp-json\/wp\/v2\/posts\/668377","targetHints":{"allow":["GET"]}}],"collection":[{"href":"https:\/\/www.europesays.com\/fr\/wp-json\/wp\/v2\/posts"}],"about":[{"href":"https:\/\/www.europesays.com\/fr\/wp-json\/wp\/v2\/types\/post"}],"author":[{"embeddable":true,"href":"https:\/\/www.europesays.com\/fr\/wp-json\/wp\/v2\/users\/2"}],"replies":[{"embeddable":true,"href":"https:\/\/www.europesays.com\/fr\/wp-json\/wp\/v2\/comments?post=668377"}],"version-history":[{"count":0,"href":"https:\/\/www.europesays.com\/fr\/wp-json\/wp\/v2\/posts\/668377\/revisions"}],"wp:featuredmedia":[{"embeddable":true,"href":"https:\/\/www.europesays.com\/fr\/wp-json\/wp\/v2\/media\/668378"}],"wp:attachment":[{"href":"https:\/\/www.europesays.com\/fr\/wp-json\/wp\/v2\/media?parent=668377"}],"wp:term":[{"taxonomy":"category","embeddable":true,"href":"https:\/\/www.europesays.com\/fr\/wp-json\/wp\/v2\/categories?post=668377"},{"taxonomy":"post_tag","embeddable":true,"href":"https:\/\/www.europesays.com\/fr\/wp-json\/wp\/v2\/tags?post=668377"}],"curies":[{"name":"wp","href":"https:\/\/api.w.org\/{rel}","templated":true}]}}