{"id":668388,"date":"2026-01-16T19:30:26","date_gmt":"2026-01-16T19:30:26","guid":{"rendered":"https:\/\/www.europesays.com\/fr\/668388\/"},"modified":"2026-01-16T19:30:26","modified_gmt":"2026-01-16T19:30:26","slug":"pourquoi-leurope-signera-coute-que-coute","status":"publish","type":"post","link":"https:\/\/www.europesays.com\/fr\/668388\/","title":{"rendered":"pourquoi l\u2019Europe signera co\u00fbte que co\u00fbte"},"content":{"rendered":"<p>De Rio, au Br\u00e9sil, la pr\u00e9sidente de la Commission europ\u00e9enne, Ursula von der Leyen, doit s\u2019envoler ce samedi pour Asunci\u00f3n, au Paraguay, afin de signer l\u2019accord commercial entre l\u2019Europe et les pays d\u2019Am\u00e9rique du Sud, ce fameux Mercosur qui nourrit les inqui\u00e9tudes d\u2019une partie du monde agricole. Et a conduit le<a href=\"https:\/\/www.laprovence.com\/article\/politique\/1733206376276915\/pourquoi-emmanuel-macron-a-joue-contre-nature-avec-le-mercosur\" target=\"_blank\" rel=\"noopener\"> lib\u00e9ral et europ\u00e9en Emmanuel Macron<\/a> \u00e0 jouer contre-nature, <a href=\"https:\/\/www.laprovence.com\/article\/societe\/2466969108489\/des-communes-du-pays-d-arles-ont-symboliquement-retire-le-drapeau-europeen-en-soutien-aux-agriculteurs\" target=\"_blank\" rel=\"noopener\">opposant un \u00ab\u00a0non\u00a0\u00bb de la France<\/a>, une premi\u00e8re depuis Chirac en\u00a02002. Inutile d\u2019attendre trompettes et feux d\u2019artifice d\u2019Asunci\u00f3n. \u00ab\u00a0La c\u00e9r\u00e9monie sera sobre\u00a0\u00bb, minimise-t-on \u00e0 Bruxelles, o\u00f9 les fonctionnaires sont conscients que la partie n\u2019est pas encore gagn\u00e9e.<\/p>\n<p>M\u00eame si le plus dur est fait apr\u00e8s 25\u00a0ans de n\u00e9gociations, il lui faut l\u2019aval des 720 eurod\u00e9put\u00e9s. R\u00e9unis au Parlement de Strasbourg du 19 au 22\u00a0janvier, ils se prononceront d\u2019abord sur une motion de censure d\u00e9pos\u00e9e par les Patriotes pour l\u2019Europe, dont fait partie le Rassemblement national. \u00ab\u00a0L\u2019agriculture fran\u00e7aise va subir un dumping sauvage d\u00e9l\u00e9t\u00e8re, on ne pourra pas se d\u00e9fendre\u00a0\u00bb, craint l\u2019eurod\u00e9put\u00e9e RN Mathilde Androuet. Mais cette quatri\u00e8me motion de d\u00e9fiance en moins de six mois devrait \u00e9chouer.<\/p>\n<p>\u00ab\u00a0On s\u2019est fait devancer\u00a0\u00bb<\/p>\n<p>Plus probl\u00e9matique pour la Commission, la demande de saisie de la Cour europ\u00e9enne de Justice par 150 \u00e9lus pourrait, si une majorit\u00e9 y souscrit mercredi, perturber son calendrier. \u00ab\u00a0Ce sera un vote d\u00e9terminant pour v\u00e9rifier la l\u00e9galit\u00e9 de l\u2019accord, chaque voix comptera\u00a0\u00bb, pr\u00e9vient l\u2019eurod\u00e9put\u00e9e varoise Manon Aubry (LFI), pr\u00e9sidente du groupe de la gauche radicale. Car \u00ab\u00a0cela aurait pour cons\u00e9quence de geler le processus de ratification\u00a0\u00bb\u00a0au Parlement\u00a0\u00ab\u00a0au minimum six mois jusqu\u2019\u00e0 l\u2019avis de la Cour\u00a0\u00bb, attendu d\u2019ici 18 \u00e0 24 mois, assure son coll\u00e8gue centriste Pascal Canfin.<\/p>\n<p>Sauf que la Commission qui n\u2019a plus de temps \u00e0 perdre, a anticip\u00e9. En faisant valider la signature par les chefs d\u2019\u00c9tat des 27,<a href=\"https:\/\/www.laprovence.com\/article\/ecoplanete\/2793644396668215\/mercosur-feu-vert-dune-majorite-de-pays-de-lue-en-faveur-de-laccord\" target=\"_blank\" rel=\"noopener\"> r\u00e9unis en Conseil le 9\u00a0janvier<\/a>, avant un \u00e9ventuel blocage des d\u00e9put\u00e9s, elle se donne la possibilit\u00e9 d\u2019appliquer provisoirement le trait\u00e9. \u00ab\u00a0On s\u2019est fait devancer et le rapport de force n\u2019est plus le m\u00eame, m\u00eame si on a un accord verbal pour que ce ne soit pas appliqu\u00e9\u00a0\u00bb, grimace l\u2019\u00e9lu \u00e9cologiste David Cormand.<\/p>\n<p>40\u00a0milliards d\u2019euros d\u2019exportations en plus<\/p>\n<p>\u00c0 Bruxelles, on cherche les mots doux. \u00ab\u00a0Il n\u2019y a rien d\u2019automatique et les Parlements de chaque \u00c9tat membre doivent aussi donner leur accord, explique un n\u00e9gociateur. On trouve toujours un arrangement avec les parlementaires europ\u00e9ens et on peut attendre dans un d\u00e9lai raisonnable pour une ratification.\u00a0\u00bb En clair,<a href=\"https:\/\/www.laprovence.com\/article\/politique\/14781800982095\/mercosur-pourquoi-bruxelles-est-si-pressee-de-trouver-un-accord\" target=\"_blank\" rel=\"noopener\"> l\u2019Europe n\u2019attendra pas<\/a> 18 mois pour mettre en route un agr\u00e9ment qui fera faire un bond de 40\u00a0milliards d\u2019euros \u00e0 ses exportations vers l\u2019Am\u00e9rique du Sud. \u00ab\u00a0Vu sa situation \u00e9conomique, l\u2019Europe ne veut pas se priver de possibilit\u00e9s telles qu\u2019une r\u00e9duction d\u2019un tiers des droits de douane sur l\u2019automobile\u00a0\u00bb, reprend-il.<\/p>\n<p>Il faut dire qu\u2019au-del\u00e0 de la question agricole qui concentre les attentions hexagonales, ce trait\u00e9 avec le Mercosur vise \u00e0 all\u00e9ger les frais dans des secteurs comme l\u2019automobile et les pi\u00e8ces d\u00e9tach\u00e9es, les machines, l\u2019a\u00e9ronautique ou les produits chimiques et pharmaceutiques, un march\u00e9 estim\u00e9 pour la France \u00e0 5,56\u00a0milliards d\u2019euros et plus de 600\u00a0000 emplois.<\/p>\n<p>Concernant l\u2019agriculture, l\u2019accord garantit la protection de nombreuses appellations g\u00e9ographiques fran\u00e7aises, incluant des fromages et beurres, des vins et spiritueux, du riz, des viandes\u2026 Prot\u00e9g\u00e9e par des clauses de sauvegarde, des quotas et des <a href=\"https:\/\/www.laprovence.com\/article\/france-monde\/3100135823174114\/des-brigades-pour-controler-les-denrees-importees-en-france-et-rassurer-les-agriculteurs\" target=\"_blank\" rel=\"noopener\">barri\u00e8res sanitaires<\/a>, la fili\u00e8re de l\u2019\u00e9levage reste soucieuse. Mais il semble que sa col\u00e8re, visible et l\u00e9gitime, ne sera pas entendue dans cet oc\u00e9an commercial. D\u2019autant, glisse-t-on \u00e0 la Commission, que d\u2019autres enjeux li\u00e9s \u00e0 l\u2019acc\u00e8s aux mati\u00e8res premi\u00e8res rares offert par le Mercosur prendront le pas sur le reste dans un contexte g\u00e9opolitique tendu avec la Chine et les \u00c9tats-Unis.<\/p>\n","protected":false},"excerpt":{"rendered":"De Rio, au Br\u00e9sil, la pr\u00e9sidente de la Commission europ\u00e9enne, Ursula von der Leyen, doit s\u2019envoler ce samedi&hellip;\n","protected":false},"author":2,"featured_media":668389,"comment_status":"","ping_status":"","sticky":false,"template":"","format":"standard","meta":{"footnotes":""},"categories":[1586],"tags":[5734,11,18144,1777,674,1011,27,1808,21426,12,316,7555,746,25,64321],"class_list":{"0":"post-668388","1":"post","2":"type-post","3":"status-publish","4":"format-standard","5":"has-post-thumbnail","7":"category-europe","8":"tag-5734","9":"tag-actualites","10":"tag-coute","11":"tag-eu","12":"tag-europe","13":"tag-fr","14":"tag-france","15":"tag-leurope","16":"tag-mercosur","17":"tag-news","18":"tag-politique","19":"tag-pourquoi","20":"tag-que","21":"tag-republique-francaise","22":"tag-signera"},"share_on_mastodon":{"url":"https:\/\/pubeurope.com\/@fr\/115906440379459412","error":""},"_links":{"self":[{"href":"https:\/\/www.europesays.com\/fr\/wp-json\/wp\/v2\/posts\/668388","targetHints":{"allow":["GET"]}}],"collection":[{"href":"https:\/\/www.europesays.com\/fr\/wp-json\/wp\/v2\/posts"}],"about":[{"href":"https:\/\/www.europesays.com\/fr\/wp-json\/wp\/v2\/types\/post"}],"author":[{"embeddable":true,"href":"https:\/\/www.europesays.com\/fr\/wp-json\/wp\/v2\/users\/2"}],"replies":[{"embeddable":true,"href":"https:\/\/www.europesays.com\/fr\/wp-json\/wp\/v2\/comments?post=668388"}],"version-history":[{"count":0,"href":"https:\/\/www.europesays.com\/fr\/wp-json\/wp\/v2\/posts\/668388\/revisions"}],"wp:featuredmedia":[{"embeddable":true,"href":"https:\/\/www.europesays.com\/fr\/wp-json\/wp\/v2\/media\/668389"}],"wp:attachment":[{"href":"https:\/\/www.europesays.com\/fr\/wp-json\/wp\/v2\/media?parent=668388"}],"wp:term":[{"taxonomy":"category","embeddable":true,"href":"https:\/\/www.europesays.com\/fr\/wp-json\/wp\/v2\/categories?post=668388"},{"taxonomy":"post_tag","embeddable":true,"href":"https:\/\/www.europesays.com\/fr\/wp-json\/wp\/v2\/tags?post=668388"}],"curies":[{"name":"wp","href":"https:\/\/api.w.org\/{rel}","templated":true}]}}