{"id":668390,"date":"2026-01-16T19:31:12","date_gmt":"2026-01-16T19:31:12","guid":{"rendered":"https:\/\/www.europesays.com\/fr\/668390\/"},"modified":"2026-01-16T19:31:12","modified_gmt":"2026-01-16T19:31:12","slug":"il-y-a-eu-trop-de-drames-une-ministre-a-limoges-pour-sensibiliser-les-ados-aux-dangers-du-protoxyde-dazote","status":"publish","type":"post","link":"https:\/\/www.europesays.com\/fr\/668390\/","title":{"rendered":"\u00ab\u00a0Il y a eu trop de drames\u00a0\u00bb : une ministre \u00e0 Limoges pour sensibiliser les ados aux dangers du protoxyde d&rsquo;azote"},"content":{"rendered":"<p>Marie-Pierre Vedrenne, ministre d\u00e9l\u00e9gu\u00e9e au minist\u00e8re de l&rsquo;Int\u00e9rieur, s&rsquo;est rendue \u00e0 Limoges, sa terre natale, ce vendredi 16 janvier 2026. Dans son ancien lyc\u00e9e, elle a particip\u00e9 \u00e0 une table ronde sur la pr\u00e9vention contre le protoxyde d&rsquo;azote avec des \u00e9l\u00e8ves et leurs parents. <\/p>\n<p>Ministre, infirmi\u00e8re scolaire, \u00e9lus du d\u00e9partement, \u00e9l\u00e8ves et leurs parents. Tous assis dans une salle de classe du lyc\u00e9e Gay Lussac de Limoges, ce 16 janvier 2026, autour d&rsquo;une question\u00a0: <strong>comment dissuader les ados de consommer du protoxyde d&rsquo;azote\u00a0?<\/strong> Ce gaz, notamment utilis\u00e9 en cuisine ou en m\u00e9decine, est de plus en plus souvent d\u00e9tourn\u00e9 de son usage \u00e0 des fins psychotropes. Pr\u00e8s d&rsquo;<strong>un jeune de moins de 35 ans sur 10 en consomme en soir\u00e9e<\/strong>, selon une \u00e9tude r\u00e9alis\u00e9e par Ipsos en 2024.<\/p>\n<p>Le gouvernement souhaite mener une action conjointe des minist\u00e8res de l&rsquo;Int\u00e9rieur, de l&rsquo;\u00c9ducation nationale et de la Sant\u00e9 pour ternir l&rsquo;image de ce gaz, reput\u00e9 \u00ab\u00a0hilarant\u00a0\u00bb. Marie-Pierre Vedrenne, ministre d\u00e9l\u00e9gu\u00e9e au minist\u00e8re de l&rsquo;Int\u00e9rieur, propose plusieurs options \u00e0 son auditoire\u00a0: \u00ab\u00a0il y a eu trop de drames. Le plus efficace, cela serait d&rsquo;activer l&rsquo;arsenal l\u00e9gislatif et de lancer <strong>une grande campagne de sensibilisation, quelque chose de trash<\/strong>. Tout le monde parle de gaz hilarant. Cela doit changer\u00a0\u00bb.<\/p>\n<p>Une campagne de sensibilisation trash<\/p>\n<p>En France, le dernier accident li\u00e9 au \u00ab\u00a0proto\u00a0\u00bb date de d\u00e9cembre 2025. Dans la nuit du 2 au 3 d\u00e9cembre, \u00e0 Al\u00e8s, une voiture termine sa course dans une piscine priv\u00e9e. \u00c0 son bord, trois jeunes \u00e2g\u00e9s de 14, 15 et 19 ans meurent noy\u00e9s. <strong>Le conducteur \u00e9tait sous l&#8217;emprise de l&rsquo;alcool, du cannabis et du protoxyde d&rsquo;azote<\/strong>.<\/p>\n<p>Pour ne plus qu&rsquo;une telle chose se produise, Oscar, \u00e9l\u00e8ve de seconde, est d&rsquo;accord la ministre\u00a0: \u00ab\u00a0il faut traumatiser les plus jeunes pour qu&rsquo;ils n&rsquo;en prennent jamais. C&rsquo;est comme avec la cigarette. <strong>Il faut faire peur, c&rsquo;est le seul moyen<\/strong>\u00ab\u00a0. Quelques rangs plus loin, son camarade l\u00e8ve la main pour intervenir\u00a0: \u00ab\u00a0Je ne pense pas que \u00e7a soit une bonne chose. Moi, je connais des gens qui n&rsquo;arr\u00eatent pas de fumer, m\u00eame s&rsquo;il y a marqu\u00e9 \u00ab\u00a0Fumer tue\u00a0\u00bb sur les paquets\u00a0\u00bb.<\/p>\n<p>\u00c0 lire aussi   <img decoding=\"async\" src=\"https:\/\/www.europesays.com\/fr\/wp-content\/uploads\/2026\/01\/1768591871_270_400x400.jpeg\" alt=\"\" style=\"--_image-preview:url('data:image\/jpeg;base64,\/9j\/2wBDACgcHiMeGSgjISMtKygwPGRBPDc3PHtYXUlkkYCZlo+AjIqgtObDoKrarYqMyP\/L2u71\/\/\/\/m8H\/\/\/\/6\/+b9\/\/j\/2wBDASstLTw1PHZBQXb4pYyl+Pj4+Pj4+Pj4+Pj4+Pj4+Pj4+Pj4+Pj4+Pj4+Pj4+Pj4+Pj4+Pj4+Pj4+Pj4+Pj4+Pj\/wAARCAAXACoDASIAAhEBAxEB\/8QAFwAAAwEAAAAAAAAAAAAAAAAAAAECA\/\/EABYQAQEBAAAAAAAAAAAAAAAAAAABEf\/EABYBAQEBAAAAAAAAAAAAAAAAAAEAAv\/EABYRAQEBAAAAAAAAAAAAAAAAAAABEf\/aAAwDAQACEQMRAD8Aqwsa2JsZKFSkSTWU9ZaerQ2sRYAUixNAFJaNAZD\/2Q==');\" loading=\"lazy\" fetchpriority=\"low\" aria-hidden=\"true\" class=\"svelte-1cksh76 rounded\" onload=\"this.__e=event\" onerror=\"this.__e=event\"\/><\/p>\n<p>De son c\u00f4t\u00e9, Margaux, \u00e9l\u00e8ve de terminale, n&rsquo;est pas s\u00fbre que tout cela fonctionne\u00a0: \u00ab\u00a0La pr\u00e9vention, c&rsquo;est compliqu\u00e9. <strong>Un jeune va \u00e9couter plus facilement quelqu&rsquo;un de son \u00e2ge<\/strong>, qui va lui dire qu&rsquo;il a essay\u00e9 le proto une fois et que \u00e7a ne lui a rien fait. En soir\u00e9e, on a envie d&rsquo;essayer et nos parents, nos proches, ne peuvent pas toujours nous sensibiliser contre \u00e7a\u00a0\u00bb. La jeune fille reconna\u00eet tout de m\u00eame qu&rsquo;organiser une table ronde entre des repr\u00e9sentants de l&rsquo;\u00c9tat et des ados est une bonne initiative.<\/p>\n<p>Une loi en discussion au S\u00e9nat<\/p>\n<p><strong>Pour l&rsquo;instant, la vente de protoxyde d&rsquo;azote n&rsquo;est interdite qu&rsquo;aux mineurs<\/strong>. En janvier 2025, l&rsquo;Assembl\u00e9e nationale a vot\u00e9 en faveur de l&rsquo;\u00e9largissement de l&rsquo;interdiction de la vente de ce gaz. Quelques mois plus tard, en mars, le S\u00e9nat a, lui aussi, vot\u00e9 un texte sanctionnant l&rsquo;usage d\u00e9tourn\u00e9e du \u00ab\u00a0proto\u00a0\u00bb \u00e0 un an de prison et 3 700 euros d&rsquo;amende. Ces deux propositions de loi n&rsquo;ont pas encore d\u00e9finitevement adopt\u00e9es. <strong>Elles seront \u00e9tudi\u00e9s par les deux chambres du parlement en 2026<\/strong>.<\/p>\n<p>Ce 16 janvier 2026, Marie-Pierre Vedrenne a \u00e9galement \u00e9chang\u00e9 avec la police nationale de la Haute-Vienne au commissariat de Limoges. Trois semaines plus t\u00f4t, <strong>les forces de l&rsquo;ordre ont saisi 864 bouteilles de protoxyde d&rsquo;azote<\/strong> dans un hangar de particulier, un nombre record.<\/p>\n<p>\u00c0 lire aussi   <img decoding=\"async\" src=\"https:\/\/www.europesays.com\/fr\/wp-content\/uploads\/2026\/01\/1768591872_92_400x400.jpeg\" alt=\"\" style=\"--_image-preview:url('data:image\/jpeg;base64,\/9j\/2wBDACgcHiMeGSgjISMtKygwPGRBPDc3PHtYXUlkkYCZlo+AjIqgtObDoKrarYqMyP\/L2u71\/\/\/\/m8H\/\/\/\/6\/+b9\/\/j\/2wBDASstLTw1PHZBQXb4pYyl+Pj4+Pj4+Pj4+Pj4+Pj4+Pj4+Pj4+Pj4+Pj4+Pj4+Pj4+Pj4+Pj4+Pj4+Pj4+Pj4+Pj\/wAARCAAXACoDASIAAhEBAxEB\/8QAFwABAQEBAAAAAAAAAAAAAAAAAAIBA\/\/EABgQAQEBAQEAAAAAAAAAAAAAAAABEQIS\/8QAFgEBAQEAAAAAAAAAAAAAAAAAAAEC\/8QAFBEBAAAAAAAAAAAAAAAAAAAAAP\/aAAwDAQACEQMRAD8Aa3056a0i9Taam0GWp06qdQdGwGkamgiuXVRoA\/\/Z');\" loading=\"lazy\" fetchpriority=\"low\" aria-hidden=\"true\" class=\"svelte-1cksh76 rounded\" onload=\"this.__e=event\" onerror=\"this.__e=event\"\/><\/p>\n","protected":false},"excerpt":{"rendered":"Marie-Pierre Vedrenne, ministre d\u00e9l\u00e9gu\u00e9e au minist\u00e8re de l&rsquo;Int\u00e9rieur, s&rsquo;est rendue \u00e0 Limoges, sa terre natale, ce vendredi 16&hellip;\n","protected":false},"author":2,"featured_media":668391,"comment_status":"","ping_status":"","sticky":false,"template":"","format":"standard","meta":{"footnotes":""},"categories":[1586],"tags":[11,1777,674,1779,1011,27,12,25,1778,364],"class_list":{"0":"post-668390","1":"post","2":"type-post","3":"status-publish","4":"format-standard","5":"has-post-thumbnail","7":"category-europe","8":"tag-actualites","9":"tag-eu","10":"tag-europe","11":"tag-european-union","12":"tag-fr","13":"tag-france","14":"tag-news","15":"tag-republique-francaise","16":"tag-ue","17":"tag-union-europeenne"},"share_on_mastodon":{"url":"https:\/\/pubeurope.com\/@fr\/115906444321782824","error":""},"_links":{"self":[{"href":"https:\/\/www.europesays.com\/fr\/wp-json\/wp\/v2\/posts\/668390","targetHints":{"allow":["GET"]}}],"collection":[{"href":"https:\/\/www.europesays.com\/fr\/wp-json\/wp\/v2\/posts"}],"about":[{"href":"https:\/\/www.europesays.com\/fr\/wp-json\/wp\/v2\/types\/post"}],"author":[{"embeddable":true,"href":"https:\/\/www.europesays.com\/fr\/wp-json\/wp\/v2\/users\/2"}],"replies":[{"embeddable":true,"href":"https:\/\/www.europesays.com\/fr\/wp-json\/wp\/v2\/comments?post=668390"}],"version-history":[{"count":0,"href":"https:\/\/www.europesays.com\/fr\/wp-json\/wp\/v2\/posts\/668390\/revisions"}],"wp:featuredmedia":[{"embeddable":true,"href":"https:\/\/www.europesays.com\/fr\/wp-json\/wp\/v2\/media\/668391"}],"wp:attachment":[{"href":"https:\/\/www.europesays.com\/fr\/wp-json\/wp\/v2\/media?parent=668390"}],"wp:term":[{"taxonomy":"category","embeddable":true,"href":"https:\/\/www.europesays.com\/fr\/wp-json\/wp\/v2\/categories?post=668390"},{"taxonomy":"post_tag","embeddable":true,"href":"https:\/\/www.europesays.com\/fr\/wp-json\/wp\/v2\/tags?post=668390"}],"curies":[{"name":"wp","href":"https:\/\/api.w.org\/{rel}","templated":true}]}}