{"id":668392,"date":"2026-01-16T19:32:12","date_gmt":"2026-01-16T19:32:12","guid":{"rendered":"https:\/\/www.europesays.com\/fr\/668392\/"},"modified":"2026-01-16T19:32:12","modified_gmt":"2026-01-16T19:32:12","slug":"direct-biarritz-soyaux-angouleme-le-bo-pour-engranger-le-sa-xv-pour-regarder-vers-le-haut-suivez-le-match-de-la-17e-journee-de-pro-d2","status":"publish","type":"post","link":"https:\/\/www.europesays.com\/fr\/668392\/","title":{"rendered":"Direct. Biarritz &#8211; Soyaux-Angoul\u00eame : le BO pour engranger, le SA XV pour regarder vers le haut&#8230; Suivez le match de la 17\u00e8 journ\u00e9e de Pro D2"},"content":{"rendered":"<p>\n                Bonsoir et bienvenue sur Rugbyrama pour suivre en direct comment\u00e9, la rencontre de la 17e journ\u00e9e de Pro D2 entre Biarritz et Soyaux-Angoul\u00eame.\n            <\/p>\n<p>Douzi\u00e8me avant la rencontre, le BO \u00e0 l&rsquo;opportunit\u00e9 de se donner de l&rsquo;air en vue de la course au maintien.<\/p>\n<p>En face, le SA XV peut clairement viser les six premi\u00e8re places. Une victoire \u00e0 l&rsquo;ext\u00e9rieur aiderait clairement.<\/p>\n<p>M. Nuchy est l&rsquo;arbitre de cette partie.\u00a0<\/p>\n","protected":false},"excerpt":{"rendered":"Bonsoir et bienvenue sur Rugbyrama pour suivre en direct comment\u00e9, la rencontre de la 17e journ\u00e9e de Pro&hellip;\n","protected":false},"author":2,"featured_media":668393,"comment_status":"","ping_status":"","sticky":false,"template":"","format":"standard","meta":{"footnotes":""},"categories":[2],"tags":[11,1011,27,69255,12,2308,25,68796],"class_list":{"0":"post-668392","1":"post","2":"type-post","3":"status-publish","4":"format-standard","5":"has-post-thumbnail","7":"category-actualites","8":"tag-actualites","9":"tag-fr","10":"tag-france","11":"tag-les-matchs-pro-d2-en-direct","12":"tag-news","13":"tag-pro-d2","14":"tag-republique-francaise","15":"tag-rugby-u00e0-xv"},"share_on_mastodon":{"url":"https:\/\/pubeurope.com\/@fr\/115906448315123601","error":""},"_links":{"self":[{"href":"https:\/\/www.europesays.com\/fr\/wp-json\/wp\/v2\/posts\/668392","targetHints":{"allow":["GET"]}}],"collection":[{"href":"https:\/\/www.europesays.com\/fr\/wp-json\/wp\/v2\/posts"}],"about":[{"href":"https:\/\/www.europesays.com\/fr\/wp-json\/wp\/v2\/types\/post"}],"author":[{"embeddable":true,"href":"https:\/\/www.europesays.com\/fr\/wp-json\/wp\/v2\/users\/2"}],"replies":[{"embeddable":true,"href":"https:\/\/www.europesays.com\/fr\/wp-json\/wp\/v2\/comments?post=668392"}],"version-history":[{"count":0,"href":"https:\/\/www.europesays.com\/fr\/wp-json\/wp\/v2\/posts\/668392\/revisions"}],"wp:featuredmedia":[{"embeddable":true,"href":"https:\/\/www.europesays.com\/fr\/wp-json\/wp\/v2\/media\/668393"}],"wp:attachment":[{"href":"https:\/\/www.europesays.com\/fr\/wp-json\/wp\/v2\/media?parent=668392"}],"wp:term":[{"taxonomy":"category","embeddable":true,"href":"https:\/\/www.europesays.com\/fr\/wp-json\/wp\/v2\/categories?post=668392"},{"taxonomy":"post_tag","embeddable":true,"href":"https:\/\/www.europesays.com\/fr\/wp-json\/wp\/v2\/tags?post=668392"}],"curies":[{"name":"wp","href":"https:\/\/api.w.org\/{rel}","templated":true}]}}