{"id":668398,"date":"2026-01-16T19:35:13","date_gmt":"2026-01-16T19:35:13","guid":{"rendered":"https:\/\/www.europesays.com\/fr\/668398\/"},"modified":"2026-01-16T19:35:13","modified_gmt":"2026-01-16T19:35:13","slug":"un-terrain-de-golf-saccage-par-des-motoneigistes-a-baie-comeau","status":"publish","type":"post","link":"https:\/\/www.europesays.com\/fr\/668398\/","title":{"rendered":"Un terrain de golf saccag\u00e9 par des motoneigistes \u00e0 Baie-Comeau"},"content":{"rendered":"<p><strong>Des motoneiges ont circul\u00e9 directement sur les verts du terrain du Club de golf de Baie-Comeau la semaine derni\u00e8re, causant des dommages importants au terrain.<\/strong><\/p>\n<p>Malgr\u00e9 une \u00e9paisse couche de neige, les motoneiges de plus en plus puissantes repr\u00e9sentent un risque majeur pour la surface de jeu. Au-del\u00e0 des co\u00fbts que cela peut engendrer, c\u2019est la saison de golf elle-m\u00eame qui est menac\u00e9e, rapporte-t-on.<\/p>\n<p>Sur la C\u00f4te-Nord, o\u00f9 l\u2019\u00e9t\u00e9 est court, la qualit\u00e9 du gazon est essentielle. Un appel au civisme est lanc\u00e9 par le Club pour pr\u00e9server le terrain.<\/p>\n<p>D\u2019ailleurs, la S\u00fbret\u00e9 du Qu\u00e9bec pr\u00e9voit intensifier ses patrouilles en motoneige. La direction du club pr\u00e9f\u00e8re miser sur la collaboration citoyenne plut\u00f4t que d\u2019installer des mesures contraignantes comme des cl\u00f4tures ou un syst\u00e8me de surveillance par cam\u00e9ra.<\/p>\n<p>Le surintendant du Club de golf de Baie-Comeau, Michel Boudreau, souligne que la probl\u00e9matique des motoneigistes s\u2019\u00e9tait calm\u00e9e depuis quelques ann\u00e9es.<\/p>\n","protected":false},"excerpt":{"rendered":"Des motoneiges ont circul\u00e9 directement sur les verts du terrain du Club de golf de Baie-Comeau la semaine&hellip;\n","protected":false},"author":2,"featured_media":668399,"comment_status":"","ping_status":"","sticky":false,"template":"","format":"standard","meta":{"footnotes":""},"categories":[1418],"tags":[1011,27,1472,60],"class_list":{"0":"post-668398","1":"post","2":"type-post","3":"status-publish","4":"format-standard","5":"has-post-thumbnail","7":"category-golf","8":"tag-fr","9":"tag-france","10":"tag-golf","11":"tag-sports"},"share_on_mastodon":{"url":"https:\/\/pubeurope.com\/@fr\/115906459969313770","error":""},"_links":{"self":[{"href":"https:\/\/www.europesays.com\/fr\/wp-json\/wp\/v2\/posts\/668398","targetHints":{"allow":["GET"]}}],"collection":[{"href":"https:\/\/www.europesays.com\/fr\/wp-json\/wp\/v2\/posts"}],"about":[{"href":"https:\/\/www.europesays.com\/fr\/wp-json\/wp\/v2\/types\/post"}],"author":[{"embeddable":true,"href":"https:\/\/www.europesays.com\/fr\/wp-json\/wp\/v2\/users\/2"}],"replies":[{"embeddable":true,"href":"https:\/\/www.europesays.com\/fr\/wp-json\/wp\/v2\/comments?post=668398"}],"version-history":[{"count":0,"href":"https:\/\/www.europesays.com\/fr\/wp-json\/wp\/v2\/posts\/668398\/revisions"}],"wp:featuredmedia":[{"embeddable":true,"href":"https:\/\/www.europesays.com\/fr\/wp-json\/wp\/v2\/media\/668399"}],"wp:attachment":[{"href":"https:\/\/www.europesays.com\/fr\/wp-json\/wp\/v2\/media?parent=668398"}],"wp:term":[{"taxonomy":"category","embeddable":true,"href":"https:\/\/www.europesays.com\/fr\/wp-json\/wp\/v2\/categories?post=668398"},{"taxonomy":"post_tag","embeddable":true,"href":"https:\/\/www.europesays.com\/fr\/wp-json\/wp\/v2\/tags?post=668398"}],"curies":[{"name":"wp","href":"https:\/\/api.w.org\/{rel}","templated":true}]}}