{"id":6684,"date":"2025-04-07T01:26:40","date_gmt":"2025-04-07T01:26:40","guid":{"rendered":"https:\/\/www.europesays.com\/fr\/6684\/"},"modified":"2025-04-07T01:26:40","modified_gmt":"2025-04-07T01:26:40","slug":"strasbourg-initiation-a-laviron-au-rowing-club-strasbourg","status":"publish","type":"post","link":"https:\/\/www.europesays.com\/fr\/6684\/","title":{"rendered":"Strasbourg. Initiation \u00e0 l&rsquo;aviron au Rowing Club Strasbourg"},"content":{"rendered":"<p>Au coeur de Strasbourg, dans le quartier du Heyritz, en face du Nouvel H\u00f4pital Civil, le Rowing Club de Strasbourg organise une journ\u00e9e portes ouvertes ce samedi 5 avril de 10h \u00e0 18h.<\/p>\n<p>Les personnes \u00e2g\u00e9es d&rsquo;au moins 12 ans sachant nager au moins 25 m\u00e8tres pourront d\u00e9couvrir l&rsquo;aviron et ses sensations de glisse \u00e0 bord d&rsquo;un b\u00e2teau-\u00e9cole avec quatre rameurs et un barreur.<\/p>\n<p>Pour tout public (sans condition d&rsquo;\u00e2ge), il seea aussi possible de d\u00e9couvrir les rameurs en salle pour tester sa puissance lors d&rsquo;une activit\u00e9 ludique et accessible \u00e0 toutes et \u00e0 tous.<\/p>\n<p>Il n&rsquo;est pas n\u00e9cessaire de r\u00e9server pour participer \u00e0 cette op\u00e9ation mais il est recommand\u00e9 de venir avec une tenue de sport.<\/p>\n<p>Plus d&rsquo;informations sur le site <a href=\"http:\/\/www.rowing-club\" rel=\"nofollow\">www.rowing-club<\/a>.net\u00a0<\/p>\n<p>Acc\u00e8s\u00a0: tram ligne A ou D arr\u00eat Etoile Bourse\u00a0; ligne B arr\u00eat Laiterie. En bus\u00a0: ligne G ou C1 arr\u00eat H\u00f4pital civil<\/p>\n","protected":false},"excerpt":{"rendered":"Au coeur de Strasbourg, dans le quartier du Heyritz, en face du Nouvel H\u00f4pital Civil, le Rowing Club&hellip;\n","protected":false},"author":2,"featured_media":6685,"comment_status":"","ping_status":"","sticky":false,"template":"","format":"standard","meta":{"footnotes":""},"categories":[2820],"tags":[1111,11,3810,2880,1777,674,107,1701,1011,27,775,12,25,517,640,2879],"class_list":{"0":"post-6684","1":"post","2":"type-post","3":"status-publish","4":"format-standard","5":"has-post-thumbnail","7":"category-strasbourg","8":"tag-actu","9":"tag-actualites","10":"tag-aviron","11":"tag-edition-strasbourg","12":"tag-eu","13":"tag-europe","14":"tag-fil-info","15":"tag-fil-info-sport","16":"tag-fr","17":"tag-france","18":"tag-grand-est","19":"tag-news","20":"tag-republique-francaise","21":"tag-sport","22":"tag-strasbourg","23":"tag-strasbourg-ville"},"share_on_mastodon":{"url":"https:\/\/pubeurope.com\/@fr\/114294081684688685","error":""},"_links":{"self":[{"href":"https:\/\/www.europesays.com\/fr\/wp-json\/wp\/v2\/posts\/6684","targetHints":{"allow":["GET"]}}],"collection":[{"href":"https:\/\/www.europesays.com\/fr\/wp-json\/wp\/v2\/posts"}],"about":[{"href":"https:\/\/www.europesays.com\/fr\/wp-json\/wp\/v2\/types\/post"}],"author":[{"embeddable":true,"href":"https:\/\/www.europesays.com\/fr\/wp-json\/wp\/v2\/users\/2"}],"replies":[{"embeddable":true,"href":"https:\/\/www.europesays.com\/fr\/wp-json\/wp\/v2\/comments?post=6684"}],"version-history":[{"count":0,"href":"https:\/\/www.europesays.com\/fr\/wp-json\/wp\/v2\/posts\/6684\/revisions"}],"wp:featuredmedia":[{"embeddable":true,"href":"https:\/\/www.europesays.com\/fr\/wp-json\/wp\/v2\/media\/6685"}],"wp:attachment":[{"href":"https:\/\/www.europesays.com\/fr\/wp-json\/wp\/v2\/media?parent=6684"}],"wp:term":[{"taxonomy":"category","embeddable":true,"href":"https:\/\/www.europesays.com\/fr\/wp-json\/wp\/v2\/categories?post=6684"},{"taxonomy":"post_tag","embeddable":true,"href":"https:\/\/www.europesays.com\/fr\/wp-json\/wp\/v2\/tags?post=6684"}],"curies":[{"name":"wp","href":"https:\/\/api.w.org\/{rel}","templated":true}]}}