{"id":668406,"date":"2026-01-16T19:42:49","date_gmt":"2026-01-16T19:42:49","guid":{"rendered":"https:\/\/www.europesays.com\/fr\/668406\/"},"modified":"2026-01-16T19:42:49","modified_gmt":"2026-01-16T19:42:49","slug":"un-record-de-france-du-kilometre-battu-actualite","status":"publish","type":"post","link":"https:\/\/www.europesays.com\/fr\/668406\/","title":{"rendered":"Un record de France du kilom\u00e8tre battu &#8211; Actualit\u00e9"},"content":{"rendered":"<p>Le record de France f\u00e9minin du kilom\u00e8tre d\u00e9part arr\u00eat\u00e9 a \u00e9t\u00e9 battu ce vendredi, au premier jour du Championnat de France sur piste \u00e0 Bourges. Mathilde Gros (Salon Cyclosport) porte le record de France \u00e0 \u00a01&rsquo;06&Prime;856.<\/p>\n<p>Juste avant elle, Taky Marie-Divine Kouam\u00e9 (US Cr\u00e9teil) avait port\u00e9 ce record \u00e0 1&rsquo;08&Prime;149 puis Marie-Louisa Drouode (US Cr\u00e9teil) l&rsquo;a am\u00e9lior\u00e9 en 1&rsquo;07&Prime;373, avant donc la tentative de Mathilde Gros, nouvelle Championne de France.<\/p>\n<p>Taky Marie-Divine Kouam\u00e9 d\u00e9tenait l&rsquo;ancien record en 1&rsquo;08&Prime;399, \u00e9tabli le 3 janvier 2025 \u00e0 Loud\u00e9ac, d\u00e9j\u00e0 lors du Championnat de France.<\/p>\n","protected":false},"excerpt":{"rendered":"Le record de France f\u00e9minin du kilom\u00e8tre d\u00e9part arr\u00eat\u00e9 a \u00e9t\u00e9 battu ce vendredi, au premier jour du&hellip;\n","protected":false},"author":2,"featured_media":668407,"comment_status":"","ping_status":"","sticky":false,"template":"","format":"standard","meta":{"footnotes":""},"categories":[1411],"tags":[834,828,836,829,837,827,83,826,824,823,1154,207,814,817,815,816,822,821,832,211,839,1011,27,820,818,819,835,831,830,833,838,60,212,208,825],"class_list":{"0":"post-668406","1":"post","2":"type-post","3":"status-publish","4":"format-standard","5":"has-post-thumbnail","7":"category-cyclisme","8":"tag-attaque","9":"tag-belgique","10":"tag-braquet","11":"tag-bretagne","12":"tag-chute","13":"tag-competition","14":"tag-coupe-de-france","15":"tag-coureur","16":"tag-course-cyclisme","17":"tag-course-cycliste","18":"tag-cycling","19":"tag-cyclisme","20":"tag-direct","21":"tag-direct-velo","22":"tag-directvelo","23":"tag-directvelo-com","24":"tag-epreuve","25":"tag-epreuve-cycliste","26":"tag-federation-francaise-de-cyclisme","27":"tag-ffc","28":"tag-flandres","29":"tag-fr","30":"tag-france","31":"tag-live","32":"tag-live-course","33":"tag-live-epreuve","34":"tag-peloton","35":"tag-radio-peloton","36":"tag-radio-tour","37":"tag-ravitaillement","38":"tag-relance","39":"tag-sports","40":"tag-uci","41":"tag-velo","42":"tag-velos"},"share_on_mastodon":{"url":"https:\/\/pubeurope.com\/@fr\/115906491462065799","error":""},"_links":{"self":[{"href":"https:\/\/www.europesays.com\/fr\/wp-json\/wp\/v2\/posts\/668406","targetHints":{"allow":["GET"]}}],"collection":[{"href":"https:\/\/www.europesays.com\/fr\/wp-json\/wp\/v2\/posts"}],"about":[{"href":"https:\/\/www.europesays.com\/fr\/wp-json\/wp\/v2\/types\/post"}],"author":[{"embeddable":true,"href":"https:\/\/www.europesays.com\/fr\/wp-json\/wp\/v2\/users\/2"}],"replies":[{"embeddable":true,"href":"https:\/\/www.europesays.com\/fr\/wp-json\/wp\/v2\/comments?post=668406"}],"version-history":[{"count":0,"href":"https:\/\/www.europesays.com\/fr\/wp-json\/wp\/v2\/posts\/668406\/revisions"}],"wp:featuredmedia":[{"embeddable":true,"href":"https:\/\/www.europesays.com\/fr\/wp-json\/wp\/v2\/media\/668407"}],"wp:attachment":[{"href":"https:\/\/www.europesays.com\/fr\/wp-json\/wp\/v2\/media?parent=668406"}],"wp:term":[{"taxonomy":"category","embeddable":true,"href":"https:\/\/www.europesays.com\/fr\/wp-json\/wp\/v2\/categories?post=668406"},{"taxonomy":"post_tag","embeddable":true,"href":"https:\/\/www.europesays.com\/fr\/wp-json\/wp\/v2\/tags?post=668406"}],"curies":[{"name":"wp","href":"https:\/\/api.w.org\/{rel}","templated":true}]}}