{"id":668412,"date":"2026-01-16T19:45:17","date_gmt":"2026-01-16T19:45:17","guid":{"rendered":"https:\/\/www.europesays.com\/fr\/668412\/"},"modified":"2026-01-16T19:45:17","modified_gmt":"2026-01-16T19:45:17","slug":"eure-quand-une-photographe-immortalise-un-ecureuil-et-son-bebe","status":"publish","type":"post","link":"https:\/\/www.europesays.com\/fr\/668412\/","title":{"rendered":"Eure. Quand une photographe immortalise un \u00e9cureuil et son b\u00e9b\u00e9"},"content":{"rendered":"<p>                    Par<br \/>\n        <strong><br \/>\n            <a href=\"https:\/\/actu.fr\/auteur\/serge-velain\" title=\"Consulter tous les articles de serge.velain\" target=\"_blank\" rel=\"noopener\">serge.velain<\/a><br \/>\n                    <\/strong><\/p>\n<p>        Publi\u00e9 le<\/p>\n<p>            16 janv. 2026 \u00e0 16h10        <\/p>\n<p>Des instants mignons vous attendent du 17 janvier au 8 f\u00e9vrier 2026 \u00e0 Fabrique de la Risle, 2, avenue Albert-Parissot \u00e0 <a href=\"https:\/\/actu.fr\/normandie\/beaumont-le-roger_27051\" target=\"_blank\" rel=\"noopener\">Beaumont-le-Roger<\/a> (<a href=\"https:\/\/actu.fr\/27actu\/\" target=\"_blank\" rel=\"noopener\">Eure<\/a>), qui pour sa toute premi\u00e8re exposition de l\u2019ann\u00e9e, accueillera la photographe Nicole Mallet-Lemesnager.<\/p>\n<p>    <a href=\"https:\/\/www.facebook.com\/plugins\/post.php?href=https%3A%2F%2Fwww.facebook.com%2Fnicole.mallet.14%2Fposts%2Fpfbid0hdudi8yuqt5e3pzQvre6Yr6AY4oxyqiRUx2BpbcvcwxBQdweyixVofbNwxnYrtk6l&amp;show_text=true&amp;width=350\" title=\"Ouvrie le lien\" target=\"_blank\" rel=\"noopener\">Cliquez ici pour visualiser le contenu<\/a><\/p>\n<p class=\" wall-content\">Nicole Mallet-Lemesnager aime la photo, mais plus encore <b>les animaux, les fleurs et leurs gouttes d\u2019eau, les paysages tels les couchers de soleil\u2026<\/b><\/p>\n<p>    <img   decoding=\"async\" loading=\"lazy\" class=\"size-large\" src=\"https:\/\/www.europesays.com\/fr\/wp-content\/uploads\/2026\/01\/bba500f6c7696afa500f6c76973b50v-960x640.jpg\" alt=\"Nicole Mallet-Lemesnager\" width=\"960\" height=\"640\"\/><br \/>\n    La photo et les animaux sont deux passions de Nicole Mallet-Lemesnager. \u00a9Nicole Mallet-Lemesnager<\/p>\n<p class=\" wall-content\"><b>\u00ab \u00c0 travers mes photos, j\u2019ai envie de vous partager mes \u00e9motions ressenties lors de ces prises de vues \u00bb,<\/b> dit celle pour qui la nature est le terrain de pr\u00e9dilection.<\/p>\n<p>Vid\u00e9os : en ce moment sur Actu<\/p>\n<p class=\" wall-content\">\u00ab Il y a tant de choses \u00e0 d\u00e9couvrir dans la nature quand on prend le temps de la regarder \u00bb, poursuit Nicole Mallet-Lemesnager.<\/p>\n<p>    <img   decoding=\"async\" loading=\"lazy\" class=\"size-large\" src=\"https:\/\/www.europesays.com\/fr\/wp-content\/uploads\/2026\/01\/75974707c7696f9974707c769dd974v-960x640.jpg\" alt=\"Nicole Mallet-Lemesnager\" width=\"960\" height=\"640\"\/><br \/>\n    Quand la photographe capte l\u2019instant pr\u00e9sent\u2026 \u00a9Nicole Mallet-Lemesnager<\/p>\n<p>Votre r\u00e9gion, votre actu !<\/p>\n<p>Recevez chaque jour les infos qui comptent pour vous.<\/p>\n<p>\t<a href=\"https:\/\/actu.fr\/newsletter\" class=\"ac-btn ac-btn--corner ac-btn--medium ac-btn--blue800\" target=\"_blank\" rel=\"noopener\">S&rsquo;incrire<\/a><\/p>\n<blockquote class=\"ac-article-quote wall-content\">\n<p>Quand, nous, photographes, nous prenons une photo, elle a pour nous, un sens. Quelle fiert\u00e9 quand nous avons un clich\u00e9 qui est r\u00e9ussi, et croyez-moi, ce n\u2019est pas le cas \u00e0 chaque fois.<\/p>\n<p>Nicole Mallet-Lemesnager<\/p><\/blockquote>\n<p class=\" wall-content\">L\u2019artiste-photographe est particuli\u00e8rement fi\u00e8re de pr\u00e9senter la photo d\u2019un \u00e9cureuil et son b\u00e9b\u00e9, une prise de vue unique.<\/p>\n<p>La fabrique de la Risle, 2, avenue Albert-Parissot \u00e0 Beaumont-le-Roger, est ouverte les week-ends et jours f\u00e9ri\u00e9s, de 14 h \u00e0 18 h 30. Entr\u00e9e libre.<\/p>\n<p class=\" wall-content\">Personnalisez votre actualit\u00e9 en ajoutant vos villes et m\u00e9dias en favori avec <a href=\"https:\/\/moncompte.actu.fr\" title=\"D\u00e9couvez Mon Actu\" rel=\"nofollow noopener\" data-trk=\"{&quot;cta&quot;:{&quot;action&quot;:&quot;https:\\\/\\\/moncompte.actu.fr&quot;,&quot;category&quot;:&quot;mon compte&quot;,&quot;from&quot;:&quot;article footer&quot;,&quot;name&quot;:&quot;Mon actu&quot;,&quot;type&quot;:&quot;cta&quot;}}\" target=\"_blank\">Mon Actu<\/a>.<\/p>\n","protected":false},"excerpt":{"rendered":"Par serge.velain Publi\u00e9 le 16 janv. 2026 \u00e0 16h10 Des instants mignons vous attendent du 17 janvier au&hellip;\n","protected":false},"author":2,"featured_media":668413,"comment_status":"","ping_status":"","sticky":false,"template":"","format":"standard","meta":{"footnotes":""},"categories":[1358],"tags":[1348,1384,1385,1386,58,59,1011,27,1652,1756,13095],"class_list":{"0":"post-668412","1":"post","2":"type-post","3":"status-publish","4":"format-standard","5":"has-post-thumbnail","7":"category-arts-et-design","8":"tag-arts","9":"tag-arts-and-design","10":"tag-arts-et-design","11":"tag-design","12":"tag-divertissement","13":"tag-entertainment","14":"tag-fr","15":"tag-france","16":"tag-loisirs-culture","17":"tag-photographie","18":"tag-region-normandie"},"share_on_mastodon":{"url":"https:\/\/pubeurope.com\/@fr\/115906499347450464","error":""},"_links":{"self":[{"href":"https:\/\/www.europesays.com\/fr\/wp-json\/wp\/v2\/posts\/668412","targetHints":{"allow":["GET"]}}],"collection":[{"href":"https:\/\/www.europesays.com\/fr\/wp-json\/wp\/v2\/posts"}],"about":[{"href":"https:\/\/www.europesays.com\/fr\/wp-json\/wp\/v2\/types\/post"}],"author":[{"embeddable":true,"href":"https:\/\/www.europesays.com\/fr\/wp-json\/wp\/v2\/users\/2"}],"replies":[{"embeddable":true,"href":"https:\/\/www.europesays.com\/fr\/wp-json\/wp\/v2\/comments?post=668412"}],"version-history":[{"count":0,"href":"https:\/\/www.europesays.com\/fr\/wp-json\/wp\/v2\/posts\/668412\/revisions"}],"wp:featuredmedia":[{"embeddable":true,"href":"https:\/\/www.europesays.com\/fr\/wp-json\/wp\/v2\/media\/668413"}],"wp:attachment":[{"href":"https:\/\/www.europesays.com\/fr\/wp-json\/wp\/v2\/media?parent=668412"}],"wp:term":[{"taxonomy":"category","embeddable":true,"href":"https:\/\/www.europesays.com\/fr\/wp-json\/wp\/v2\/categories?post=668412"},{"taxonomy":"post_tag","embeddable":true,"href":"https:\/\/www.europesays.com\/fr\/wp-json\/wp\/v2\/tags?post=668412"}],"curies":[{"name":"wp","href":"https:\/\/api.w.org\/{rel}","templated":true}]}}