{"id":668424,"date":"2026-01-16T19:52:11","date_gmt":"2026-01-16T19:52:11","guid":{"rendered":"https:\/\/www.europesays.com\/fr\/668424\/"},"modified":"2026-01-16T19:52:11","modified_gmt":"2026-01-16T19:52:11","slug":"ce-quon-a-repere-pour-vous-a-maisonobjet-2026","status":"publish","type":"post","link":"https:\/\/www.europesays.com\/fr\/668424\/","title":{"rendered":"Ce qu\u2019on a rep\u00e9r\u00e9 pour vous \u00e0 Maison&#038;Objet 2026"},"content":{"rendered":"<p class=\"p1\">Couleurs tendres, art de la table \u00e9clatant, t\u00eates de<br \/>\nlit r\u00e9tro et outdoor assum\u00e9\u2026 La nouvelle \u00e9dition de <a href=\"https:\/\/www.lejournaldelamaison.fr\/le-journal-de-la-maison\/actus-deco\/salon-maison-objet-2026-les-infos-essentielles-a-connaitre-pour-bien-preparer-votre-visite-533539.html\" target=\"_blank\" rel=\"noopener\"><br \/>\nMaison&amp;Objet<\/a> donne le ton d\u2019une d\u00e9co joyeuse et<br \/>\nenveloppante, en plein c\u0153ur de l\u2019hiver.<\/p>\n<p>Le jaune beurre qui r\u00e9chauffe le minimalisme nordique<\/p>\n<p class=\"p1\">D\u00e8s les premi\u00e8res all\u00e9es, une \u00e9vidence saute aux yeux<br \/>\n: <strong><a href=\"https:\/\/www.lejournaldelamaison.fr\/le-journal-de-la-maison\/nouveautes\/tendances\/tendances-deco\/jaune-beurre-bien-nouvelle-couleur-tendance-mais-voici-avec-quoi-jamais-associer-512102.html\" target=\"_blank\" rel=\"noopener\"><br \/>\nle jaune beurre<\/a> s\u2019impose partout<\/strong>. Chez les<br \/>\nscandinaves, la teinte se d\u00e9cline comme un nouveau neutre, version<br \/>\nensoleill\u00e9e. L\u2019\u00e9t\u00e9 sera jaune, et sans mod\u00e9ration.<\/p>\n<p class=\"p1\">Chez IB Laursen, AU Maison, Madam Stoltz ou encore<br \/>\nUrban Nature Culture, <strong>la couleur rayonne en mode<br \/>\naccumulation<\/strong> : lampes de table, bougeoirs torsad\u00e9s,<br \/>\ncoussins, vases et objets d\u2019appoint&#8230; Le jaune beurre adoucit les<br \/>\nlignes brutes, r\u00e9chauffe les ambiances minimalistes, et sublime les<br \/>\nmati\u00e8res naturelles.<\/p>\n<p>La cuisine r\u00e9tro signe son retour<\/p>\n<p class=\"p1\"><strong>La cuisine aussi revient \u00e0 ses<br \/>\nfondamentaux.<\/strong> Chez Maison de Vacances, c\u2019est <a href=\"https:\/\/www.lejournaldelamaison.fr\/le-journal-de-la-maison\/piece-par-piece\/cuisine-salle-a-manger-le-journal-de-la-maison\/cuisine\/materiaux-bruts-bois-apparent-objets-patines-la-cuisine-esprit-ferme-revient-en-2026-mais-avec-de-nouveaux-codes-532851.html\" target=\"_blank\" rel=\"noopener\"><br \/>\nambiance esprit ferme<\/a> : nappes et torchons \u00e0 carreaux, rideaux<br \/>\nsous \u00e9vier, tonalit\u00e9s chaudes&#8230; Une esth\u00e9tique douce et famili\u00e8re,<br \/>\norchestr\u00e9e dans une sc\u00e9nographie qui sent bon les week-ends \u00e0 la<br \/>\n<strong>campagne<\/strong> en famille. M\u00eame tempo chez<br \/>\n<strong>Maison D\u00eenette<\/strong>, o\u00f9 le rideau d\u2019\u00e9vier ose les<br \/>\ncouleurs franches et s\u2019invite jusque dans les cuisines les plus<br \/>\nurbaines.<\/p>\n<blockquote class=\"instagram-media\" style=\"background: #ffffff;border: 0;margin: 1px;width: 100%;padding: 0;max-width: 500px;\" data-instgrm-permalink=\"https:\/\/www.instagram.com\/p\/DSHiHyMl9Kp\/?img_index=1\" data-instgrm-version=\"14\"\/>\n<p class=\"p1\">Mais la surprise vient aussi des espaces nuit.<br \/>\nLongtemps mis de c\u00f4t\u00e9, le d\u00e9cor du lit revient au centre de la<br \/>\nchambre et s\u2019impose comme un v\u00e9ritable terrain d\u2019expression. Chez<br \/>\n<strong>Gabrielle Paris<\/strong>, ce sont les parures qui attirent<br \/>\nl\u2019\u0153il : bordeaux profonds, jeux de carreaux et esprit enveloppant<br \/>\ndonnent le ton d\u2019une chambre chaleureuse. Tandis que chez Maison de<br \/>\nVacances, la t\u00eate de lit ton sur ton dialogue avec des cadres fa\u00e7on<br \/>\nherbiers vintage, dans une esprit po\u00e9tique.<\/p>\n<p class=\"p1\">Enfin, l\u2019<strong>outdoor signe l\u2019envie<br \/>\nd\u2019ailleurs<\/strong>. Lignes souples, mati\u00e8res naturelles, assises<br \/>\nnomades\u2026 Le coup de c\u0153ur revient \u00e0 Mambo Unlimited Ideas et ses day<br \/>\nbeds taill\u00e9s pour les siestes au soleil.<\/p>\n<p><a href=\"https:\/\/www.lejournaldelamaison.fr\/wp-content\/uploads\/sites\/8\/2026\/01\/outdoor-mambo.jpg\" target=\"_blank\" rel=\"noopener\"><br \/>\n<img loading=\"lazy\" decoding=\"async\" aria-describedby=\"caption-attachment-533555\" itemprop=\"thumbnailUrl\" class=\"size-large wp-image-533555 img-responsive pinit-here\" src=\"https:\/\/www.europesays.com\/fr\/wp-content\/uploads\/2026\/01\/outdoor-mambo-1024x1024.jpg\" alt=\"Mambo revisite l\" outdoor=\"\" avec=\"\" sa=\"\" collection=\"\" dune=\"\" width=\"1024\" height=\"1024\" data-pin-media=\"https:\/\/www.lejournaldelamaison.fr\/wp-content\/uploads\/sites\/8\/2026\/01\/outdoor-mambo-736x736.jpg\"\/><\/a><br \/>\n\u00a9 Mambo<\/p>\n<p id=\"caption-attachment-533555\" class=\"wp-caption-text\">Mambo<br \/>\nrevisite l&rsquo;outdoor avec sa collection Dune<\/p>\n<p><script async src=\"\/\/www.instagram.com\/embed.js\"><\/script><\/p>\n","protected":false},"excerpt":{"rendered":"Couleurs tendres, art de la table \u00e9clatant, t\u00eates de lit r\u00e9tro et outdoor assum\u00e9\u2026 La nouvelle \u00e9dition de&hellip;\n","protected":false},"author":2,"featured_media":668425,"comment_status":"","ping_status":"","sticky":false,"template":"","format":"standard","meta":{"footnotes":""},"categories":[8],"tags":[13041,9122,58,59,70718,1011,27,68340,76861,378,9622,746,76860,18830,29533,3974,4023],"class_list":{"0":"post-668424","1":"post","2":"type-post","3":"status-publish","4":"format-standard","5":"has-post-thumbnail","7":"category-divertissement","8":"tag-a","9":"tag-ces","10":"tag-divertissement","11":"tag-entertainment","12":"tag-envahir","13":"tag-fr","14":"tag-france","15":"tag-interieurs","16":"tag-maisonobjet","17":"tag-plus","18":"tag-prevu","19":"tag-que","20":"tag-reperees","21":"tag-tendances","22":"tag-vite","23":"tag-vont","24":"tag-vos"},"share_on_mastodon":{"url":"https:\/\/pubeurope.com\/@fr\/115906526886332806","error":""},"_links":{"self":[{"href":"https:\/\/www.europesays.com\/fr\/wp-json\/wp\/v2\/posts\/668424","targetHints":{"allow":["GET"]}}],"collection":[{"href":"https:\/\/www.europesays.com\/fr\/wp-json\/wp\/v2\/posts"}],"about":[{"href":"https:\/\/www.europesays.com\/fr\/wp-json\/wp\/v2\/types\/post"}],"author":[{"embeddable":true,"href":"https:\/\/www.europesays.com\/fr\/wp-json\/wp\/v2\/users\/2"}],"replies":[{"embeddable":true,"href":"https:\/\/www.europesays.com\/fr\/wp-json\/wp\/v2\/comments?post=668424"}],"version-history":[{"count":0,"href":"https:\/\/www.europesays.com\/fr\/wp-json\/wp\/v2\/posts\/668424\/revisions"}],"wp:featuredmedia":[{"embeddable":true,"href":"https:\/\/www.europesays.com\/fr\/wp-json\/wp\/v2\/media\/668425"}],"wp:attachment":[{"href":"https:\/\/www.europesays.com\/fr\/wp-json\/wp\/v2\/media?parent=668424"}],"wp:term":[{"taxonomy":"category","embeddable":true,"href":"https:\/\/www.europesays.com\/fr\/wp-json\/wp\/v2\/categories?post=668424"},{"taxonomy":"post_tag","embeddable":true,"href":"https:\/\/www.europesays.com\/fr\/wp-json\/wp\/v2\/tags?post=668424"}],"curies":[{"name":"wp","href":"https:\/\/api.w.org\/{rel}","templated":true}]}}