{"id":668428,"date":"2026-01-16T19:54:18","date_gmt":"2026-01-16T19:54:18","guid":{"rendered":"https:\/\/www.europesays.com\/fr\/668428\/"},"modified":"2026-01-16T19:54:18","modified_gmt":"2026-01-16T19:54:18","slug":"ce-suv-hybride-offre-le-label-eco-des-capacites-4x4-dignes-des-meilleurs-et-un-equipement-complet-le-tout-pour-un-tiers-du-prix-de-ses-rivaux","status":"publish","type":"post","link":"https:\/\/www.europesays.com\/fr\/668428\/","title":{"rendered":"Ce SUV hybride offre le label ECO, des capacit\u00e9s 4&#215;4 dignes des meilleurs et un \u00e9quipement complet, le tout pour un tiers du prix de ses rivaux"},"content":{"rendered":"<p>En 2026, les SUV compacts flirtent all\u00e8grement avec les 35\u202f000\u202f\u20ac, m\u00eame en version traction, avec des \u00e9quipements parfois minimaux. Dans ce contexte inflationniste, <strong>le Dacia Duster 4\u00d74 revient en force avec une offre tarifaire agressive<\/strong>, qui remet en question bien des certitudes. Motoris\u00e9 par un bloc <strong>Hybrid-G 150<\/strong> combinant essence et hybridation l\u00e9g\u00e8re, le SUV de Dacia reste fid\u00e8le \u00e0 sa vocation : <strong>offrir une solution simple, polyvalente et efficace<\/strong>, le tout \u00e0 un tarif toujours plancher.<\/p>\n<p>Durant tout le mois de janvier 2026, <strong>Dacia propose des conditions commerciales sp\u00e9cifiques sur le Duster Hybrid-G 150 en version 4\u00d74<\/strong>, valables pour les particuliers. Disponibles d\u00e8s <strong>28\u202f090 \u20ac en finition Expression<\/strong>, ces mod\u00e8les b\u00e9n\u00e9ficient d\u2019une vraie transmission int\u00e9grale et d\u2019un \u00e9quipement suffisant pour un usage quotidien, y compris dans des zones rurales ou de montagne.<\/p>\n<p>Mais au-del\u00e0 du prix d\u2019appel, ce Duster 4\u00d74 de nouvelle g\u00e9n\u00e9ration continue-t-il d\u2019offrir un compromis pertinent entre capacit\u00e9s tout-terrain, sobri\u00e9t\u00e9 et confort moderne\u202f? Face \u00e0 une concurrence souvent plus ch\u00e8re, mais pas toujours plus convaincante, il m\u00e9rite qu\u2019on s\u2019y attarde. Voici notre analyse.<\/p>\n<p><img fetchpriority=\"high\" decoding=\"async\" class=\"size-full wp-image-28733 webpexpress-processed\" src=\"data:image\/svg+xml,%3Csvg%20xmlns=\" http:=\"\" alt=\"Profil du Dacia Duster 4x4 Hybrid-G 150 en finition Extreme, avec jantes alliage et protections de bas de caisse\" width=\"1200\" height=\"675\" data-lazy- data-lazy- data-lazy-src=\"https:\/\/www.europesays.com\/fr\/wp-content\/uploads\/2026\/01\/dacia-duster-hybrid-4x4-01.jpg\"\/>Le profil du Duster 2026 conserve sa silhouette muscl\u00e9e avec une garde au sol g\u00e9n\u00e9reuse, des protections de carrosserie et des jantes 17 pouces. Une allure robuste au service de l\u2019efficacit\u00e9 sur tous les terrains. \u00a9 Dacia<br \/>\nLe Duster 4\u00d74 Hybrid-G 150 : une formule unique \u00e0 ce prix<\/p>\n<p>Avec cette nouvelle g\u00e9n\u00e9ration, <strong>le Dacia Duster 2026 s\u2019offre une version 4\u00d74 hybride l\u00e9g\u00e8re<\/strong>, baptis\u00e9e <strong>Hybrid-G 150<\/strong>. Sous le capot, on retrouve un <strong>bloc essence 1.2 turbo<\/strong> associ\u00e9 \u00e0 une micro-hybridation 48V, le tout pour une <strong>puissance cumul\u00e9e de 150 chevaux<\/strong>. Ce syst\u00e8me permet de r\u00e9cup\u00e9rer de l\u2019\u00e9nergie \u00e0 la d\u00e9c\u00e9l\u00e9ration, de soulager le moteur thermique et d\u2019abaisser la consommation globale \u2014 sans les contraintes d\u2019un hybride rechargeable.<\/p>\n<blockquote class=\"wp-embedded-content\" data-secret=\"WvzpDgLqCd\">\n<p><a href=\"https:\/\/www.passionandcar.fr\/2026\/01\/16\/la-bmw-m3-electrique-devoile-ses-secrets-des-vitesses-simulees-pour-le-plaisir-et-une-batterie-de-plus-de-100-kwh-pour-lautonomie\/\" target=\"_blank\" rel=\"noopener\">La BMW M3 \u00e9lectrique d\u00e9voile ses secrets : des vitesses simul\u00e9es pour le plaisir et une batterie de plus de 100 kWh pour l\u2019autonomie<\/a><\/p>\n<\/blockquote>\n<p>Mais l\u2019argument fort de cette d\u00e9clinaison, c\u2019est sa <strong>v\u00e9ritable transmission int\u00e9grale<\/strong>, une raret\u00e9 \u00e0 ce niveau de prix. Contrairement \u00e0 nombre de SUV traction qui se contentent d\u2019un antipatinage \u00e9volu\u00e9 ou d\u2019un s\u00e9lecteur de modes, <strong>le Duster Hybrid-G 150 4\u00d74 dispose d\u2019un vrai diff\u00e9rentiel central, d\u2019un mode 4 roues motrices verrouillable, et d\u2019un ch\u00e2ssis adapt\u00e9 au franchissement l\u00e9ger<\/strong>.<\/p>\n<p>Disponible en finition <strong>Expression (d\u00e8s 28\u202f090 \u20ac)<\/strong> ou <strong>Extreme (\u00e0 partir de 29\u202f590 \u20ac)<\/strong>, ce mod\u00e8le se place bien en dessous des standards tarifaires du march\u00e9. Aucun SUV hybride ou 4\u00d74 ne propose une telle configuration pour moins de 30\u202f000 \u20ac.<\/p>\n<p><img loading=\"lazy\" decoding=\"async\" class=\"size-full wp-image-28697 webpexpress-processed\" src=\"data:image\/svg+xml,%3Csvg%20xmlns=\" http:=\"\" alt=\"Face avant du Dacia Duster 2026 avec nouvelle signature lumineuse Y et calandre noire sp\u00e9cifique\" width=\"1200\" height=\"675\" data-lazy- data-lazy- data-lazy-src=\"https:\/\/www.europesays.com\/fr\/wp-content\/uploads\/2026\/01\/dacia-duster-hybrid-4x4-01-1.jpg\"\/>La face avant \u00e9volue avec une signature lumineuse en forme de Y, une calandre redessin\u00e9e et un style plus affirm\u00e9. Le bouclier reste prot\u00e9g\u00e9, gage d\u2019un usage tout-terrain sans crainte. \u00a9 Dacia<br \/>\nUn \u00e9quipement correct, une finition robuste, et l\u2019essentiel bien pr\u00e9sent<\/p>\n<p>Comme toujours chez Dacia, l\u2019approche reste pragmatique. L\u2019\u00e9quipement de s\u00e9rie n\u2019a rien de superflu, mais <strong>couvre tous les besoins essentiels d\u2019un usage quotidien<\/strong>. La finition <strong>Expression<\/strong> inclut notamment :<\/p>\n<ul>\n<li>La <strong>climatisation manuelle<\/strong><\/li>\n<li>Un <strong>\u00e9cran tactile 10 pouces<\/strong> compatible Apple CarPlay\/Android Auto<\/li>\n<li>Un r\u00e9gulateur\/limiteur de vitesse<\/li>\n<li>Une <strong>cam\u00e9ra de recul<\/strong><\/li>\n<li>Des <strong>jantes alliage 17 pouces<\/strong><\/li>\n<li>Le <strong>syst\u00e8me multim\u00e9dia Media Display<\/strong><\/li>\n<\/ul>\n<p>En finition <strong>Extreme<\/strong>, le Duster gagne en pr\u00e9sentation ext\u00e9rieure (badges, teintes sp\u00e9cifiques, protections de bas de caisse), mais aussi en contenu, avec notamment la <strong>climatisation automatique<\/strong>, la <strong>navigation int\u00e9gr\u00e9e<\/strong> et des <strong>aides \u00e0 la conduite plus avanc\u00e9es<\/strong>.<\/p>\n<blockquote class=\"wp-embedded-content\" data-secret=\"6hy0CfWhZX\">\n<p><a href=\"https:\/\/www.passionandcar.fr\/2026\/01\/16\/deja-10-000-exemplaires-vendus-le-suv-le-plus-puissant-debro-debarque-en-europe-avec-425-ch-et-un-prix-inferieur-au-kia-sorento\/\" target=\"_blank\" rel=\"noopener\">D\u00e9j\u00e0 10 000 exemplaires vendus : le SUV le plus puissant d\u2019EBRO d\u00e9barque en Europe avec 425 ch et un prix inf\u00e9rieur au KIA Sorento<\/a><\/p>\n<\/blockquote>\n<p>Sans atteindre le niveau de raffinement d\u2019un SUV premium, le Duster mise sur une <strong>ambiance fonctionnelle<\/strong>, une <strong>ergonomie bien pens\u00e9e<\/strong>, et des <strong>mat\u00e9riaux r\u00e9sistants<\/strong>, pens\u00e9s pour durer. L\u2019espace \u00e0 bord reste g\u00e9n\u00e9reux \u00e0 l\u2019avant comme \u00e0 l\u2019arri\u00e8re, avec un <strong>coffre d\u2019environ 472 litres<\/strong> en version 4\u00d74. De quoi r\u00e9pondre aux besoins des familles sans compromis.<\/p>\n<p><img loading=\"lazy\" decoding=\"async\" class=\"size-full wp-image-28517 webpexpress-processed\" src=\"data:image\/svg+xml,%3Csvg%20xmlns=\" http:=\"\" alt=\"Vue arri\u00e8re du Dacia Duster Hybrid-G 4x4 avec badge 4WD et feux LED\" width=\"1200\" height=\"675\" data-lazy- data-lazy- data-lazy-src=\"https:\/\/www.europesays.com\/fr\/wp-content\/uploads\/2026\/01\/dacia-duster-hybrid-4x4-04.jpg\"\/>\u00c0 l\u2019arri\u00e8re, le Duster affirme sa vocation 4\u00d74 avec un badge 4WD et des lignes simples mais efficaces. Les feux LED modernisent l\u2019ensemble sans surcharger le design. \u00a9 Dacia<br \/>\nCapacit\u00e9s 4\u00d74 r\u00e9elles, sans artifices<\/p>\n<p>Le plus grand m\u00e9rite du Duster 4\u00d74, c\u2019est sa <strong>vraie transmission int\u00e9grale<\/strong>. L\u00e0 o\u00f9 la plupart des SUV compacts se contentent d\u2019un look baroudeur, le mod\u00e8le de Dacia embarque un syst\u00e8me de <strong>motricit\u00e9 permanente adaptative<\/strong>, avec plusieurs modes s\u00e9lectionnables : <strong>2WD, Auto, Lock<\/strong>. En mode Lock, <strong>le couple est r\u00e9parti \u00e9quitablement entre les essieux<\/strong> pour affronter des surfaces glissantes ou d\u00e9form\u00e9es.<\/p>\n<p>Le Duster ne rivalise pas avec un 4\u00d74 pur tel qu\u2019un Suzuki Jimny ou un pick-up, mais il <strong>permet de sortir des sentiers battus<\/strong>, d\u2019affronter <strong>neige, chemins boueux ou pentes humides<\/strong>, avec une efficacit\u00e9 \u00e9tonnante \u00e0 ce prix. <strong>Son bon d\u00e9battement de suspension<\/strong>, sa garde au sol correcte et ses protections sous caisse lui permettent <strong>une vraie polyvalence hors bitume<\/strong>.<\/p>\n<p>Il ne s\u2019agit pas ici de \u201clook SUV\u201d mais <strong>d\u2019un outil adapt\u00e9 \u00e0 la campagne, aux r\u00e9gions montagneuses ou \u00e0 un usage loisir tout-terrain<\/strong>, tout en restant confortable sur route.<\/p>\n<p><img loading=\"lazy\" decoding=\"async\" class=\"size-full wp-image-28516 webpexpress-processed\" src=\"data:image\/svg+xml,%3Csvg%20xmlns=\" http:=\"\" alt=\"Planche de bord du Dacia Duster 2026 avec \u00e9cran tactile 10 pouces et commandes physiques\" width=\"1200\" height=\"675\" data-lazy- data-lazy- data-lazy-src=\"https:\/\/www.europesays.com\/fr\/wp-content\/uploads\/2026\/01\/dacia-duster-hybrid-4x4-03.jpg\"\/>Le poste de conduite reste fonctionnel, avec un nouvel \u00e9cran tactile central de 10 pouces, des a\u00e9rateurs int\u00e9gr\u00e9s et des commandes accessibles. L\u2019ergonomie est pens\u00e9e pour un usage quotidien. \u00a9 Dacia<br \/>\nUne offre qui fait mal \u00e0 la concurrence g\u00e9n\u00e9raliste<\/p>\n<p>Face \u00e0 lui, la concurrence est claire : <strong>Kia Sportage, Hyundai Tucson, Peugeot 3008, Renault Austral<\/strong>\u2026 mais aucun n\u2019offre de <strong>transmission int\u00e9grale v\u00e9ritable<\/strong> sous la barre des 35\u202f000 \u20ac \u2014 et encore moins avec une hybridation simple et un tarif d\u2019acc\u00e8s \u00e0 <strong>28\u202f090 \u20ac<\/strong>.<\/p>\n<p>En se positionnant avec un <strong>moteur essence \u00e9lectrifi\u00e9<\/strong>, une <strong>vraie transmission 4\u00d74<\/strong>, un <strong>\u00e9quipement fonctionnel<\/strong> et un <strong>prix contenu<\/strong>, le Duster 2026 <strong>conserve son ADN d\u2019alternative fut\u00e9e<\/strong>. Il s\u2019adresse toujours \u00e0 une client\u00e8le pragmatique, attach\u00e9e \u00e0 la valeur d\u2019usage plus qu\u2019\u00e0 l\u2019image.<\/p>\n<p>Mais avec sa <strong>nouvelle plateforme, ses aides \u00e0 la conduite modernis\u00e9es et ses motorisations \u00e9lectrifi\u00e9es<\/strong>, le Duster n\u2019est plus simplement un choix par d\u00e9faut. Il devient <strong>une option s\u00e9rieuse<\/strong>, qui ose se frotter aux mod\u00e8les plus chers\u2026 tout en restant fid\u00e8le \u00e0 sa promesse d\u2019origine : <strong>faire plus avec moins<\/strong>.<\/p>\n","protected":false},"excerpt":{"rendered":"En 2026, les SUV compacts flirtent all\u00e8grement avec les 35\u202f000\u202f\u20ac, m\u00eame en version traction, avec des \u00e9quipements parfois&hellip;\n","protected":false},"author":2,"featured_media":668429,"comment_status":"","ping_status":"","sticky":false,"template":"","format":"standard","meta":{"footnotes":""},"categories":[6],"tags":[45503,35,24633,33,34,1011,27],"class_list":{"0":"post-668428","1":"post","2":"type-post","3":"status-publish","4":"format-standard","5":"has-post-thumbnail","7":"category-economie","8":"tag-4x4","9":"tag-business","10":"tag-dacia","11":"tag-economie","12":"tag-economy","13":"tag-fr","14":"tag-france"},"share_on_mastodon":{"url":"https:\/\/pubeurope.com\/@fr\/115906534804626886","error":""},"_links":{"self":[{"href":"https:\/\/www.europesays.com\/fr\/wp-json\/wp\/v2\/posts\/668428","targetHints":{"allow":["GET"]}}],"collection":[{"href":"https:\/\/www.europesays.com\/fr\/wp-json\/wp\/v2\/posts"}],"about":[{"href":"https:\/\/www.europesays.com\/fr\/wp-json\/wp\/v2\/types\/post"}],"author":[{"embeddable":true,"href":"https:\/\/www.europesays.com\/fr\/wp-json\/wp\/v2\/users\/2"}],"replies":[{"embeddable":true,"href":"https:\/\/www.europesays.com\/fr\/wp-json\/wp\/v2\/comments?post=668428"}],"version-history":[{"count":0,"href":"https:\/\/www.europesays.com\/fr\/wp-json\/wp\/v2\/posts\/668428\/revisions"}],"wp:featuredmedia":[{"embeddable":true,"href":"https:\/\/www.europesays.com\/fr\/wp-json\/wp\/v2\/media\/668429"}],"wp:attachment":[{"href":"https:\/\/www.europesays.com\/fr\/wp-json\/wp\/v2\/media?parent=668428"}],"wp:term":[{"taxonomy":"category","embeddable":true,"href":"https:\/\/www.europesays.com\/fr\/wp-json\/wp\/v2\/categories?post=668428"},{"taxonomy":"post_tag","embeddable":true,"href":"https:\/\/www.europesays.com\/fr\/wp-json\/wp\/v2\/tags?post=668428"}],"curies":[{"name":"wp","href":"https:\/\/api.w.org\/{rel}","templated":true}]}}