{"id":668430,"date":"2026-01-16T19:55:11","date_gmt":"2026-01-16T19:55:11","guid":{"rendered":"https:\/\/www.europesays.com\/fr\/668430\/"},"modified":"2026-01-16T19:55:11","modified_gmt":"2026-01-16T19:55:11","slug":"donald-trump-remercie-liran-davoir-annule-toutes-les-pendaisons-prevues-de-manifestants","status":"publish","type":"post","link":"https:\/\/www.europesays.com\/fr\/668430\/","title":{"rendered":"Donald Trump remercie l\u2019Iran d\u2019avoir annul\u00e9 \u00ab\u00a0toutes les pendaisons pr\u00e9vues\u00a0\u00bb de\u00a0manifestants"},"content":{"rendered":"<p>                      <img loading=\"lazy\" decoding=\"async\" src=\"https:\/\/www.europesays.com\/fr\/wp-content\/uploads\/2026\/01\/e52b7a7_ftp-1-rfurxminpqnt-05c87fc153144cca9fe9ee49231c9eac-1-8674320814834d41ac9c383e0f744c93.jpg\" alt=\"Donald Trump r\u00e9pond aux questions des journalistes avant de d\u00e9coller \u00e0 bord de Marine One de la pelouse de la Maison Blanche, vendredi 16\u00a0janvier 2026, \u00e0 Washington.\"   width=\"664\" height=\"443\"\/>    Donald Trump r\u00e9pond aux questions des journalistes avant de d\u00e9coller \u00e0 bord de Marine One de la pelouse de la Maison Blanche, vendredi 16\u00a0janvier 2026, \u00e0 Washington.  EVAN VUCCI \/ AP                          <\/p>\n<p class=\"article__paragraph  \">Le pr\u00e9sident am\u00e9ricain, Donald Trump, a remerci\u00e9 le gouvernement iranien, vendredi\u00a016\u00a0janvier, d\u2019avoir annul\u00e9 \u00ab\u00a0toutes les pendaisons pr\u00e9vues\u00a0\u00bb de manifestants, apr\u00e8s avoir menac\u00e9 T\u00e9h\u00e9ran de \u00ab\u00a0s\u00e9rieuses cons\u00e9quences\u00a0\u00bb si la r\u00e9pression des manifestations venait \u00e0 continuer.<\/p>\n<p class=\"article__paragraph  \">\u00ab\u00a0Je respecte grandement le fait que toutes les pendaisons pr\u00e9vues, qui devaient avoir lieu hier [plus de 800 d\u2019entre elles], ont \u00e9t\u00e9 annul\u00e9es par les dirigeants de l\u2019Iran. Merci\u00a0!\u00a0\u00bb, a-t-il \u00e9crit sur sa plateforme, Truth Social. \u00ab\u00a0Cela a eu un grand impact\u00a0\u00bb, a-t-il ensuite d\u00e9clar\u00e9 dans un \u00e9change avec la presse \u00e0 la Maison Blanche.<\/p>\n<p class=\"article__paragraph  \">\u00ab\u00a0Personne ne m\u2019a convaincu. Je me suis convaincu tout seul\u00a0\u00bb, a par ailleurs r\u00e9pondu Donald Trump \u00e0 une journaliste qui lui demandait si des responsables arabes et isra\u00e9liens l\u2019avaient dissuad\u00e9 de mener des frappes contre l\u2019Iran.<\/p>\n<p class=\"article__paragraph  \">Le pr\u00e9sident am\u00e9ricain avait multipli\u00e9 ces derni\u00e8res semaines les menaces d\u2019intervention, avant d\u2019affirmer mercredi avoir \u00e9t\u00e9 inform\u00e9 \u00ab\u00a0par des sources tr\u00e8s importantes\u00a0\u00bb que \u00ab\u00a0les tueries ont pris fin\u00a0\u00bb. La menace d\u2019une nouvelle action militaire des Etats-Unis contre l\u2019Iran semble ainsi s\u2019\u00e9loigner, alors que ses alli\u00e9s du Golfe sont intervenus aupr\u00e8s de Donald Trump.<\/p>\n<p>                                       Lire aussi |  Article r\u00e9serv\u00e9 \u00e0 nos abonn\u00e9s  <a href=\"https:\/\/www.lemonde.fr\/international\/article\/2026\/01\/16\/les-monarchies-du-golfe-tentent-de-dissuader-donald-trump-d-intervenir-en-iran_6662489_3210.html\" class=\"js-article-read-also catcher--favoris__link\" data-premium=\"1\" id=\"article-title-3454875\" target=\"_blank\" rel=\"noopener\">Iran\u00a0: les monarchies du Golfe tentent de dissuader Donald Trump d\u2019intervenir<\/a>    <\/p>\n<p>   Lire plus tard  <\/p>\n<p class=\"article__paragraph  \">La vague de protestation en Iran, qui a d\u00e9but\u00e9 il y a pr\u00e8s de trois semaines, a \u00e9t\u00e9 \u00e9touff\u00e9e par une violente r\u00e9pression. Pour la premi\u00e8re fois, les autorit\u00e9s ont livr\u00e9 vendredi un chiffre concernant les arrestations\u00a0: quelque 3\u00a0000\u00a0personnes ont \u00e9t\u00e9 interpell\u00e9es, selon des responsables de la s\u00e9curit\u00e9 cit\u00e9s par l\u2019agence de presse iranienne Tasnim, qui \u00e9voque \u00ab\u00a0des individus arm\u00e9s\u00a0\u00bb et \u00ab\u00a0des membres d\u2019organisations terroristes\u00a0\u00bb.<\/p>\n<p class=\"article__paragraph  \">La r\u00e9alit\u00e9 est bien plus noire, selon Iran Human Rights (IHR). Cette ONG bas\u00e9e en Norv\u00e8ge fait d\u00e9sormais \u00e9tat de quelque 20\u00a0000\u00a0arrestations et au moins 3\u00a0428\u00a0personnes tu\u00e9es, des cas v\u00e9rifi\u00e9s par elle-m\u00eame ou par des sources ind\u00e9pendantes. D\u2019autres \u00e9valuations donnent plus de 5\u00a0000\u00a0morts, la coupure d\u2019Internet rendant difficile le travail de v\u00e9rification pour les ONG et les m\u00e9dias.<\/p>\n<p>                                       Lire aussi |  Article r\u00e9serv\u00e9 \u00e0 nos abonn\u00e9s  <a href=\"https:\/\/www.lemonde.fr\/international\/article\/2026\/01\/16\/en-iran-le-durcissement-brutal-du-regime-face-a-la-rue_6662494_3210.html\" class=\"js-article-read-also catcher--favoris__link\" data-premium=\"1\" id=\"article-title-3454864\" target=\"_blank\" rel=\"noopener\">En Iran, le durcissement brutal du r\u00e9gime face \u00e0 la rue<\/a>    <\/p>\n<p>   Lire plus tard  <\/p>\n<p>                          Des t\u00e9moignages \u00ab\u00a0horrifiants\u00a0\u00bb                    <\/p>\n<p class=\"article__paragraph  \">Pour Mahmood Amiry-Moghaddam, directeur de IHR, les autorit\u00e9s iraniennes ont \u00ab\u00a0commis l\u2019un des crimes les plus graves de notre \u00e9poque\u00a0\u00bb. Il invoque \u00ab\u00a0des t\u00e9moignages directs horrifiants\u00a0\u00bb faisant \u00e9tat de \u00ab\u00a0manifestants abattus alors qu\u2019ils tentaient de fuir, de l\u2019utilisation d\u2019armes de guerre et de l\u2019ex\u00e9cution en pleine rue de manifestants bless\u00e9s\u00a0\u00bb.<\/p>\n<p class=\"article__paragraph  \">\u00ab\u00a0Les massacres perp\u00e9tr\u00e9s par les forces de s\u00e9curit\u00e9 iraniennes depuis le 8\u00a0janvier sont sans pr\u00e9c\u00e9dent dans le pays\u00a0\u00bb, estime aussi Lama Fakih, directrice de programme \u00e0 l\u2019ONG Human Rights Watch. La cha\u00eene d\u2019opposition Iran International, op\u00e9rant de l\u2019\u00e9tranger, affirme pour sa part qu\u2019au moins 12\u00a0000\u00a0personnes ont \u00e9t\u00e9 tu\u00e9es, citant des sources gouvernementales et s\u00e9curitaires.<\/p>\n<p>                                       Lire aussi |  Article r\u00e9serv\u00e9 \u00e0 nos abonn\u00e9s  <a href=\"https:\/\/www.lemonde.fr\/international\/article\/2026\/01\/14\/en-iran-la-repression-connait-une-ampleur-inedite-il-y-avait-deux-ou-trois-couches-de-corps-entasses-les-uns-sur-les-autres-dans-les-hangars_6662132_3210.html\" class=\"js-article-read-also catcher--favoris__link\" data-premium=\"1\" id=\"article-title-3454465\" target=\"_blank\" rel=\"noopener\">En Iran, la r\u00e9pression conna\u00eet une ampleur in\u00e9dite\u00a0: \u00ab\u00a0Il y avait deux ou trois couches de corps entass\u00e9s les uns sur les autres dans les hangars\u00a0\u00bb<\/a>    <\/p>\n<p>   Lire plus tard  <\/p>\n<p class=\"article__paragraph  \">Alors que Vladimir Poutine ne s\u2019\u00e9tait pas encore exprim\u00e9 publiquement sur la situation en Iran, il s\u2019est entretenu vendredi avec le pr\u00e9sident iranien, qui l\u2019a remerci\u00e9 du soutien de Moscou. La veille, lors d\u2019une r\u00e9union du Conseil de s\u00e9curit\u00e9 des Nations unies, l\u2019ambassadeur russe Vassili Nebenzia avait reproch\u00e9 aux Etats-unis d\u2019\u00ab\u00a0attiser les tensions et d\u2019alimenter l\u2019hyst\u00e9rie\u00a0\u00bb.<\/p>\n<p> Le Monde M\u00e9morable  <\/p>\n<p> <a href=\"https:\/\/www.lemonde.fr\/memorable\/?rfextension=inread\" class=\"inread__link js-services-inread-link\" target=\"_blank\" rel=\"noopener\">  <\/p>\n<p>Testez votre culture g\u00e9n\u00e9rale avec la r\u00e9daction du \u00ab Monde \u00bb<\/p>\n<p>Testez votre culture g\u00e9n\u00e9rale avec la r\u00e9daction du \u00ab Monde \u00bb<\/p>\n<p>D\u00e9couvrir<\/p>\n<p> <\/a>      <\/p>\n<p> Newsletter  <\/p>\n<p> <a href=\"https:\/\/www.lemonde.fr\/newsletters\/a-la-une\/\" class=\"inread__link js-services-inread-link\" target=\"_blank\" rel=\"noopener\">  <\/p>\n<p>\u00ab A la une \u00bb<\/p>\n<p>Chaque matin, parcourez l&rsquo;essentiel de l&rsquo;actualit\u00e9 du jour avec les derniers titres du \u00ab Monde \u00bb<\/p>\n<p>S&rsquo;inscrire<\/p>\n<p> <\/a>          <\/p>\n<p> Le Monde Application  <\/p>\n<p> <a href=\"https:\/\/lamatinale.onelink.me\/gKMy\/ahw2ubr3\" class=\"inread__link js-services-inread-link\" target=\"_blank\" rel=\"noopener\">  <\/p>\n<p>La Matinale du Monde<\/p>\n<p>Chaque matin, retrouvez notre s\u00e9lection de 20 articles \u00e0 ne pas manquer <\/p>\n<p>T\u00e9l\u00e9charger l&rsquo;application<\/p>\n<p> <\/a>      <\/p>\n<p> Newsletter abonn\u00e9s  <\/p>\n<p> <a href=\"https:\/\/www.lemonde.fr\/newsletters\/international\/\" class=\"inread__link js-services-inread-link\" target=\"_blank\" rel=\"noopener\">  <\/p>\n<p>\u00ab International \u00bb<\/p>\n<p>L\u2019essentiel de l\u2019actualit\u00e9 internationale de la semaine<\/p>\n<p>S&rsquo;inscrire<\/p>\n<p> <\/a>             <\/p>\n<p class=\"article__paragraph  \">Le Kremlin a annonc\u00e9 que M. Poutine avait \u00e9galement discut\u00e9 avec le premier ministre isra\u00e9lien, Benyamin N\u00e9tanyahou. Ce dernier avait parl\u00e9 jeudi \u00e0 Donald Trump, en lui demandant, selon le New York Times, de ne pas intervenir militairement. L\u2019Arabie saoudite, le Qatar et Oman avaient \u00e9galement mis en garde M.\u00a0Trump contre le risque \u00ab\u00a0de graves r\u00e9percussions pour la r\u00e9gion\u00a0\u00bb, selon un haut responsable saoudien interrog\u00e9 par l\u2019Agence France-Presse.<\/p>\n<p class=\"article__paragraph  \">\u00ab\u00a0Toutes les options restent sur la table c\u00f4t\u00e9 am\u00e9ricain\u00a0\u00bb, avait toutefois sp\u00e9cifi\u00e9 jeudi soir la porte-parole de la Maison Blanche, Karoline Leavitt, pr\u00e9cisant que le pr\u00e9sident am\u00e9ricain avait averti T\u00e9h\u00e9ran de \u00ab\u00a0s\u00e9rieuses cons\u00e9quences\u00a0\u00bb si la r\u00e9pression du mouvement de contestation continuait.<\/p>\n<p class=\"article__paragraph  \">En\u00a02025, au moins 1\u00a0500\u00a0condamn\u00e9s \u00e0 mort avaient \u00e9t\u00e9 ex\u00e9cut\u00e9s en Iran, selon un d\u00e9compte publi\u00e9 au d\u00e9but de\u00a0janvier par Iran Human Rights (IHR), qui affirmait qu\u2019il s\u2019agissait du nombre annuel d\u2019ex\u00e9cutions le plus \u00e9lev\u00e9 recens\u00e9 par l\u2019organisation depuis trente-cinq ans.<\/p>\n<p>                                       Lire aussi |  Article r\u00e9serv\u00e9 \u00e0 nos abonn\u00e9s  <a href=\"https:\/\/www.lemonde.fr\/international\/article\/2026\/01\/16\/iran-la-discretion-inaccoutumee-d-israel_6662524_3210.html\" class=\"js-article-read-also catcher--favoris__link\" data-premium=\"1\" id=\"article-title-3454870\" target=\"_blank\" rel=\"noopener\">Iran\u00a0: la discr\u00e9tion inaccoutum\u00e9e d\u2019Isra\u00ebl<\/a>    <\/p>\n<p>   Lire plus tard  <\/p>\n<p class=\"author__detail\">  Le Monde avec AFP  <\/p>\n","protected":false},"excerpt":{"rendered":"Donald Trump r\u00e9pond aux questions des journalistes avant de d\u00e9coller \u00e0 bord de Marine One de la pelouse&hellip;\n","protected":false},"author":2,"featured_media":668431,"comment_status":"","ping_status":"","sticky":false,"template":"","format":"standard","meta":{"footnotes":""},"categories":[5],"tags":[11,1011,27,14,12,28],"class_list":{"0":"post-668430","1":"post","2":"type-post","3":"status-publish","4":"format-standard","5":"has-post-thumbnail","7":"category-international","8":"tag-actualites","9":"tag-fr","10":"tag-france","11":"tag-international","12":"tag-news","13":"tag-world"},"share_on_mastodon":{"url":"https:\/\/pubeurope.com\/@fr\/115906538707034307","error":""},"_links":{"self":[{"href":"https:\/\/www.europesays.com\/fr\/wp-json\/wp\/v2\/posts\/668430","targetHints":{"allow":["GET"]}}],"collection":[{"href":"https:\/\/www.europesays.com\/fr\/wp-json\/wp\/v2\/posts"}],"about":[{"href":"https:\/\/www.europesays.com\/fr\/wp-json\/wp\/v2\/types\/post"}],"author":[{"embeddable":true,"href":"https:\/\/www.europesays.com\/fr\/wp-json\/wp\/v2\/users\/2"}],"replies":[{"embeddable":true,"href":"https:\/\/www.europesays.com\/fr\/wp-json\/wp\/v2\/comments?post=668430"}],"version-history":[{"count":0,"href":"https:\/\/www.europesays.com\/fr\/wp-json\/wp\/v2\/posts\/668430\/revisions"}],"wp:featuredmedia":[{"embeddable":true,"href":"https:\/\/www.europesays.com\/fr\/wp-json\/wp\/v2\/media\/668431"}],"wp:attachment":[{"href":"https:\/\/www.europesays.com\/fr\/wp-json\/wp\/v2\/media?parent=668430"}],"wp:term":[{"taxonomy":"category","embeddable":true,"href":"https:\/\/www.europesays.com\/fr\/wp-json\/wp\/v2\/categories?post=668430"},{"taxonomy":"post_tag","embeddable":true,"href":"https:\/\/www.europesays.com\/fr\/wp-json\/wp\/v2\/tags?post=668430"}],"curies":[{"name":"wp","href":"https:\/\/api.w.org\/{rel}","templated":true}]}}