{"id":668445,"date":"2026-01-16T20:03:11","date_gmt":"2026-01-16T20:03:11","guid":{"rendered":"https:\/\/www.europesays.com\/fr\/668445\/"},"modified":"2026-01-16T20:03:11","modified_gmt":"2026-01-16T20:03:11","slug":"eviter-les-blessures-sur-une-pelouse-synthetique-et-se-qualifier-a-gloucester-le-double-objectif-de-toulon","status":"publish","type":"post","link":"https:\/\/www.europesays.com\/fr\/668445\/","title":{"rendered":"\u00e9viter les blessures sur une pelouse\u00a0synth\u00e9tique et se qualifier \u00e0 Gloucester, le double objectif de Toulon"},"content":{"rendered":"<p>Comment se pr\u00e9parer sur un terrain artificiel\u00a0?<\/p>\n<p>\u00c0 la veille du d\u00e9placement \u00e0 Gloucester, l&rsquo;entra\u00eeneur de Toulon, Pierre Mignoni, reconnaissait la sp\u00e9cificit\u00e9 de la pelouse\u00a0: \u00ab\u00a0Le ballon est beaucoup plus sensible au sol\u00a0\u00bb, \u00ab\u00a0\u00e7a va un peu plus vite\u00a0\u00bb. Pour autant, il avouait que la pr\u00e9paration de son \u00e9quipe n&rsquo;a pas \u00e9t\u00e9 profond\u00e9ment modifi\u00e9e. \u00ab\u00a0On a la chance d&rsquo;avoir notre synth\u00e9tique couvert au Campus donc on travaille un peu dessus, mais pas plus\u00a0\u00bb, pr\u00e9cisait-il, soulignant le contexte d&rsquo;une semaine courte. Pour Mignoni, multiplier les s\u00e9ances serait contre-productif\u00a0: \u00ab\u00a0Ce changement de surface peut faire mal au dos ou aux jambes\u00a0\u00bb nous a-t-il avou\u00e9, \u00ab on essaye justement de ne pas trop en faire.\u00a0\u00bb L&rsquo;accent reste donc mis sur l&rsquo;essentiel\u00a0: le combat, la rigueur technique et la ma\u00eetrise du jeu. \u00ab\u00a0Il ne suffira pas de faire un bon match, il nous faudra faire un grand match.\u00a0\u00bb<\/p>\n","protected":false},"excerpt":{"rendered":"Comment se pr\u00e9parer sur un terrain artificiel\u00a0? \u00c0 la veille du d\u00e9placement \u00e0 Gloucester, l&rsquo;entra\u00eeneur de Toulon, Pierre&hellip;\n","protected":false},"author":2,"featured_media":668446,"comment_status":"","ping_status":"","sticky":false,"template":"","format":"standard","meta":{"footnotes":""},"categories":[9619],"tags":[1111,11,1777,674,1011,27,12,882,25,2310],"class_list":{"0":"post-668445","1":"post","2":"type-post","3":"status-publish","4":"format-standard","5":"has-post-thumbnail","7":"category-toulon","8":"tag-actu","9":"tag-actualites","10":"tag-eu","11":"tag-europe","12":"tag-fr","13":"tag-france","14":"tag-news","15":"tag-provence-alpes-cote-dazur","16":"tag-republique-francaise","17":"tag-toulon"},"share_on_mastodon":{"url":"https:\/\/pubeurope.com\/@fr\/115906570120656113","error":""},"_links":{"self":[{"href":"https:\/\/www.europesays.com\/fr\/wp-json\/wp\/v2\/posts\/668445","targetHints":{"allow":["GET"]}}],"collection":[{"href":"https:\/\/www.europesays.com\/fr\/wp-json\/wp\/v2\/posts"}],"about":[{"href":"https:\/\/www.europesays.com\/fr\/wp-json\/wp\/v2\/types\/post"}],"author":[{"embeddable":true,"href":"https:\/\/www.europesays.com\/fr\/wp-json\/wp\/v2\/users\/2"}],"replies":[{"embeddable":true,"href":"https:\/\/www.europesays.com\/fr\/wp-json\/wp\/v2\/comments?post=668445"}],"version-history":[{"count":0,"href":"https:\/\/www.europesays.com\/fr\/wp-json\/wp\/v2\/posts\/668445\/revisions"}],"wp:featuredmedia":[{"embeddable":true,"href":"https:\/\/www.europesays.com\/fr\/wp-json\/wp\/v2\/media\/668446"}],"wp:attachment":[{"href":"https:\/\/www.europesays.com\/fr\/wp-json\/wp\/v2\/media?parent=668445"}],"wp:term":[{"taxonomy":"category","embeddable":true,"href":"https:\/\/www.europesays.com\/fr\/wp-json\/wp\/v2\/categories?post=668445"},{"taxonomy":"post_tag","embeddable":true,"href":"https:\/\/www.europesays.com\/fr\/wp-json\/wp\/v2\/tags?post=668445"}],"curies":[{"name":"wp","href":"https:\/\/api.w.org\/{rel}","templated":true}]}}