{"id":668456,"date":"2026-01-16T20:10:23","date_gmt":"2026-01-16T20:10:23","guid":{"rendered":"https:\/\/www.europesays.com\/fr\/668456\/"},"modified":"2026-01-16T20:10:23","modified_gmt":"2026-01-16T20:10:23","slug":"un-projet-bloque-depuis-des-annees-ce-gros-groupe-hotelier-va-t-il-sauver-la-transformation-du-palais-du-commerce-de-rennes","status":"publish","type":"post","link":"https:\/\/www.europesays.com\/fr\/668456\/","title":{"rendered":"Un projet bloqu\u00e9 depuis des ann\u00e9es\u00a0: ce gros groupe h\u00f4telier va-t-il sauver la transformation du\u00a0Palais du commerce de Rennes\u00a0?"},"content":{"rendered":"<p>Est-ce enfin l\u2019\u00e9pilogue d\u2019une interminable saga d\u00e9marr\u00e9e en 2019 ? Apr\u00e8s des ann\u00e9es d\u2019incertitude, le ciel semble se d\u00e9gager pour le Palais du commerce \u00e0 Rennes. Le projet de r\u00e9habilitation de ce b\u00e2timent historique de 12 000 m\u00b2, situ\u00e9 place de la R\u00e9publique, est sur le point d\u2019\u00eatre relanc\u00e9 par un acteur local, a appris le T\u00e9l\u00e9gramme : le groupe h\u00f4telier Vicartem.<\/p>\n<p>Des discussions avanc\u00e9es<\/p>\n<p>La rumeur avait commenc\u00e9 \u00e0 s\u2019\u00e9bruiter en juin dernier lors d\u2019une s\u00e9ance du conseil municipal. Marc Herv\u00e9, premier adjoint \u00e0 l\u2019Urbanisme, \u00e9voquait avec confiance l\u2019arriv\u00e9e d\u2019un tout nouvel acteur pour d\u00e9nouer ce dossier complexe. \u00ab L\u2019exploitant pr\u00e9vu pourrait \u00e9galement devenir l\u2019investisseur pour pouvoir \u00e9viter les tensions autour du mod\u00e8le \u00e9conomique \u00bb, pr\u00e9cisait-il alors. \u00ab On fait un travail d\u2019accompagnement pour permettre le d\u00e9p\u00f4t d\u2019un permis de construire. \u00bb<\/p>\n<p>Selon nos informations, des discussions avanc\u00e9es sont en cours entre La Poste Immo, propri\u00e9taire des murs, et le groupe Vicartem. Si La Poste temp\u00e8re en pr\u00e9cisant que rien n\u2019est encore contractualis\u00e9, les intentions du repreneur potentiel soul\u00e8vent de nombreuses interrogations.<\/p>\n<p>Propri\u00e9taire du Bathazar<\/p>\n<p>Vicartem souhaite-t-il racheter une partie du b\u00e2timent pour installer un h\u00f4tel, comme l\u2019affirment plusieurs sources bien int\u00e9gr\u00e9es dans le milieu des affaires ? Prendrait-il aussi en main la commercialisation des futures cellules commerciales ? Et que deviendrait alors le groupe Frey, am\u00e9nageur historique derri\u00e8re ce projet ? Le montage exact de cette op\u00e9ration demeure inconnu. Contact\u00e9 par Le T\u00e9l\u00e9gramme, le groupe Vicartem n\u2019a pas souhait\u00e9 s\u2019exprimer renvoyant \u00e0 une communication \u00ab fin janvier \u00bb.<\/p>\n<p>Fond\u00e9e par C\u00e9line et S\u00e9bastien Meslin, la soci\u00e9t\u00e9 Vicartem est d\u00e9j\u00e0 bien ancr\u00e9e dans le paysage breton. Propri\u00e9taire notamment de <a href=\"https:\/\/www.letelegramme.fr\/ille-et-vilaine\/rennes-35000\/creer-plus-de-liens-avec-les-rennais-quels-enjeux-pour-l-hotel-de-luxe-le-balthazar-4081467.php\" target=\"_blank\" rel=\"noopener\">l\u2019h\u00f4tel 5 \u00e9toiles Balthazar<\/a> ou de la boutique Herm\u00e8s du c\u00e9l\u00e8bre passage Pommeraye \u00e0 Nantes, le groupe poss\u00e8de aujourd\u2019hui 13 h\u00f4tels et environ 90 SCI immobili\u00e8res. En 2023, il avait rachet\u00e9 <a href=\"https:\/\/www.letelegramme.fr\/ille-et-vilaine\/rennes-35000\/a-rennes-lhotel-dieu-rachete-par-un-grand-groupe-hotelier-exclusif-6468210.php\" target=\"_blank\" rel=\"noopener\">une partie de l\u2019H\u00f4tel-Dieu<\/a> pour y d\u00e9velopper des activit\u00e9s de loisirs et de services. R\u00e9cemment, <a href=\"https:\/\/www.letelegramme.fr\/ille-et-vilaine\/rennes-35000\/ce-restaurant-emblematique-de-rennes-avait-ete-vendu-aux-encheres-voici-qui-est-le-nouveau-proprietaire-6965843.php\" target=\"_blank\" rel=\"noopener\">il a aussi repris le restaurant L\u00e9on Le Cochon<\/a>, situ\u00e9 juste derri\u00e8re le Palais du commerce, lors d\u2019une mise aux ench\u00e8res.<\/p>\n<p>Une r\u00e9habilitation attendue depuis 2019<\/p>\n<p>Depuis le tout d\u00e9part, ce dossier de r\u00e9habilitation n\u2019aura <a href=\"https:\/\/www.letelegramme.fr\/ille-et-vilaine\/rennes-35000\/commerce-a-rennes-pourquoi-ce-projet-dampleur-est-au-point-mort-exclusif-6598628.php\" target=\"_blank\" rel=\"noopener\">pas \u00e9t\u00e9 un long fleuve tranquille<\/a>. Pr\u00e9sent\u00e9 en grande pompe en 2019, le projet baptis\u00e9 Renaissance avait rapidement perdu de nombreuses plumes, notamment apr\u00e8s le refus de l\u2019architecte des b\u00e2timents de France concernant l\u2019extension en verre pr\u00e9vue sur la placette Joffre. Ce revers architectural avait \u00e9t\u00e9 suivi par le d\u00e9part des enseignes locomotives : Citadium, Decathlon City ou encore Lego avaient tous fini par jeter l\u2019\u00e9ponge.<\/p>\n<p>Cette nouvelle impulsion gr\u00e2ce \u00e0 Vicartem permettra-t-elle enfin de d\u00e9poser le permis de construire tant attendu ? Le Palais du commerce deviendra-t-il la fameuse locomotive commerciale qu\u2019esp\u00e9rait la municipalit\u00e9 ? En raison d\u2019un contexte \u00e9conomique tendu, les discussions s\u2019\u00e9taient enlis\u00e9es ces derni\u00e8res ann\u00e9es entre les diff\u00e9rents acteurs de ce projet priv\u00e9. Reste une derni\u00e8re inconnue de taille : le co\u00fbt de ce nouveau projet, dont l\u2018enveloppe initiale de 65 M\u20ac semble aujourd\u2019hui d\u00e9pass\u00e9e.<\/p>\n","protected":false},"excerpt":{"rendered":"Est-ce enfin l\u2019\u00e9pilogue d\u2019une interminable saga d\u00e9marr\u00e9e en 2019 ? Apr\u00e8s des ann\u00e9es d\u2019incertitude, le ciel semble se&hellip;\n","protected":false},"author":2,"featured_media":668457,"comment_status":"","ping_status":"","sticky":false,"template":"","format":"standard","meta":{"footnotes":""},"categories":[2821],"tags":[1111,11,829,2033,765,1777,674,1011,27,848,12,50972,584,25],"class_list":{"0":"post-668456","1":"post","2":"type-post","3":"status-publish","4":"format-standard","5":"has-post-thumbnail","7":"category-rennes","8":"tag-actu","9":"tag-actualites","10":"tag-bretagne","11":"tag-commerces-a-rennes","12":"tag-en-continu","13":"tag-eu","14":"tag-europe","15":"tag-fr","16":"tag-france","17":"tag-ille-et-vilaine","18":"tag-news","19":"tag-newsletter-la-rennes-quotidienne","20":"tag-rennes","21":"tag-republique-francaise"},"share_on_mastodon":{"url":"https:\/\/pubeurope.com\/@fr\/115906597564506325","error":""},"_links":{"self":[{"href":"https:\/\/www.europesays.com\/fr\/wp-json\/wp\/v2\/posts\/668456","targetHints":{"allow":["GET"]}}],"collection":[{"href":"https:\/\/www.europesays.com\/fr\/wp-json\/wp\/v2\/posts"}],"about":[{"href":"https:\/\/www.europesays.com\/fr\/wp-json\/wp\/v2\/types\/post"}],"author":[{"embeddable":true,"href":"https:\/\/www.europesays.com\/fr\/wp-json\/wp\/v2\/users\/2"}],"replies":[{"embeddable":true,"href":"https:\/\/www.europesays.com\/fr\/wp-json\/wp\/v2\/comments?post=668456"}],"version-history":[{"count":0,"href":"https:\/\/www.europesays.com\/fr\/wp-json\/wp\/v2\/posts\/668456\/revisions"}],"wp:featuredmedia":[{"embeddable":true,"href":"https:\/\/www.europesays.com\/fr\/wp-json\/wp\/v2\/media\/668457"}],"wp:attachment":[{"href":"https:\/\/www.europesays.com\/fr\/wp-json\/wp\/v2\/media?parent=668456"}],"wp:term":[{"taxonomy":"category","embeddable":true,"href":"https:\/\/www.europesays.com\/fr\/wp-json\/wp\/v2\/categories?post=668456"},{"taxonomy":"post_tag","embeddable":true,"href":"https:\/\/www.europesays.com\/fr\/wp-json\/wp\/v2\/tags?post=668456"}],"curies":[{"name":"wp","href":"https:\/\/api.w.org\/{rel}","templated":true}]}}