{"id":668462,"date":"2026-01-16T20:13:13","date_gmt":"2026-01-16T20:13:13","guid":{"rendered":"https:\/\/www.europesays.com\/fr\/668462\/"},"modified":"2026-01-16T20:13:13","modified_gmt":"2026-01-16T20:13:13","slug":"marine-tondelier-chante-son-soutien-a-jeanne-barseghian-lors-dun-meeting-karaoke-2","status":"publish","type":"post","link":"https:\/\/www.europesays.com\/fr\/668462\/","title":{"rendered":"Marine Tondelier chante son soutien \u00e0 Jeanne Barseghian lors d\u2019un meeting-karaok\u00e9"},"content":{"rendered":"<p>Ce moment de communion entre la maire sortante, l\u2019actuelle secr\u00e9taire nationale des \u00c9cologistes et les militants se d\u00e9roule au Karmen Camina, dans l\u2019enceinte de la Manufacture des tabacs. Il cl\u00f4ture une journ\u00e9e de visite de <a href=\"https:\/\/www.dna.fr\/p\/marine-tondelier\" target=\"_blank\" rel=\"noopener\">Marine Tondelier<\/a>, venue r\u00e9assurer son soutien \u00e0 <a href=\"https:\/\/www.dna.fr\/p\/jeanne-barseghian\" target=\"_blank\" rel=\"noopener\">Jeanne Barseghian<\/a> \u00a0: \u00ab\u00a0Je l\u2019adore, elle est exceptionnelle\u00a0!\u00a0\u00bb<\/p>\n<p>  Salle comble et ambiance de meeting<\/p>\n<p>Avant de passer \u00e0 la chanson, les deux femmes se sont exprim\u00e9es au pupitre de ce qui devait \u00eatre une soir\u00e9e de v\u0153ux\u2026 mais qui s\u2019est vite r\u00e9v\u00e9l\u00e9 \u00eatre un v\u00e9ritable meeting de campagne. Militants et soutiens constituent d\u2019ailleurs la grande majorit\u00e9 des 250 personnes pr\u00e9sentes (la jauge maximale, plus d\u2019une cinquantaine de personnes n\u2019ont pas pu rentrer).<\/p>\n<p>Premi\u00e8re au micro, Marine Tondelier f\u00e9licite son acolyte d\u2019avoir fait de Strasbourg \u00ab\u00a0une ville refuge\u00a0\u00bb, avant d\u2019encourager les militants.<\/p>\n<p>Jeanne Barseghian est ensuite mont\u00e9e sur sc\u00e8ne en invitant avec elle les repr\u00e9sentants <a href=\"https:\/\/www.dna.fr\/elections\/2025\/12\/16\/generation-s-debout-et-l-apres-apportent-leur-soutien-a-jeanne-barseghian\" target=\"_blank\" rel=\"noopener\">des diff\u00e9rents mouvements la soutenant<\/a> (Place publique, G\u00e9n\u00e9ration\u00b7s, Alternative alsacienne, Debout\u00a0! \u2026), puis a r\u00e9sum\u00e9 les premi\u00e8res mesures de son programme. Apr\u00e8s un petit tacle aux oppositions, auxquelles elle reproche \u00ab\u00a0d\u2019avoir instrumentalis\u00e9 <a href=\"https:\/\/www.dna.fr\/d\/tram-nord-de-l-eurometropole-de-strasbourg-quelle-suite-apres-l-avis-defavorable-de-la-commission-d-enquete-f583c350-74f4-4fc1-95df-839101ae226a\" target=\"_blank\" rel=\"noopener\">le tram nord<\/a> pour avoir le pouvoir\u00a0\u00bb, la maire sortante affirme \u00eatre \u00ab\u00a0tr\u00e8s confiante et d\u00e9termin\u00e9e\u00a0!\u00a0\u00bb<\/p>\n<p>  Une candidate \u00ab\u00a0confiante et d\u00e9termin\u00e9e\u00a0\u00bb<\/p>\n<p>Pour finir, la question que vous vous posez tous\u00a0: quelle chanson ont interpr\u00e9t\u00e9 les deux femmes\u00a0? Il y est question de \u00ab\u00a0milliers de c\u0153urs qui ont droit au bonheur\u00a0\u00bb et de refuser \u00ab\u00a0ce monde \u00e9go\u00efste\u00a0\u00bb. Vous aurez reconnu R\u00e9siste , de France Gall. D\u2019autres \u00e9lus se sont \u00e9galement laiss\u00e9s tent\u00e9s par le micro. Certains avaient m\u00eame \u00e9crit une hymne aux \u00e9colos et \u00e0 Jeanne Barseghian\u2026 pour l\u2019occasion.<\/p>\n","protected":false},"excerpt":{"rendered":"Ce moment de communion entre la maire sortante, l\u2019actuelle secr\u00e9taire nationale des \u00c9cologistes et les militants se d\u00e9roule&hellip;\n","protected":false},"author":2,"featured_media":668461,"comment_status":"","ping_status":"","sticky":false,"template":"","format":"standard","meta":{"footnotes":""},"categories":[2820],"tags":[1111,11,1984,2880,5949,1777,674,107,1011,27,775,3539,12,316,25,640,2879],"class_list":{"0":"post-668462","1":"post","2":"type-post","3":"status-publish","4":"format-standard","5":"has-post-thumbnail","7":"category-strasbourg","8":"tag-actu","9":"tag-actualites","10":"tag-conseil-municipal","11":"tag-edition-strasbourg","12":"tag-elections","13":"tag-eu","14":"tag-europe","15":"tag-fil-info","16":"tag-fr","17":"tag-france","18":"tag-grand-est","19":"tag-les-ecologistes","20":"tag-news","21":"tag-politique","22":"tag-republique-francaise","23":"tag-strasbourg","24":"tag-strasbourg-ville"},"share_on_mastodon":{"url":"https:\/\/pubeurope.com\/@fr\/115906609502767738","error":""},"_links":{"self":[{"href":"https:\/\/www.europesays.com\/fr\/wp-json\/wp\/v2\/posts\/668462","targetHints":{"allow":["GET"]}}],"collection":[{"href":"https:\/\/www.europesays.com\/fr\/wp-json\/wp\/v2\/posts"}],"about":[{"href":"https:\/\/www.europesays.com\/fr\/wp-json\/wp\/v2\/types\/post"}],"author":[{"embeddable":true,"href":"https:\/\/www.europesays.com\/fr\/wp-json\/wp\/v2\/users\/2"}],"replies":[{"embeddable":true,"href":"https:\/\/www.europesays.com\/fr\/wp-json\/wp\/v2\/comments?post=668462"}],"version-history":[{"count":0,"href":"https:\/\/www.europesays.com\/fr\/wp-json\/wp\/v2\/posts\/668462\/revisions"}],"wp:featuredmedia":[{"embeddable":true,"href":"https:\/\/www.europesays.com\/fr\/wp-json\/wp\/v2\/media\/668461"}],"wp:attachment":[{"href":"https:\/\/www.europesays.com\/fr\/wp-json\/wp\/v2\/media?parent=668462"}],"wp:term":[{"taxonomy":"category","embeddable":true,"href":"https:\/\/www.europesays.com\/fr\/wp-json\/wp\/v2\/categories?post=668462"},{"taxonomy":"post_tag","embeddable":true,"href":"https:\/\/www.europesays.com\/fr\/wp-json\/wp\/v2\/tags?post=668462"}],"curies":[{"name":"wp","href":"https:\/\/api.w.org\/{rel}","templated":true}]}}