{"id":668467,"date":"2026-01-16T20:17:11","date_gmt":"2026-01-16T20:17:11","guid":{"rendered":"https:\/\/www.europesays.com\/fr\/668467\/"},"modified":"2026-01-16T20:17:11","modified_gmt":"2026-01-16T20:17:11","slug":"nantes-un-policier-condamne-a-sept-de-prison-pour-un-tir-mortel-lors-dun-controle","status":"publish","type":"post","link":"https:\/\/www.europesays.com\/fr\/668467\/","title":{"rendered":"Nantes : Un policier condamn\u00e9 \u00e0 sept de prison pour un tir mortel lors d\u2019un contr\u00f4le"},"content":{"rendered":"<p class=\"mb-4 text-lg md:leading-8 break-words\"><strong>VIOLENCES POLICI\u00c8RES &#8211; Condamn\u00e9 \u00e0 sept ans de prison ferme avec incarc\u00e9ration imm\u00e9diate, un ex-policier a \u00e9t\u00e9 reconnu coupable d\u2019avoir mortellement tir\u00e9 sur Aboubacar Fofana lors d\u2019un contr\u00f4le \u00e0 Nantes en\u00a02018<\/strong><\/p>\n<p class=\"mb-4 text-lg md:leading-8 break-words\">Sept ans de prison ferme et une incarc\u00e9ration imm\u00e9diate\u00a0: la cour criminelle de <a href=\"https:\/\/www.20minutes.fr\/societe\/loire-atlantique\/?at_medium=RSS%20feed&amp;at_campaign=ynews&amp;utm_source=yahoo&amp;utm_medium=rss&amp;utm_campaign=news_feed&amp;utm_content=in_article_link\" rel=\"nofollow noopener\" target=\"_blank\" data-ylk=\"slk:Loire-Atlantique;elm:context_link;itc:0;sec:content-canvas\" class=\"link \">Loire-Atlantique<\/a> a condamn\u00e9 vendredi un policier aujourd\u2019hui retrait\u00e9 pour avoir tir\u00e9 sur <a href=\"https:\/\/www.20minutes.fr\/nantes\/4195556-20260112-mort-aboubacar-fofana-nantes-crs-accuse-tir-mortel-juge-devant-cour-criminelle?at_medium=RSS%20feed&amp;at_campaign=ynews&amp;utm_source=yahoo&amp;utm_medium=rss&amp;utm_campaign=news_feed&amp;utm_content=in_article_link\" rel=\"nofollow noopener\" target=\"_blank\" data-ylk=\"slk:Aboubacar Fofana;elm:context_link;itc:0;sec:content-canvas\" class=\"link \">Aboubacar Fofana<\/a>, 22 ans, lors d\u2019un contr\u00f4le \u00e0 <a href=\"https:\/\/www.20minutes.fr\/nantes\/?at_medium=RSS%20feed&amp;at_campaign=ynews&amp;utm_source=yahoo&amp;utm_medium=rss&amp;utm_campaign=news_feed&amp;utm_content=in_article_link\" rel=\"nofollow noopener\" target=\"_blank\" data-ylk=\"slk:Nantes;elm:context_link;itc:0;sec:content-canvas\" class=\"link \">Nantes<\/a> en juillet\u00a02018. La juridiction a \u00e9cart\u00e9 la version du tir accidentel avanc\u00e9e par l\u2019accus\u00e9 et a assorti la peine d\u2019un mandat de d\u00e9p\u00f4t, allant au-del\u00e0 des r\u00e9quisitions de l\u2019avocat g\u00e9n\u00e9ral, qui avait demand\u00e9 quatre ans de prison dont deux avec sursis.<\/p>\n<p class=\"mb-4 text-lg md:leading-8 break-words\">Apr\u00e8s le verdict, Me Laurent-Franck Li\u00e9nard, avocat de la d\u00e9fense, a annonc\u00e9 faire appel. \u00ab\u00a0C\u2019est totalement inhumain. Je n\u2019ai m\u00eame pas les mots\u00a0\u00bb, a-t-il d\u00e9clar\u00e9 devant la presse. A l\u2019inverse, la famille de la victime a salu\u00e9 la d\u00e9cision\u00a0: \u00ab\u00a0On a le sentiment que la justice est pass\u00e9e. On a le sentiment d\u2019avoir \u00e9t\u00e9 entendus et on a le sentiment que la justice a r\u00e9pondu \u00e0 la hauteur de la gravit\u00e9 des faits\u00a0\u00bb, a r\u00e9agi aupr\u00e8s de l\u2019AFP Me Anne Bouillon, avocate des proches.<\/p>\n<p>De la l\u00e9gitime d\u00e9fense \u00e0 la th\u00e8se de l\u2019accident<\/p>\n<p class=\"mb-4 text-lg md:leading-8 break-words\">Les faits remontent \u00e0 un contr\u00f4le dans le quartier du Breil. Au volant, Aboubacar Fofana, qui faisait l\u2019objet d\u2019un mandat d\u2019arr\u00eat, avait donn\u00e9 une fausse identit\u00e9, puis tent\u00e9 de fuir en marche arri\u00e8re, percutant un v\u00e9hicule gar\u00e9 avant de repartir. Les t\u00e9moins ne s\u2019accordent pas sur le moment exact du coup de feu, mais le jeune homme a \u00e9t\u00e9 touch\u00e9 par balle au cou et est mort \u00e0 l\u2019h\u00f4pital. D\u2019abord \u00e9voqu\u00e9e, la l\u00e9gitime d\u00e9fense a \u00e9t\u00e9 abandonn\u00e9e par le policier, qui a soutenu pendant l\u2019enqu\u00eate que le (&#8230;)<\/p>\n<p class=\"mb-4 text-lg md:leading-8 break-words\"><a href=\"https:\/\/www.20minutes.fr\/justice\/4196524-20260116-nantes-policier-condamne-sept-prison-tir-mortel-lors-controle?at_medium=RSS%20feed&amp;at_campaign=ynews&amp;utm_source=yahoo&amp;utm_medium=rss&amp;utm_campaign=news_feed&amp;utm_content=read_more_link&quot;\" rel=\"nofollow noopener\" target=\"_blank\" data-ylk=\"slk:Lire la suite sur 20minutes;elm:context_link;itc:0;sec:content-canvas\" class=\"link \">Lire la suite sur 20minutes<\/a><\/p>\n<p>\u00c0 lire aussi :<br \/><a href=\"https:\/\/www.20minutes.fr\/nantes\/4195556-20260112-mort-aboubacar-fofana-nantes-crs-accuse-tir-mortel-juge-devant-cour-criminelle?at_medium=RSS%20feed&amp;at_campaign=ynews&amp;utm_source=yahoo&amp;utm_medium=rss&amp;utm_campaign=news_feed&amp;utm_content=related_content_link\" rel=\"nofollow noopener\" target=\"_blank\" data-ylk=\"slk:Mort d\u2019Aboubacar Fofana \u00e0 Nantes\u00a0: Le CRS accus\u00e9 de tir mortel est jug\u00e9 devant la cour criminelle;elm:context_link;itc:0;sec:content-canvas\" class=\"link \">Mort d\u2019Aboubacar Fofana \u00e0 Nantes\u00a0: Le CRS accus\u00e9 de tir mortel est jug\u00e9 devant la cour criminelle<\/a><br \/><a href=\"https:\/\/www.20minutes.fr\/justice\/4180147-20251018-seine-saint-denis-parquet-requiert-proces-contre-deux-policiers-violences-volontaires?at_medium=RSS%20feed&amp;at_campaign=ynews&amp;utm_source=yahoo&amp;utm_medium=rss&amp;utm_campaign=news_feed&amp;utm_content=related_content_link\" rel=\"nofollow noopener\" target=\"_blank\" data-ylk=\"slk:Seine-Saint-Denis\u00a0: Le parquet requiert un proc\u00e8s contre deux policiers pour violences volontaires;elm:context_link;itc:0;sec:content-canvas\" class=\"link \">Seine-Saint-Denis\u00a0: Le parquet requiert un proc\u00e8s contre deux policiers pour violences volontaires<\/a><\/p>\n","protected":false},"excerpt":{"rendered":"VIOLENCES POLICI\u00c8RES &#8211; Condamn\u00e9 \u00e0 sept ans de prison ferme avec incarc\u00e9ration imm\u00e9diate, un ex-policier a \u00e9t\u00e9 reconnu&hellip;\n","protected":false},"author":2,"featured_media":668468,"comment_status":"","ping_status":"","sticky":false,"template":"","format":"standard","meta":{"footnotes":""},"categories":[2818],"tags":[76862,1111,11,76863,1777,674,1011,27,23437,766,12,2636,806,13457,25,7374],"class_list":{"0":"post-668467","1":"post","2":"type-post","3":"status-publish","4":"format-standard","5":"has-post-thumbnail","7":"category-nantes","8":"tag-aboubacar-fofana","9":"tag-actu","10":"tag-actualites","11":"tag-avocat-de-la-defense","12":"tag-eu","13":"tag-europe","14":"tag-fr","15":"tag-france","16":"tag-mandat-de-depot","17":"tag-nantes","18":"tag-news","19":"tag-pays-de-la-loire","20":"tag-prison","21":"tag-prison-ferme","22":"tag-republique-francaise","23":"tag-violences-policieres"},"share_on_mastodon":{"url":"https:\/\/pubeurope.com\/@fr\/115906625073623412","error":""},"_links":{"self":[{"href":"https:\/\/www.europesays.com\/fr\/wp-json\/wp\/v2\/posts\/668467","targetHints":{"allow":["GET"]}}],"collection":[{"href":"https:\/\/www.europesays.com\/fr\/wp-json\/wp\/v2\/posts"}],"about":[{"href":"https:\/\/www.europesays.com\/fr\/wp-json\/wp\/v2\/types\/post"}],"author":[{"embeddable":true,"href":"https:\/\/www.europesays.com\/fr\/wp-json\/wp\/v2\/users\/2"}],"replies":[{"embeddable":true,"href":"https:\/\/www.europesays.com\/fr\/wp-json\/wp\/v2\/comments?post=668467"}],"version-history":[{"count":0,"href":"https:\/\/www.europesays.com\/fr\/wp-json\/wp\/v2\/posts\/668467\/revisions"}],"wp:featuredmedia":[{"embeddable":true,"href":"https:\/\/www.europesays.com\/fr\/wp-json\/wp\/v2\/media\/668468"}],"wp:attachment":[{"href":"https:\/\/www.europesays.com\/fr\/wp-json\/wp\/v2\/media?parent=668467"}],"wp:term":[{"taxonomy":"category","embeddable":true,"href":"https:\/\/www.europesays.com\/fr\/wp-json\/wp\/v2\/categories?post=668467"},{"taxonomy":"post_tag","embeddable":true,"href":"https:\/\/www.europesays.com\/fr\/wp-json\/wp\/v2\/tags?post=668467"}],"curies":[{"name":"wp","href":"https:\/\/api.w.org\/{rel}","templated":true}]}}